{"id":105620,"date":"2025-05-16T23:38:13","date_gmt":"2025-05-16T23:38:13","guid":{"rendered":"https:\/\/www.europesays.com\/fr\/105620\/"},"modified":"2025-05-16T23:38:13","modified_gmt":"2025-05-16T23:38:13","slug":"phillips-66-cede-65-de-ses-activites-de-distribution-en-allemagne-et-autriche","status":"publish","type":"post","link":"https:\/\/www.europesays.com\/fr\/105620\/","title":{"rendered":"Phillips 66 c\u00e8de 65 % de ses activit\u00e9s de distribution en Allemagne et Autriche"},"content":{"rendered":"<p>Le groupe p\u00e9trolier am\u00e9ricain Phillips 66 a annonc\u00e9 la vente de 65 % de sa division de distribution de carburants en Allemagne et en Autriche \u00e0 un consortium conduit par Energy Equation Partners et Stonepeak. L\u2019accord valorise l\u2019ensemble de l\u2019activit\u00e9 \u00e0 $2.8bn, et comprend un r\u00e9seau de 970 stations-service, dont 843 op\u00e8rent sous la marque JET.<\/p>\n<p>Cette cession intervient alors que la soci\u00e9t\u00e9 bas\u00e9e \u00e0 Houston fait face \u00e0 une pression croissante d\u2019Elliott Investment Management, actionnaire \u00e0 hauteur de $2.5bn, qui r\u00e9clame une r\u00e9orientation strat\u00e9gique et une restructuration du conseil d\u2019administration. Phillips 66, qui conservera une participation non op\u00e9rationnelle de 35 % dans la coentreprise nouvellement cr\u00e9\u00e9e, pr\u00e9voit de finaliser la transaction au second semestre 2025.<\/p>\n<p>Un recentrage strat\u00e9gique sous pression activiste<\/p>\n<p>Elliott Investment Management cherche \u00e0 forcer des changements majeurs chez Phillips 66, y compris la cession de ses activit\u00e9s interm\u00e9diaires. Le fonds activiste est soutenu dans cette d\u00e9marche par les agences de conseil en vote Institutional Shareholder Services (ISS) et Glass Lewis, qui recommandent aux actionnaires d\u2019approuver les candidats propos\u00e9s par Elliott lors de l\u2019assembl\u00e9e g\u00e9n\u00e9rale pr\u00e9vue le 21 mai.<\/p>\n<p>Dans ce contexte, Phillips 66 entend affecter environ $1.6bn de liquidit\u00e9s avant imp\u00f4ts issues de la vente au d\u00e9sendettement et \u00e0 la r\u00e9mun\u00e9ration des actionnaires. Cette strat\u00e9gie pourrait favoriser l\u2019adh\u00e9sion de ses investisseurs actuels \u00e0 la nouvelle gouvernance propos\u00e9e.<\/p>\n<p>Maintien des liens op\u00e9rationnels avec la raffinerie de Karlsruhe<\/p>\n<p>En parall\u00e8le de la cession, Phillips 66 continuera de fournir les carburants au r\u00e9seau de stations-service \u00e0 partir de sa raffinerie MiRO situ\u00e9e \u00e0 Karlsruhe, en Allemagne, dans le cadre d\u2019un contrat pluriannuel. Cette raffinerie produit principalement des carburants pour le transport, des mati\u00e8res premi\u00e8res p\u00e9trochimiques et du fioul domestique.<\/p>\n<p>L\u2019op\u00e9ration permet \u00e0 Phillips 66 de r\u00e9duire son exposition directe aux activit\u00e9s de distribution en Europe, tout en conservant une position commerciale par le biais de l\u2019approvisionnement. L\u2019entreprise n\u2019a pas comment\u00e9 l\u2019impact potentiel de cette vente sur ses effectifs ou sur ses autres activit\u00e9s internationales.<\/p>\n","protected":false},"excerpt":{"rendered":"Le groupe p\u00e9trolier am\u00e9ricain Phillips 66 a annonc\u00e9 la vente de 65 % de sa division de distribution&hellip;\n","protected":false},"author":2,"featured_media":105621,"comment_status":"","ping_status":"","sticky":false,"template":"","format":"standard","meta":{"footnotes":""},"categories":[1587],"tags":[11,672,1804,1805,1803,1777,674,1801,12,22257,1802],"class_list":{"0":"post-105620","1":"post","2":"type-post","3":"status-publish","4":"format-standard","5":"has-post-thumbnail","7":"category-allemagne","8":"tag-actualites","9":"tag-allemagne","10":"tag-bundesrepublik-deutschland","11":"tag-de","12":"tag-deutschland","13":"tag-eu","14":"tag-europe","15":"tag-germany","16":"tag-news","17":"tag-raffinerie","18":"tag-republique-federale-dallemagne"},"share_on_mastodon":{"url":"https:\/\/pubeurope.com\/@fr\/114520149444613768","error":""},"_links":{"self":[{"href":"https:\/\/www.europesays.com\/fr\/wp-json\/wp\/v2\/posts\/105620","targetHints":{"allow":["GET"]}}],"collection":[{"href":"https:\/\/www.europesays.com\/fr\/wp-json\/wp\/v2\/posts"}],"about":[{"href":"https:\/\/www.europesays.com\/fr\/wp-json\/wp\/v2\/types\/post"}],"author":[{"embeddable":true,"href":"https:\/\/www.europesays.com\/fr\/wp-json\/wp\/v2\/users\/2"}],"replies":[{"embeddable":true,"href":"https:\/\/www.europesays.com\/fr\/wp-json\/wp\/v2\/comments?post=105620"}],"version-history":[{"count":0,"href":"https:\/\/www.europesays.com\/fr\/wp-json\/wp\/v2\/posts\/105620\/revisions"}],"wp:featuredmedia":[{"embeddable":true,"href":"https:\/\/www.europesays.com\/fr\/wp-json\/wp\/v2\/media\/105621"}],"wp:attachment":[{"href":"https:\/\/www.europesays.com\/fr\/wp-json\/wp\/v2\/media?parent=105620"}],"wp:term":[{"taxonomy":"category","embeddable":true,"href":"https:\/\/www.europesays.com\/fr\/wp-json\/wp\/v2\/categories?post=105620"},{"taxonomy":"post_tag","embeddable":true,"href":"https:\/\/www.europesays.com\/fr\/wp-json\/wp\/v2\/tags?post=105620"}],"curies":[{"name":"wp","href":"https:\/\/api.w.org\/{rel}","templated":true}]}}