{"id":105622,"date":"2025-05-16T23:39:09","date_gmt":"2025-05-16T23:39:09","guid":{"rendered":"https:\/\/www.europesays.com\/fr\/105622\/"},"modified":"2025-05-16T23:39:09","modified_gmt":"2025-05-16T23:39:09","slug":"erasmus-france-education-formation-et-le-mois-de-leurope","status":"publish","type":"post","link":"https:\/\/www.europesays.com\/fr\/105622\/","title":{"rendered":"Erasmus+ France \/ Education Formation et le mois de l&rsquo;Europe"},"content":{"rendered":"<p>                                    <a href=\"https:\/\/www.rfi.fr\/fr\/podcasts\/vivre-ailleurs\/\" title=\"Vivre ailleurs\" target=\"_blank\" rel=\"noopener\"><\/p>\n<p>        <img decoding=\"async\" fetchpriority=\"high\" src=\"https:\/\/www.europesays.com\/fr\/wp-content\/uploads\/2025\/05\/carre-3000x3000-vivre-ailleurs.jpg\" alt=\"Image carr\u00e9e\"   width=\"480\" height=\"480\" loading=\"eager\" class=\"m-figure__img lazy\"\/><\/p>\n<p>                                    <\/a><\/p>\n<p class=\"t-content__chapo\">\n                                                En ce mois de mai, d\u00e9sign\u00e9 mois de l\u2019Europe, plusieurs \u00e9v\u00e9nements sont organis\u00e9s dans diff\u00e9rentes villes de France et dans les pays membres, pour c\u00e9l\u00e9brer la citoyennet\u00e9 europ\u00e9enne. \u00c0 Paris, cette manifestation a eu lieu le 10 mai dernier place de la R\u00e9publique. Une occasion pour l\u2019agence Erasmus+ France \/ \u00c9ducation Formation de mettre \u00e0 l\u2019honneur les opportunit\u00e9s offertes par ce programme aux jeunes de l&rsquo;Union europ\u00e9enne.                    <\/p>\n<p>        <img decoding=\"async\" fetchpriority=\"low\" src=\"https:\/\/www.europesays.com\/fr\/wp-content\/uploads\/2025\/05\/erasmus visuel.jpg\" alt=\"Visuel de la table ronde \u00ab les carri\u00e8res de l'Europe \u00bb, depuis la journ\u00e9e de l\u2019Europe, place de la R\u00e9publique, \u00e0 Paris le samedi 10 mai 2025.\"   width=\"980\" height=\"551\" loading=\"eager\" class=\"m-figure__img lazy\"\/><\/p>\n<p>                Visuel de la table ronde \u00ab les carri\u00e8res de l&rsquo;Europe \u00bb, depuis la journ\u00e9e de l\u2019Europe, place de la R\u00e9publique, \u00e0 Paris le samedi 10 mai 2025.                \u00a9 Agence Erasmus+ France \/ \u00c9ducation Formation            <\/p>\n","protected":false},"excerpt":{"rendered":"En ce mois de mai, d\u00e9sign\u00e9 mois de l\u2019Europe, plusieurs \u00e9v\u00e9nements sont organis\u00e9s dans diff\u00e9rentes villes de France&hellip;\n","protected":false},"author":2,"featured_media":105623,"comment_status":"","ping_status":"","sticky":false,"template":"","format":"standard","meta":{"footnotes":""},"categories":[1586],"tags":[11,1057,9497,1777,674,1011,27,12,25,364,22258],"class_list":{"0":"post-105622","1":"post","2":"type-post","3":"status-publish","4":"format-standard","5":"has-post-thumbnail","7":"category-europe","8":"tag-actualites","9":"tag-education","10":"tag-emploi-et-travail","11":"tag-eu","12":"tag-europe","13":"tag-fr","14":"tag-france","15":"tag-news","16":"tag-republique-francaise","17":"tag-union-europeenne","18":"tag-vivre-ailleurs"},"share_on_mastodon":{"url":"https:\/\/pubeurope.com\/@fr\/114520153409590728","error":""},"_links":{"self":[{"href":"https:\/\/www.europesays.com\/fr\/wp-json\/wp\/v2\/posts\/105622","targetHints":{"allow":["GET"]}}],"collection":[{"href":"https:\/\/www.europesays.com\/fr\/wp-json\/wp\/v2\/posts"}],"about":[{"href":"https:\/\/www.europesays.com\/fr\/wp-json\/wp\/v2\/types\/post"}],"author":[{"embeddable":true,"href":"https:\/\/www.europesays.com\/fr\/wp-json\/wp\/v2\/users\/2"}],"replies":[{"embeddable":true,"href":"https:\/\/www.europesays.com\/fr\/wp-json\/wp\/v2\/comments?post=105622"}],"version-history":[{"count":0,"href":"https:\/\/www.europesays.com\/fr\/wp-json\/wp\/v2\/posts\/105622\/revisions"}],"wp:featuredmedia":[{"embeddable":true,"href":"https:\/\/www.europesays.com\/fr\/wp-json\/wp\/v2\/media\/105623"}],"wp:attachment":[{"href":"https:\/\/www.europesays.com\/fr\/wp-json\/wp\/v2\/media?parent=105622"}],"wp:term":[{"taxonomy":"category","embeddable":true,"href":"https:\/\/www.europesays.com\/fr\/wp-json\/wp\/v2\/categories?post=105622"},{"taxonomy":"post_tag","embeddable":true,"href":"https:\/\/www.europesays.com\/fr\/wp-json\/wp\/v2\/tags?post=105622"}],"curies":[{"name":"wp","href":"https:\/\/api.w.org\/{rel}","templated":true}]}}