{"id":105624,"date":"2025-05-16T23:40:12","date_gmt":"2025-05-16T23:40:12","guid":{"rendered":"https:\/\/www.europesays.com\/fr\/105624\/"},"modified":"2025-05-16T23:40:12","modified_gmt":"2025-05-16T23:40:12","slug":"le-miracle-na-pas-eu-lieu","status":"publish","type":"post","link":"https:\/\/www.europesays.com\/fr\/105624\/","title":{"rendered":"le miracle n\u2019a pas eu lieu"},"content":{"rendered":"<p>Il est pass\u00e9 tout pr\u00e8s mais le miracle n\u2019a pas eu lieu et s\u2019est transform\u00e9 en mirage. Ce vendredi 16\u00a0mai 2025, <a target=\"_self\" href=\"https:\/\/www.lanouvellerepublique.fr\/chateauroux\/national-pour-chateauroux-le-miracle-n-a-dure-qu-une-minute-1747427763\" rel=\"noopener\">la Berrichonne est officiellement rel\u00e9gu\u00e9e en National 2<\/a>.\u00a0\u00c0 trop s\u2019approcher du pr\u00e9cipice, le risque de sombrer \u00e9tait \u00e9norme. La chute a eu lieu dans le Pas-de-Calais mais c\u2019est bien avant cela qu\u2019il faut chercher les causes de ce cataclysme<\/p>\n<p>Depuis bient\u00f4t deux ans et la fin du fiasco saoudien, la Berrichonne vivote plus qu\u2019elle ne vit. Rachet\u00e9e \u00e0 United World par un propri\u00e9taire (Benjamin Gufflet) qui, seul, n\u2019avait pas les ressources suffisantes pour sortir le club des graves difficult\u00e9s financi\u00e8res dans lesquelles il s\u2019\u00e9tait englu\u00e9, revendue en ce d\u00e9but d\u2019ann\u00e9e 2025, la Berri tutoie les bas-fonds du National depuis deux saisons. Changements de pr\u00e9sidents, d\u2019entra\u00eeneurs en pagaille (Simone, Chabert, Flachez, Saragaglia, Sibierski, Lair, Ferreira, Cris\u2026 en 36 mois\u00a0!), probl\u00e8mes r\u00e9currents devant la DNCG, valse des joueurs, constitution d\u2019effectif au tout dernier moment sans v\u00e9ritables moyens donc avec des renforts de valeurs in\u00e9gales, la strat\u00e9gie de la Berrichonne s\u2019apparente depuis trop longtemps \u00e0 du bricolage.<\/p>\n<p>Esp\u00e9rons que le nouveau proprio, Djamel Zemmar, est en mesure de redonner un \u00e9lan indispensable, de repartir d\u2019une page blanche \u00e0 l\u2019\u00e9tage inf\u00e9rieur, pour reb\u00e2tir un \u00e9difice moins chancelant.<\/p>\n<p>La rel\u00e9gation constitue un revers historique pour le club aux 43 saisons pass\u00e9es en Ligue 2, qui perd son statut pro, donc tous ses joueurs potentiellement et qui va \u00e9voluer pour la premi\u00e8re fois de son histoire en National 2, qui ne s&rsquo;appelait pas ainsi en 1987-1988 quand la Berri a fr\u00e9quent\u00e9 pour la derni\u00e8re fois le quatri\u00e8me niveau du foot fran\u00e7ais. On sait quand on descend mais jamais quand on remonte\u2026<\/p>\n","protected":false},"excerpt":{"rendered":"Il est pass\u00e9 tout pr\u00e8s mais le miracle n\u2019a pas eu lieu et s\u2019est transform\u00e9 en mirage. Ce&hellip;\n","protected":false},"author":2,"featured_media":105625,"comment_status":"","ping_status":"","sticky":false,"template":"","format":"standard","meta":{"footnotes":""},"categories":[1586],"tags":[1392,11,4351,1777,674,1779,63,1011,27,5052,19881,19880,446,3238,12,25,60,1778,364],"class_list":{"0":"post-105624","1":"post","2":"type-post","3":"status-publish","4":"format-standard","5":"has-post-thumbnail","7":"category-europe","8":"tag-a-la-une-local","9":"tag-actualites","10":"tag-chateauroux","11":"tag-eu","12":"tag-europe","13":"tag-european-union","14":"tag-football","15":"tag-fr","16":"tag-france","17":"tag-indre","18":"tag-la-berri-foot","19":"tag-la-berrichonne-football","20":"tag-ligue-2","21":"tag-national","22":"tag-news","23":"tag-republique-francaise","24":"tag-sports","25":"tag-ue","26":"tag-union-europeenne"},"share_on_mastodon":{"url":"https:\/\/pubeurope.com\/@fr\/114520157314107643","error":""},"_links":{"self":[{"href":"https:\/\/www.europesays.com\/fr\/wp-json\/wp\/v2\/posts\/105624","targetHints":{"allow":["GET"]}}],"collection":[{"href":"https:\/\/www.europesays.com\/fr\/wp-json\/wp\/v2\/posts"}],"about":[{"href":"https:\/\/www.europesays.com\/fr\/wp-json\/wp\/v2\/types\/post"}],"author":[{"embeddable":true,"href":"https:\/\/www.europesays.com\/fr\/wp-json\/wp\/v2\/users\/2"}],"replies":[{"embeddable":true,"href":"https:\/\/www.europesays.com\/fr\/wp-json\/wp\/v2\/comments?post=105624"}],"version-history":[{"count":0,"href":"https:\/\/www.europesays.com\/fr\/wp-json\/wp\/v2\/posts\/105624\/revisions"}],"wp:featuredmedia":[{"embeddable":true,"href":"https:\/\/www.europesays.com\/fr\/wp-json\/wp\/v2\/media\/105625"}],"wp:attachment":[{"href":"https:\/\/www.europesays.com\/fr\/wp-json\/wp\/v2\/media?parent=105624"}],"wp:term":[{"taxonomy":"category","embeddable":true,"href":"https:\/\/www.europesays.com\/fr\/wp-json\/wp\/v2\/categories?post=105624"},{"taxonomy":"post_tag","embeddable":true,"href":"https:\/\/www.europesays.com\/fr\/wp-json\/wp\/v2\/tags?post=105624"}],"curies":[{"name":"wp","href":"https:\/\/api.w.org\/{rel}","templated":true}]}}