{"id":105634,"date":"2025-05-16T23:47:08","date_gmt":"2025-05-16T23:47:08","guid":{"rendered":"https:\/\/www.europesays.com\/fr\/105634\/"},"modified":"2025-05-16T23:47:08","modified_gmt":"2025-05-16T23:47:08","slug":"avec-sinner-et-paolini-le-recital-fortissimo-de-litalie-a-rome","status":"publish","type":"post","link":"https:\/\/www.europesays.com\/fr\/105634\/","title":{"rendered":"avec Sinner et Paolini, le r\u00e9cital fortissimo de l&rsquo;Italie \u00e0 Rome"},"content":{"rendered":"<p>Le Foro Italico n&rsquo;aura jamais si bien port\u00e9 son nom: avec Jannik Sinner et Lorenzo Musetti en demi-finales, Jasmine Paolini en finale, l&rsquo;Italie \u00e9coeure la concurrence cette semaine \u00e0 Rome, signe suppl\u00e9mentaire que le tennis italien vit un \u00e2ge d&rsquo;or in\u00e9dit.<\/p>\n<p>. Un palmar\u00e8s d\u00e9poussi\u00e9r\u00e9<\/p>\n<p>Apr\u00e8s la d\u00e9faite de Lorenzo Musetti vendredi en demi-finale contre Carlos Alcaraz, il n&rsquo;y a plus que Jannik Sinner qui peut mettre fin \u00e0 49 ann\u00e9es d&rsquo;attente dimanche: il faut en effet remonter \u00e0 1976 pour trouver le dernier Italien, Adriano Panatta, \u00e0 avoir inscrit son nom au palmar\u00e8s des Internationaux d&rsquo;Italie.<\/p>\n<p>Depuis plusieurs mois d\u00e9j\u00e0, Sinner qui fait son retour en comp\u00e9tition \u00e0 Rome apr\u00e8s trois mois de suspension pour dopage par contamination accidentelle, d\u00e9poussi\u00e8re le palmar\u00e8s du tennis italien.<\/p>\n<p>Le ph\u00e9nom\u00e8ne du Haut-Adige, cette r\u00e9gion germanophone du nord-est de l&rsquo;Italie, est devenu en janvier 2023 le premier Italien \u00e0 remporter un tournoi masculin du Grand Chelem depuis 1976 (Panatta). Le premier, en juin 2024, \u00e0 prendre la t\u00eate du classement ATP. Le premier aussi \u00e0 s&rsquo;adjuger les Masters ATP de fin d&rsquo;ann\u00e9e, en novembre dernier \u00e0 Turin (Italie).<\/p>\n<p>Dans le sillage de son leader qui p\u00e8se \u00e0 23 ans d\u00e9j\u00e0 19 titres, dont trois en Grand Chelem, l&rsquo;Italie a remport\u00e9 les deux derni\u00e8res \u00e9ditions de la Coupe Davis avec son \u00e9quipe masculine, et, port\u00e9e par Paolini, son \u00e9quivalent f\u00e9minin, la Billie Jean King Cup 2024.<\/p>\n<p>Le tennis italien ne se r\u00e9sume pas \u00e0 Sinner ou Paolini, finaliste \u00e0 Roland-Garros et Wimbledon l&rsquo;an dernier. Ses joueurs ont ainsi remport\u00e9 31 titres ATP entre 2016 et 2025, contre seulement huit la d\u00e9cennie d&rsquo;avant.<\/p>\n<p>Musetti, finaliste \u00e0 Monte-Carlo, vient de faire son entr\u00e9e dans le top 10 mondial et neuf Italiens, dont Luciano Darderi et Flavio Cobolli, vainqueurs la m\u00eame semaine de mars des tournois de Marrakech et Bucarest, apparaissement parmi les 100 meilleurs joueurs mondiaux. Seuls les Etats-Unis et la France font mieux avec dix repr\u00e9sentants chacun dans le Top 100.<\/p>\n<p>. Quinze ans de travail<\/p>\n<p>Le tennis italien revient de loin: au d\u00e9but des ann\u00e9es 2000, il fallait descendre \u00e0 la 54e place du classement mondial pour trouver le meilleur Italien, Andrea Gaudenzi, actuel patron du circuit ATP. En Coupe Davis, l&rsquo;\u00e9quipe italienne \u00e9volue alors dans le groupe 2, l&rsquo;\u00e9quivalent de la 3e division mondiale.<\/p>\n<p>Le renouveau italien va d&rsquo;abord \u00eatre f\u00e9minin avec quatre sacres en Fed Cup (2006, 2009, 2010, 2013), le titre de Francesca Schiavone \u00e0 Roland-Garros en 2010, puis de Flavia Pennetta \u00e0 l&rsquo;US Open 2015.<\/p>\n<p>Apr\u00e8s quelques fr\u00e9missements gr\u00e2ce \u00e0 Fabio Fognini qui, en s&rsquo;imposant \u00e0 Monte-Carlo en 2019, est le premier \u00e0 remporter un Masters 1000, le tennis masculin revient au premier plan gr\u00e2ce \u00e0 Matteo Berrettini &#8212; finaliste \u00e0 Wimbledon en 2021 &#8212; \u00a0et Sinner.<\/p>\n<p>\u00ab\u00a0C&rsquo;est le r\u00e9sultat de quinze ann\u00e9es de bon travail de la F\u00e9d\u00e9ration, avec sa base dans les clubs comme pour le haut-niveau en organisant beaucoup de tournois internationaux dans toutes les cat\u00e9gories d&rsquo;\u00e2ge\u00a0\u00bb, observe l&rsquo;Espagnol Emilio Sanchez, ancien N.7 mondial, devenu entra\u00eeneur.<\/p>\n<p>\u00ab\u00a0Ils ont par exemple d\u00e9centralis\u00e9 la gestion de leurs espoirs: avant tout le monde devait passer par un centre national et \u00e9tait retir\u00e9 de son environnement naturel. Maintenant, la F\u00e9d\u00e9ration vient vers les joueurs, les financent\u00a0\u00bb, admire-t-il.<\/p>\n<p>Avec cette d\u00e9centralisation, un maillage dense d&rsquo;entra\u00eeneurs f\u00e9d\u00e9raux et un acc\u00e8s d\u00e8s le plus jeune \u00e2ge \u00e0 des pr\u00e9parateurs physiques ou mentaux, la F\u00e9d\u00e9ration italienne (FITP) fait en sorte, assure Filippo Volandri, son responsable du haut-niveau masculin, que \u00ab\u00a0tous les joueurs arrivent \u00e0 exprimer leur potentiel\u00a0\u00bb.<\/p>\n<p>\u00ab\u00a0C&rsquo;est la grande diff\u00e9rence avec ce qui se passait avant, o\u00f9 on observait que les joueurs italiens avaient une maturation tardive ou n&rsquo;arrivaient jamais \u00e0 atteindre leur 100%\u00a0\u00bb.<\/p>\n<p>La FITP, dirig\u00e9e depuis 2001 par Angelo Binaghi, a aussi mis en place un programme de construction de terrains en ciment pour sortir du tout terre-battue qui s&rsquo;accompagne d&rsquo;un changement dans le style de jeu et dans les entra\u00eenements.<\/p>\n<p>\u00ab\u00a0Dans l&rsquo;enseignement comme dans le jeu, r\u00e9sume Michelangelo Dell&rsquo;Edera, le directeur de l&rsquo;Institut de formation des entra\u00eeneurs de la FITP, on s&rsquo;efforce de donner moins d&rsquo;importance \u00e0 la technique qu&rsquo;\u00e0 la tactique, \u00e0 la r\u00e9p\u00e9tition des coups droits ou revers qu&rsquo;au service et au retour de service\u00a0\u00bb.<\/p>\n<p>jr\/chc\/jde<\/p>\n","protected":false},"excerpt":{"rendered":"Le Foro Italico n&rsquo;aura jamais si bien port\u00e9 son nom: avec Jannik Sinner et Lorenzo Musetti en demi-finales,&hellip;\n","protected":false},"author":2,"featured_media":105635,"comment_status":"","ping_status":"","sticky":false,"template":"","format":"standard","meta":{"footnotes":""},"categories":[1415],"tags":[22259,1011,27,20859,20860,19896,22260,3499,60,1467],"class_list":{"0":"post-105634","1":"post","2":"type-post","3":"status-publish","4":"format-standard","5":"has-post-thumbnail","7":"category-tennis","8":"tag-adriano-panatta","9":"tag-fr","10":"tag-france","11":"tag-jannik-sinner","12":"tag-jasmine-paolini","13":"tag-lorenzo-musetti","14":"tag-nord-est-de-litalie","15":"tag-rome","16":"tag-sports","17":"tag-tennis"},"share_on_mastodon":{"url":"https:\/\/pubeurope.com\/@fr\/114520184765520276","error":""},"_links":{"self":[{"href":"https:\/\/www.europesays.com\/fr\/wp-json\/wp\/v2\/posts\/105634","targetHints":{"allow":["GET"]}}],"collection":[{"href":"https:\/\/www.europesays.com\/fr\/wp-json\/wp\/v2\/posts"}],"about":[{"href":"https:\/\/www.europesays.com\/fr\/wp-json\/wp\/v2\/types\/post"}],"author":[{"embeddable":true,"href":"https:\/\/www.europesays.com\/fr\/wp-json\/wp\/v2\/users\/2"}],"replies":[{"embeddable":true,"href":"https:\/\/www.europesays.com\/fr\/wp-json\/wp\/v2\/comments?post=105634"}],"version-history":[{"count":0,"href":"https:\/\/www.europesays.com\/fr\/wp-json\/wp\/v2\/posts\/105634\/revisions"}],"wp:featuredmedia":[{"embeddable":true,"href":"https:\/\/www.europesays.com\/fr\/wp-json\/wp\/v2\/media\/105635"}],"wp:attachment":[{"href":"https:\/\/www.europesays.com\/fr\/wp-json\/wp\/v2\/media?parent=105634"}],"wp:term":[{"taxonomy":"category","embeddable":true,"href":"https:\/\/www.europesays.com\/fr\/wp-json\/wp\/v2\/categories?post=105634"},{"taxonomy":"post_tag","embeddable":true,"href":"https:\/\/www.europesays.com\/fr\/wp-json\/wp\/v2\/tags?post=105634"}],"curies":[{"name":"wp","href":"https:\/\/api.w.org\/{rel}","templated":true}]}}