{"id":105638,"date":"2025-05-16T23:50:17","date_gmt":"2025-05-16T23:50:17","guid":{"rendered":"https:\/\/www.europesays.com\/fr\/105638\/"},"modified":"2025-05-16T23:50:17","modified_gmt":"2025-05-16T23:50:17","slug":"gasly-percute-un-lapin-mais-signe-son-meilleur-vendredi-de-la-saison","status":"publish","type":"post","link":"https:\/\/www.europesays.com\/fr\/105638\/","title":{"rendered":"Gasly percute un lapin mais signe son \u00ab\u00a0meilleur vendredi\u00a0\u00bb de la saison"},"content":{"rendered":"<p>Troisi\u00e8me des Essais Libres 2 du Grand Prix d&rsquo;\u00c9milie-Romagne de Formule 1, <a href=\"https:\/\/fr.motorsport.com\/driver\/pierre-gasly\/95098\/\" target=\"_blank\" rel=\"noopener\">Pierre Gasly<\/a> a id\u00e9alement entam\u00e9 l&rsquo;\u00e9preuve d&rsquo;Imola au volant de l&rsquo;Alpine A524. Toutefois, la journ\u00e9e n&rsquo;avait pas d\u00e9marr\u00e9 sous les meilleurs augures puisqu&rsquo;en EL1, le Fran\u00e7ais a endommag\u00e9 sa monoplace en percutant un lapin.\u00a0<\/p>\n<p>\u00ab\u00a0Oui, malheureusement\u00a0\u00bb, a-t-il expliqu\u00e9 pour Sky Sports. \u00ab\u00a0Je ne savais pas si c&rsquo;\u00e9tait un petit chat ou un gros lapin. Il s&rsquo;est av\u00e9r\u00e9 que c&rsquo;\u00e9tait un gros lapin qui traversait la piste. Je n&rsquo;ai pas pu l&rsquo;\u00e9viter et j&rsquo;ai eu un choc assez violent sur l&rsquo;aileron avant. Malheureusement, le lapin n&rsquo;a pas surv\u00e9cu et l&rsquo;aileron avant a \u00e9t\u00e9 cass\u00e9. Ce n&rsquo;\u00e9tait pas id\u00e9al, ce n&rsquo;\u00e9tait pas la fin de la s\u00e9ance que nous voulions.\u00a0\u00bb<\/p>\n<p>\u00ab\u00a0Je dois dire que c&rsquo;est vraiment dommage, car nous essayons toujours de prendre soin de nos pi\u00e8ces et de faire le meilleur travail possible. Quand ce genre de choses arrive, ce n&rsquo;est pas g\u00e9nial. Mais oui, l&rsquo;aileron avant et le plancher ont \u00e9t\u00e9 assez endommag\u00e9s. Certains des gars ont r\u00e9ussi \u00e0 faire un excellent travail de r\u00e9paration. Mais oui, je pense que nous nous serions tous pass\u00e9s de \u00e7a.\u00a0\u00bb<\/p>\n<p>Le \u00ab\u00a0meilleur vendredi\u00a0\u00bb depuis le d\u00e9but de saison<br \/>\n   <img decoding=\"async\" draggable=\"false\" src=\"https:\/\/www.europesays.com\/fr\/wp-content\/uploads\/2025\/05\/1747439417_2_pierre-gasly-alpine.jpg\" alt=\"Pierre Gasly, Alpine\" width=\"1200\" height=\"800\" loading=\"lazy\"\/> <\/p>\n<p class=\"title\">Pierre Gasly, Alpine<\/p>\n<p class=\"photographer\">Photo de: Sam Bagnall \/ Motorsport Images via Getty Images<\/p>\n<p>Cependant, le bilan final de la journ\u00e9e, avec cette seconde s\u00e9ance termin\u00e9e \u00e0 0&Prime;276 de la r\u00e9f\u00e9rence du jour sign\u00e9e par la <a href=\"https:\/\/fr.motorsport.com\/team\/mclaren\/609\/\" target=\"_blank\" rel=\"noopener\">McLaren<\/a> d&rsquo;<a href=\"https:\/\/fr.motorsport.com\/driver\/oscar-piastri\/835356\/\" target=\"_blank\" rel=\"noopener\">Oscar Piastri<\/a>, est tr\u00e8s positif, puisque Gasly estime tout simplement avoir v\u00e9cu son \u00ab\u00a0meilleur vendredi\u00a0\u00bb depuis le d\u00e9but de la campagne.\u00a0<\/p>\n<p>\u00ab\u00a0Oui, c&rsquo;est un tr\u00e8s, tr\u00e8s bon vendredi depuis le premier tour. Je savais que la voiture \u00e9tait dans une bien meilleure situation qu&rsquo;\u00e0 Miami. Je suis heureux que nous ayons r\u00e9ussi \u00e0 r\u00e9pondre \u00e0 certaines des questions que nous nous posions apr\u00e8s la derni\u00e8re course. Je suis donc tr\u00e8s satisfait des sensations que j&rsquo;ai eues. La voiture r\u00e9agit comme je le souhaite. Je suis vraiment capable d&rsquo;\u00eatre \u00e0 la limite et de la pousser au maximum.\u00a0\u00bb<\/p>\n<p>\u00ab\u00a0Le feeling est donc tr\u00e8s bon. La performance est l\u00e0. \u00c9videmment, nous savons que du vendredi au samedi, les autres en gardent g\u00e9n\u00e9ralement un peu plus en r\u00e9serve, mais je pense qu&rsquo;il est assez juste de dire que c&rsquo;est probablement le meilleur vendredi depuis le d\u00e9but de l&rsquo;ann\u00e9e.\u00a0\u00bb<\/p>\n<p style=\"text-align: right;\">Avec Haydn Cobb<\/p>\n<p>Lire aussi :<\/p>\n<p>Dans cet article<\/p>\n<p>    Fabien Gaillard\n<\/p>\n<p>    Formule 1\n<\/p>\n<p>    Pierre Gasly\n<\/p>\n<p>    Alpine\n<\/p>\n<p>Soyez le premier inform\u00e9 et souscrivez aux alertes mails pour recevoir les infos en temps r\u00e9el<\/p>\n<p>    S&rsquo;abonner aux alertes de news<\/p>\n","protected":false},"excerpt":{"rendered":"Troisi\u00e8me des Essais Libres 2 du Grand Prix d&rsquo;\u00c9milie-Romagne de Formule 1, Pierre Gasly a id\u00e9alement entam\u00e9 l&rsquo;\u00e9preuve&hellip;\n","protected":false},"author":2,"featured_media":105639,"comment_status":"","ping_status":"","sticky":false,"template":"","format":"standard","meta":{"footnotes":""},"categories":[1412],"tags":[2674,1451,1452,1453,1454,1455,1011,27,18197,9935,2248,60],"class_list":{"0":"post-105638","1":"post","2":"type-post","3":"status-publish","4":"format-standard","5":"has-post-thumbnail","7":"category-f1","8":"tag-alpine","9":"tag-f1","10":"tag-formula-1","11":"tag-formula1","12":"tag-formule-1","13":"tag-formule1","14":"tag-fr","15":"tag-france","16":"tag-gp-du00c9milie-romagne","17":"tag-imola","18":"tag-pierre-gasly","19":"tag-sports"},"share_on_mastodon":{"url":"https:\/\/pubeurope.com\/@fr\/114520196640332680","error":""},"_links":{"self":[{"href":"https:\/\/www.europesays.com\/fr\/wp-json\/wp\/v2\/posts\/105638","targetHints":{"allow":["GET"]}}],"collection":[{"href":"https:\/\/www.europesays.com\/fr\/wp-json\/wp\/v2\/posts"}],"about":[{"href":"https:\/\/www.europesays.com\/fr\/wp-json\/wp\/v2\/types\/post"}],"author":[{"embeddable":true,"href":"https:\/\/www.europesays.com\/fr\/wp-json\/wp\/v2\/users\/2"}],"replies":[{"embeddable":true,"href":"https:\/\/www.europesays.com\/fr\/wp-json\/wp\/v2\/comments?post=105638"}],"version-history":[{"count":0,"href":"https:\/\/www.europesays.com\/fr\/wp-json\/wp\/v2\/posts\/105638\/revisions"}],"wp:featuredmedia":[{"embeddable":true,"href":"https:\/\/www.europesays.com\/fr\/wp-json\/wp\/v2\/media\/105639"}],"wp:attachment":[{"href":"https:\/\/www.europesays.com\/fr\/wp-json\/wp\/v2\/media?parent=105638"}],"wp:term":[{"taxonomy":"category","embeddable":true,"href":"https:\/\/www.europesays.com\/fr\/wp-json\/wp\/v2\/categories?post=105638"},{"taxonomy":"post_tag","embeddable":true,"href":"https:\/\/www.europesays.com\/fr\/wp-json\/wp\/v2\/tags?post=105638"}],"curies":[{"name":"wp","href":"https:\/\/api.w.org\/{rel}","templated":true}]}}