{"id":105642,"date":"2025-05-16T23:52:10","date_gmt":"2025-05-16T23:52:10","guid":{"rendered":"https:\/\/www.europesays.com\/fr\/105642\/"},"modified":"2025-05-16T23:52:10","modified_gmt":"2025-05-16T23:52:10","slug":"pas-au-psg-pour-largent-kurzawa-balance-ses-verites","status":"publish","type":"post","link":"https:\/\/www.europesays.com\/fr\/105642\/","title":{"rendered":"Pas au PSG pour l&rsquo;argent, Kurzawa balance ses v\u00e9rit\u00e9s !"},"content":{"rendered":"<p>Neuf ans au PSG, 20 troph\u00e9es, et une r\u00e9putation souvent contest\u00e9e. Aujourd\u2019hui \u00e0 Boavista, <a href=\"https:\/\/www.leparisien.fr\/sports\/football\/je-nai-jamais-ete-un-mauvais-garcon-les-confessions-de-layvin-kurzawa-15-05-2025-ALTAXG6GORGKNN6YQA3NZTNJKY.php\" target=\"_blank\" rel=\"noopener\">Layvin Kurzawa sort du silence dans les colonnes du Parisien<\/a> et remet les pendules \u00e0 l\u2019heure. Loin de l&rsquo;image d\u2019un joueur int\u00e9ress\u00e9 uniquement par l\u2019argent, l\u2019ancien international fran\u00e7ais se confie sans filtre. \u00ab Si (des personnes) croient que j\u2019\u00e9tais heureux de ne toucher que mon salaire, ce n\u2019\u00e9tait pas exact. J\u2019ai envie de r\u00e9pondre \u00e0 ces gens-l\u00e0 que c\u2019est le foot qui m\u2019int\u00e9resse \u00bb, assure l&rsquo;ancien international.<\/p>\n<p>Install\u00e9 \u00e0 Porto depuis janvier, <a href=\"https:\/\/www.onzemondial.com\/transferts\/psg-kurzawa-rebondit-officiellement-au-portugal-942738\" target=\"_blank\" rel=\"noopener\">Kurzawa<\/a> savoure un nouveau r\u00f4le. \u00ab \u00c0 Boavista, je m\u00e8ne une vie tranquille entour\u00e9 de personnes bienveillantes. J\u2019ai transmis mon v\u00e9cu, je me sens aim\u00e9 en retour. \u00bb Un choix de c\u0153ur, pas de portefeuille. \u00ab Je n\u2019ai jamais interrog\u00e9 mon choix. On se nourrit d\u2019exp\u00e9riences. \u00bb<\/p>\n<p>Kurzawa premier supporter du PSG contre l&rsquo;Inter<\/p>\n<p>Critiqu\u00e9 pour son lifestyle, sa suppos\u00e9e inconstance, ses blessures, Kurzawa assume, mais recadre. \u00ab Ce sont des caricatures. Peut-\u00eatre li\u00e9es \u00e0 ma pr\u00e9sence sur les r\u00e9seaux sociaux. Mais j\u2019ai grandi, j\u2019ai chang\u00e9. \u00bb Il pointe aussi la pression propre au club. \u00ab C\u2019est le prix \u00e0 payer quand tu signes au PSG, un club \u00e0 tr\u00e8s forte visibilit\u00e9. \u00bb<\/p>\n<p>Quant \u00e0 sa long\u00e9vit\u00e9 au Paris Saint-Germain, il la d\u00e9fend avec \u00e9motion. \u00ab L\u2019amour que j\u2019ai port\u00e9 au PSG \u00e9tait sinc\u00e8re. Ceux qui me connaissent se rappelleront du vrai Layvin. \u00bb Et malgr\u00e9 les critiques, il esp\u00e8re le meilleur pour son ancien club, notamment une victoire en Ligue des champions face \u00e0 l&rsquo;Inter. \u00ab Je l\u2019esp\u00e8re \u00e0 1000 % pour la finale. J\u2019ai envie de voir des sourires sur tous les visages. \u00bb<\/p>\n<p>Sa passion pour le foot, quant \u00e0 elle, reste intacte : \u00ab M\u00eame le jour o\u00f9 j\u2019arr\u00eaterai, j\u2019aurai toujours cette grinta. \u00bb Et il ne m\u00e2che pas ses mots sur l\u2019hypocrisie autour de l\u2019argent : \u00ab En France, gagner beaucoup d\u2019argent est mal vu. On ne peut pas le nier. \u00bb Souriant, gentil, un \u00ab grand c\u0153ur \u00bb, voil\u00e0 comment il se d\u00e9crit. Son regret en Bleu ? \u00ab La constance. Le haut niveau, ce n\u2019est pas facile. \u00bb Et un Kurzawa fier de sa carri\u00e8re. \u00ab Elle est ce qu\u2019elle est, mais il n\u2019est d\u00e9j\u00e0 pas ais\u00e9 de devenir pro. J\u2019ai grandi dans la r\u00e9ussite et appris de mes \u00e9checs. \u00bb<\/p>\n<p>    Pour r\u00e9sumer<\/p>\n<p>Layvin Kurzawa sort du silence et d\u00e9ment avoir privil\u00e9gi\u00e9 l\u2019argent au PSG : \u00ab C\u2019est le foot qui m\u2019int\u00e9resse. \u00bb Fier de son parcours, il assume critiques et blessures, et d\u00e9fend son image : \u00ab Je ne suis pas un mauvais gar\u00e7on. \u00bb \u00c0 32 ans, il croit encore en son avenir.<\/p>\n<p>R\u00e9dacteur<\/p>\n<p><img decoding=\"async\" width=\"76\" height=\"76\" loading=\"lazy\" src=\"https:\/\/www.europesays.com\/fr\/wp-content\/uploads\/2025\/04\/logo-julien-pedebos.jpg\" alt=\"Julien P\u00e9debos\"\/><\/p>\n","protected":false},"excerpt":{"rendered":"Neuf ans au PSG, 20 troph\u00e9es, et une r\u00e9putation souvent contest\u00e9e. Aujourd\u2019hui \u00e0 Boavista, Layvin Kurzawa sort du&hellip;\n","protected":false},"author":2,"featured_media":105643,"comment_status":"","ping_status":"","sticky":false,"template":"","format":"standard","meta":{"footnotes":""},"categories":[1410],"tags":[63,1011,27,60],"class_list":{"0":"post-105642","1":"post","2":"type-post","3":"status-publish","4":"format-standard","5":"has-post-thumbnail","7":"category-football","8":"tag-football","9":"tag-fr","10":"tag-france","11":"tag-sports"},"share_on_mastodon":{"url":"https:\/\/pubeurope.com\/@fr\/114520204491800954","error":""},"_links":{"self":[{"href":"https:\/\/www.europesays.com\/fr\/wp-json\/wp\/v2\/posts\/105642","targetHints":{"allow":["GET"]}}],"collection":[{"href":"https:\/\/www.europesays.com\/fr\/wp-json\/wp\/v2\/posts"}],"about":[{"href":"https:\/\/www.europesays.com\/fr\/wp-json\/wp\/v2\/types\/post"}],"author":[{"embeddable":true,"href":"https:\/\/www.europesays.com\/fr\/wp-json\/wp\/v2\/users\/2"}],"replies":[{"embeddable":true,"href":"https:\/\/www.europesays.com\/fr\/wp-json\/wp\/v2\/comments?post=105642"}],"version-history":[{"count":0,"href":"https:\/\/www.europesays.com\/fr\/wp-json\/wp\/v2\/posts\/105642\/revisions"}],"wp:featuredmedia":[{"embeddable":true,"href":"https:\/\/www.europesays.com\/fr\/wp-json\/wp\/v2\/media\/105643"}],"wp:attachment":[{"href":"https:\/\/www.europesays.com\/fr\/wp-json\/wp\/v2\/media?parent=105642"}],"wp:term":[{"taxonomy":"category","embeddable":true,"href":"https:\/\/www.europesays.com\/fr\/wp-json\/wp\/v2\/categories?post=105642"},{"taxonomy":"post_tag","embeddable":true,"href":"https:\/\/www.europesays.com\/fr\/wp-json\/wp\/v2\/tags?post=105642"}],"curies":[{"name":"wp","href":"https:\/\/api.w.org\/{rel}","templated":true}]}}