{"id":105650,"date":"2025-05-16T23:56:08","date_gmt":"2025-05-16T23:56:08","guid":{"rendered":"https:\/\/www.europesays.com\/fr\/105650\/"},"modified":"2025-05-16T23:56:08","modified_gmt":"2025-05-16T23:56:08","slug":"tu-comptes-developper-sur-tout-yann-barthes-perd-patience-face-a-raphael-quenard","status":"publish","type":"post","link":"https:\/\/www.europesays.com\/fr\/105650\/","title":{"rendered":"\u201cTu comptes d\u00e9velopper sur tout ?\u201d, Yann Barth\u00e8s perd patience face \u00e0 Rapha\u00ebl Quenard"},"content":{"rendered":"<p class=\"p1\">En quelques ann\u00e9es, Rapha\u00ebl Quenard s\u2019est impos\u00e9<br \/>\ncomme <strong>un acteur tr\u00e8s appr\u00e9ci\u00e9<\/strong> du cin\u00e9ma fran\u00e7ais.<br \/>\nEn 2023, il a ainsi \u00e9t\u00e9 nomm\u00e9 aux C\u00e9sar 2024 pour ses r\u00f4les dans<br \/>\nYannick de Quentin Dupieux et Chien de la casse<br \/>\nde Jean-Baptiste Durand. Ce second film lui a d\u2019ailleurs permis de<br \/>\n<strong>remporter le C\u00e9sar<\/strong> de la meilleure r\u00e9v\u00e9lation<br \/>\nmasculine.<\/p>\n<p class=\"p1\">Si Rapha\u00ebl Quenard est d\u00e9sormais <a href=\"https:\/\/www.telestar.fr\/people\/johnny-hallyday-pour-son-biopic-laeticia-mise-sur-lacteur-en-vogue-du-cinema-francais-1678754\" target=\"_blank\" rel=\"noopener nofollow\">un acteur accompli<\/a>, il s\u2019est<br \/>\nr\u00e9cemment lanc\u00e9 dans la litt\u00e9rature. Le mercredi 14 mai, il a<br \/>\nd\u00e9voil\u00e9 son premier roman, intitul\u00e9 <strong>Clamser \u00e0<br \/>\nTataouine<\/strong> (Ed. Flammarion). Un ouvrage dont il est<br \/>\nvenu parler deux jours plus tard, sur le plateau de Quotidien sur<br \/>\nTMC.<\/p>\n<p>Rapha\u00ebl Quenard monopolise la parole dans<br \/>\nQuotidien<\/p>\n<p class=\"p1\">Au cours de l\u2019\u00e9mission, Yann Barth\u00e8s a propos\u00e9 \u00e0<br \/>\nRapha\u00ebl Quenard de faire <strong>un questionnaire de<br \/>\nProust<\/strong>. \u201cVotre mot pr\u00e9f\u00e9r\u00e9 ?\u201d, lui a-t-il d\u2019abord<br \/>\ndemand\u00e9. Face \u00e0 lui, l\u2019acteur a alors souhait\u00e9 savoir s\u2019il pouvait<br \/>\n\u201cd\u00e9velopper un peu\u201d. Apr\u00e8s le feu vert de l\u2019animateur, il<br \/>\na r\u00e9v\u00e9l\u00e9 qu\u2019il s\u2019agissait du mot \u201cImpeccable\u201d.<\/p>\n<p class=\"p1\">Pour \u00e9tayer ses propos, <a href=\"https:\/\/www.closermag.fr\/people\/raphael-quenard-en-couple-jaime-une-femme-comme-il-est-interdit-daimer-3545445\" rel=\"nofollow noopener\" target=\"_blank\"><br \/>\nRapha\u00ebl Quenard<\/a> s\u2019est ensuite lanc\u00e9 dans <strong>une longue<br \/>\nexplication<\/strong>.\u00a0\u201cOn m\u2019a expliqu\u00e9 pourquoi, sur la<br \/>\nbase de ce mot, la langue fran\u00e7aise \u00e9tait la plus riche du monde.<br \/>\nEt on m\u2019a expliqu\u00e9 qu\u2019au sein de plus de 5000 langues et dialectes,<br \/>\nla langue fran\u00e7aise \u00e9tait une des seules o\u00f9 on pouvait mettre<br \/>\nl\u2019accent tonique o\u00f9 on voulait, sur n\u2019importe quelle syllabe, et<br \/>\nqu\u2019on continue \u00e0 nous comprendre, d\u2019o\u00f9 la richesse des modes<br \/>\nd\u2019\u00e9locution\u201d, a-t-il affirm\u00e9.<\/p>\n<p>Yann Barth\u00e8s recadre son invit\u00e9 avec<br \/>\nhumour<\/p>\n<p class=\"p1\">Apr\u00e8s son explication, Rapha\u00ebl Quenard est<br \/>\n<strong>pass\u00e9 \u00e0 la pratique<\/strong> en pronon\u00e7ant le mot<br \/>\n\u201cImpeccable\u201d de plusieurs mani\u00e8res. Suite \u00e0 cette<br \/>\nd\u00e9monstration, <a href=\"https:\/\/www.closermag.fr\/people\/yann-barthes-age-couple-salaire-tatouage-quotidien-instagram-tout-savoir-1700066#item=1\" rel=\"nofollow noopener\" target=\"_blank\"><br \/>\nYann Barth\u00e8s<\/a> a cependant sembl\u00e9 <strong>perdre<br \/>\npatience<\/strong>. \u201cMais tu comptes d\u00e9velopper sur tout<br \/>\n?\u201d, a-t-il demand\u00e9 en montrant ses fiches.<\/p>\n<p class=\"p1\">Finalement, l\u2019acteur a tent\u00e9 de r\u00e9pondre plus<br \/>\nrapidement. Il n\u2019a cependant pas pu s\u2019emp\u00eacher de <strong>faire la<br \/>\npromotion<\/strong> du documentaire I love Peru, en<br \/>\nassurant qu\u2019il souhaiterait se r\u00e9incarner en condor. Apr\u00e8s une<br \/>\nremarque de l\u2019animateur \u00e0 ce sujet, il s\u2019est d\u2019ailleurs d\u00e9fendu.<br \/>\n\u201cTu me donnes une fen\u00eatre, tu ne croyais pas que je n\u2019allais<br \/>\npas m\u2019engouffrer Yann ?\u201d, a-t-il demand\u00e9 avec humour. Un<br \/>\nmoment qui n\u2019est pas pass\u00e9 inaper\u00e7u.<\/p>\n","protected":false},"excerpt":{"rendered":"En quelques ann\u00e9es, Rapha\u00ebl Quenard s\u2019est impos\u00e9 comme un acteur tr\u00e8s appr\u00e9ci\u00e9 du cin\u00e9ma fran\u00e7ais. En 2023, il&hellip;\n","protected":false},"author":2,"featured_media":105651,"comment_status":"","ping_status":"","sticky":false,"template":"","format":"standard","meta":{"footnotes":""},"categories":[1356],"tags":[548,58,59,1011,27,22261,252,1364,1405],"class_list":{"0":"post-105650","1":"post","2":"type-post","3":"status-publish","4":"format-standard","5":"has-post-thumbnail","7":"category-television","8":"tag-article-simple","9":"tag-divertissement","10":"tag-entertainment","11":"tag-fr","12":"tag-france","13":"tag-raphael-quenard","14":"tag-television","15":"tag-tv","16":"tag-yann-barthes"},"share_on_mastodon":{"url":"https:\/\/pubeurope.com\/@fr\/114520220355574334","error":""},"_links":{"self":[{"href":"https:\/\/www.europesays.com\/fr\/wp-json\/wp\/v2\/posts\/105650","targetHints":{"allow":["GET"]}}],"collection":[{"href":"https:\/\/www.europesays.com\/fr\/wp-json\/wp\/v2\/posts"}],"about":[{"href":"https:\/\/www.europesays.com\/fr\/wp-json\/wp\/v2\/types\/post"}],"author":[{"embeddable":true,"href":"https:\/\/www.europesays.com\/fr\/wp-json\/wp\/v2\/users\/2"}],"replies":[{"embeddable":true,"href":"https:\/\/www.europesays.com\/fr\/wp-json\/wp\/v2\/comments?post=105650"}],"version-history":[{"count":0,"href":"https:\/\/www.europesays.com\/fr\/wp-json\/wp\/v2\/posts\/105650\/revisions"}],"wp:featuredmedia":[{"embeddable":true,"href":"https:\/\/www.europesays.com\/fr\/wp-json\/wp\/v2\/media\/105651"}],"wp:attachment":[{"href":"https:\/\/www.europesays.com\/fr\/wp-json\/wp\/v2\/media?parent=105650"}],"wp:term":[{"taxonomy":"category","embeddable":true,"href":"https:\/\/www.europesays.com\/fr\/wp-json\/wp\/v2\/categories?post=105650"},{"taxonomy":"post_tag","embeddable":true,"href":"https:\/\/www.europesays.com\/fr\/wp-json\/wp\/v2\/tags?post=105650"}],"curies":[{"name":"wp","href":"https:\/\/api.w.org\/{rel}","templated":true}]}}