{"id":105652,"date":"2025-05-16T23:57:16","date_gmt":"2025-05-16T23:57:16","guid":{"rendered":"https:\/\/www.europesays.com\/fr\/105652\/"},"modified":"2025-05-16T23:57:16","modified_gmt":"2025-05-16T23:57:16","slug":"benjamin-biolay-peter-doherty-jehnny-beth-sont-dans-la-playlist-de-la-semaine","status":"publish","type":"post","link":"https:\/\/www.europesays.com\/fr\/105652\/","title":{"rendered":"Benjamin Biolay, Peter Doherty, Jehnny Beth\u2026 sont dans la playlist de la semaine !"},"content":{"rendered":"<p>Avec aussi Andrea Laszlo De Simone, Billy Nomates, NxWorries et Spill Tab.<\/p>\n<p>En plein tumulte cannois, notre radar musical ne faiblit pas. Cette semaine,\u00a0notre playlist s\u2019ouvre avec <strong><a href=\"https:\/\/www.lesinrocks.com\/musique\/benjamin-biolay-nous-offre-une-reprise-exclusive-de-desormais-daznavour-325425-02-10-2019\/\" rel=\"nofollow noopener\" target=\"_blank\">Benjamin Biolay<\/a>,<\/strong> qui signe son retour avec Adieu Paris, premier extrait de son prochain opus Le Disque bleu, qui para\u00eetra cet automne. Une chanson \u00e0 fleur de peau dans laquelle il met en sc\u00e8ne sa rupture avec la capitale fran\u00e7aise, devenue \u00e0 ses yeux trop grise.<\/p>\n<p>\u00c9galement branch\u00e9 g\u00e9ographie, <strong>Peter Doherty<\/strong>, qui a trouv\u00e9 refuge en Normandie \u2013 r\u00e9gion \u00e0 laquelle il fait la part belle dans <a href=\"https:\/\/www.lesinrocks.com\/musique\/felt-better-alive-ou-comment-savourer-la-country-folk-normande-de-peter-doherty-656250-12-05-2025\/\" rel=\"nofollow noopener\" target=\"_blank\">son nouvel album aux accents country-folk<\/a> \u2013, rend un hommage au stade du Havre dans le morceau Stade Oc\u00e9an, qui pourrait \u00eatre \u00e9chapp\u00e9 de la p\u00e9riode des Babyshambles.<\/p>\n<p>Autre retour remarqu\u00e9, celui de <strong>Jehnny Beth<\/strong>, cette fois-ci en solo. Elle nous livre <a href=\"https:\/\/www.lesinrocks.com\/musique\/en-ecoute-broken-rib-le-nouveau-single-de-jehnny-beth-664985-15-05-2025\/\" rel=\"nofollow noopener\" target=\"_blank\">Broken Rib<\/a>, premier extrait d\u2019un disque \u00e0 venir, et ode \u00e0 la lutte tant contre les c\u0153urs bris\u00e9s que contre l\u2019ordre \u00e9tabli, dans une catharsis punk qui lui va toujours aussi bien.<\/p>\n<p>\u00c0 retrouver \u00e9galement cette semaine<\/p>\n<p><strong><a href=\"https:\/\/www.google.com\/url?sa=t&amp;source=web&amp;rct=j&amp;opi=89978449&amp;url=https:\/\/www.lesinrocks.com\/musique\/andrea-laszlo-de-simone-vous-souhaite-une-bonne-annee-avec-un-momento-migliore-638414-02-01-2025\/&amp;ved=2ahUKEwixpOvplKiNAxVdRKQEHTTFDHwQFnoECB8QAQ&amp;usg=AOvVaw3aKc6cjChx6hB_UFia4GRo\" rel=\"nofollow noopener\" target=\"_blank\">Andrea Laszlo De Simone<\/a><\/strong> glisse de son c\u00f4t\u00e9 La Notte, titre tout en d\u00e9licatesse qui annonce un nouveau disque, Una Lunghissima Ombra, lequel nous parviendra apr\u00e8s l\u2019\u00e9t\u00e9. <strong><a href=\"https:\/\/www.lesinrocks.com\/musique\/concert\/les-inrocks-festival-billy-nomates-emancipation-feminine-en-terres-punk-650546-11-02-2025\/\" rel=\"nofollow noopener\" target=\"_blank\">Billy Nomates<\/a><\/strong>, pr\u00e9sente au dernier Inrocks Festival, poursuit sa m\u00e9tamorphose pop sur Metalhorse, disque o\u00f9 l\u2019on cueille The Test, sur lequel la chanteuse de Bristol convoque la pop et la new wave.<\/p>\n<p>Le duo <strong>NxWorries<\/strong>, form\u00e9 par <a href=\"https:\/\/www.lesinrocks.com\/musique\/anderson-paak-surfe-sur-la-coolitude-californienne-avec-ventura-150553-26-04-2019\/\" rel=\"nofollow noopener\" target=\"_blank\">Anderson .Paak<\/a> et Knxwledge, signe lui aussi son retour avec Everybody Gets Down, \u00e9chapp\u00e9e house groovy id\u00e9ale pour les premi\u00e8res chaleurs. Moins soul mais plus club qu\u2019\u00e0 son habitude, il en demeure tr\u00e8s efficace. Enfin, la Franco-Cor\u00e9enne <strong>Spill Tab<\/strong> d\u00e9voile son premier album, <a href=\"https:\/\/www.lesinrocks.com\/musique\/spill-tab-nouvelle-revelation-de-la-pop-mondialisee-656287-14-05-2025\/\" rel=\"nofollow noopener\" target=\"_blank\">Angie<\/a>, sur lequel elle d\u00e9ploie une pop hybride et intime naviguant entre fran\u00e7ais et anglais : on retient le titre cotonneux Hold Me, certes moins abrasif que le reste du disque, mais tout aussi percutant.<\/p>\n<p><strong>Beaucoup d\u2019autres p\u00e9pites sont \u00e0 retrouver dans la playlist de la semaine<\/strong>.<\/p>\n<\/p>\n<p>\u00c0 lire \u00e9galement<\/p>\n<ul class=\"similar_articles\">\n<li>\n                                                        <a href=\"https:\/\/www.lesinrocks.com\/musique\/benjamin-biolay-caroline-polachek-sparklehorse-sont-dans-la-playlist-de-la-semaine-521414-09-12-2022\/\" class=\"similar_article\" rel=\"nofollow noopener\" target=\"_blank\"><br \/>\n                                                            <img loading=\"lazy\" width=\"380\" height=\"285\" src=\"https:\/\/www.europesays.com\/fr\/wp-content\/uploads\/2025\/05\/Capture-decran-2022-12-09-a-15.57.29-t-380x285-crop.png\" class=\"similar_article_thumb wp-post-image\" alt=\"\" decoding=\"async\"\/><\/p>\n<p>\n                                                                Benjamin Biolay, Caroline Polachek, Sparklehorse\u2026 sont dans la playlist de la semaine !\n                                                            <\/p>\n<p>                                                        <\/a>\n                                                    <\/li>\n<li>\n                                                        <a href=\"https:\/\/www.lesinrocks.com\/musique\/bill-callahan-the-black-lips-charlotte-de-witte-sont-dans-la-playlist-de-la-semaine-506286-14-10-2022\/\" class=\"similar_article\" rel=\"nofollow noopener\" target=\"_blank\"><br \/>\n                                                            <img loading=\"lazy\" width=\"380\" height=\"285\" src=\"https:\/\/www.europesays.com\/fr\/wp-content\/uploads\/2025\/05\/Capture-decran-2022-10-14-a-13.34.10-t-380x285-crop.png\" class=\"similar_article_thumb wp-post-image\" alt=\"\" decoding=\"async\"\/><\/p>\n<p>\n                                                                Bill Callahan, The Black Lips, Charlotte de Witte\u2026 sont dans la playlist de la semaine !\n                                                            <\/p>\n<p>                                                        <\/a>\n                                                    <\/li>\n<li>\n                                                        <a href=\"https:\/\/www.lesinrocks.com\/musique\/sorry-kids-return-la-femme-broken-bells-lee-ann-curren-sont-dans-la-playlist-de-la-semaine-%ef%bf%bc-504094-07-10-2022\/\" class=\"similar_article\" rel=\"nofollow noopener\" target=\"_blank\"><br \/>\n                                                            <img loading=\"lazy\" width=\"380\" height=\"285\" src=\"https:\/\/www.europesays.com\/fr\/wp-content\/uploads\/2025\/05\/03-KIDS-RETURN--c-Elsa-Johanna-t-380x285-crop.jpg\" class=\"similar_article_thumb wp-post-image\" alt=\"\" decoding=\"async\"\/><\/p>\n<p>\n                                                                Sorry, Kids Return, La Femme, Broken Bells, Lee-Ann Curren\u2026 sont dans la playlist de la semaine !\ufffc\n                                                            <\/p>\n<p>                                                        <\/a>\n                                                    <\/li>\n<li>\n                                                        <a href=\"https:\/\/www.lesinrocks.com\/musique\/dehd-jeshi-liam-gallagher-sont-dans-la-playlist-de-la-semaine-472651-27-05-2022\/\" class=\"similar_article\" rel=\"nofollow noopener\" target=\"_blank\"><br \/>\n                                                            <img loading=\"lazy\" width=\"380\" height=\"285\" src=\"https:\/\/www.europesays.com\/fr\/wp-content\/uploads\/2025\/05\/Liam-t-380x285-crop.jpg\" class=\"similar_article_thumb wp-post-image\" alt=\"\" decoding=\"async\"\/><\/p>\n<p>\n                                                                Dehd, Jeshi, Liam Gallagher\u2026 sont dans la playlist de la semaine !\n                                                            <\/p>\n<p>                                                        <\/a>\n                                                    <\/li>\n<li>\n                                                        <a href=\"https:\/\/www.lesinrocks.com\/musique\/arcade-fire-rosalia-the-smile-sont-dans-la-playlist-de-la-semaine-454982-18-03-2022\/\" class=\"similar_article\" rel=\"nofollow noopener\" target=\"_blank\"><br \/>\n                                                            <img loading=\"lazy\" width=\"380\" height=\"285\" src=\"https:\/\/www.europesays.com\/fr\/wp-content\/uploads\/2025\/05\/Capture-decran-2022-03-18-a-15.54.34-t-380x285-crop.png\" class=\"similar_article_thumb wp-post-image\" alt=\"\" decoding=\"async\"\/><\/p>\n<p>\n                                                                Arcade Fire, Rosal\u00eda, The Smile\u2026 sont dans la playlist de la semaine !\n                                                            <\/p>\n<p>                                                        <\/a>\n                                                    <\/li>\n<li>\n                                                        <a href=\"https:\/\/www.lesinrocks.com\/musique\/franz-ferdinand-regina-demina-alex-cameron-sont-dans-la-playlist-de-la-semaine-452577-11-03-2022\/\" class=\"similar_article\" rel=\"nofollow noopener\" target=\"_blank\"><br \/>\n                                                            <img loading=\"lazy\" width=\"380\" height=\"285\" src=\"https:\/\/www.europesays.com\/fr\/wp-content\/uploads\/2025\/05\/c-Remi-Ferrante-7-e1647011107553-t-380x285-crop.jpg\" class=\"similar_article_thumb wp-post-image\" alt=\"\u00a9 Re\u0301mi Ferrante 7\" decoding=\"async\"\/><\/p>\n<p>\n                                                                Franz Ferdinand, Regina Demina, Alex Cameron\u2026 sont dans la playlist de la semaine !\n                                                            <\/p>\n<p>                                                        <\/a>\n                                                    <\/li>\n<\/ul>\n","protected":false},"excerpt":{"rendered":"Avec aussi Andrea Laszlo De Simone, Billy Nomates, NxWorries et Spill Tab. En plein tumulte cannois, notre radar&hellip;\n","protected":false},"author":2,"featured_media":105653,"comment_status":"","ping_status":"","sticky":false,"template":"","format":"standard","meta":{"footnotes":""},"categories":[1355],"tags":[7036,58,59,1011,27,1361,873],"class_list":{"0":"post-105652","1":"post","2":"type-post","3":"status-publish","4":"format-standard","5":"has-post-thumbnail","7":"category-musique","8":"tag-benjamin-biolay","9":"tag-divertissement","10":"tag-entertainment","11":"tag-fr","12":"tag-france","13":"tag-music","14":"tag-musique"},"share_on_mastodon":{"url":"https:\/\/pubeurope.com\/@fr\/114520224359458150","error":""},"_links":{"self":[{"href":"https:\/\/www.europesays.com\/fr\/wp-json\/wp\/v2\/posts\/105652","targetHints":{"allow":["GET"]}}],"collection":[{"href":"https:\/\/www.europesays.com\/fr\/wp-json\/wp\/v2\/posts"}],"about":[{"href":"https:\/\/www.europesays.com\/fr\/wp-json\/wp\/v2\/types\/post"}],"author":[{"embeddable":true,"href":"https:\/\/www.europesays.com\/fr\/wp-json\/wp\/v2\/users\/2"}],"replies":[{"embeddable":true,"href":"https:\/\/www.europesays.com\/fr\/wp-json\/wp\/v2\/comments?post=105652"}],"version-history":[{"count":0,"href":"https:\/\/www.europesays.com\/fr\/wp-json\/wp\/v2\/posts\/105652\/revisions"}],"wp:featuredmedia":[{"embeddable":true,"href":"https:\/\/www.europesays.com\/fr\/wp-json\/wp\/v2\/media\/105653"}],"wp:attachment":[{"href":"https:\/\/www.europesays.com\/fr\/wp-json\/wp\/v2\/media?parent=105652"}],"wp:term":[{"taxonomy":"category","embeddable":true,"href":"https:\/\/www.europesays.com\/fr\/wp-json\/wp\/v2\/categories?post=105652"},{"taxonomy":"post_tag","embeddable":true,"href":"https:\/\/www.europesays.com\/fr\/wp-json\/wp\/v2\/tags?post=105652"}],"curies":[{"name":"wp","href":"https:\/\/api.w.org\/{rel}","templated":true}]}}