{"id":1056566,"date":"2026-07-10T19:52:18","date_gmt":"2026-07-10T19:52:18","guid":{"rendered":"https:\/\/www.europesays.com\/fr\/1056566\/"},"modified":"2026-07-10T19:52:18","modified_gmt":"2026-07-10T19:52:18","slug":"francis-szpiner-mis-en-examen-pour-corruption-passive","status":"publish","type":"post","link":"https:\/\/www.europesays.com\/fr\/1056566\/","title":{"rendered":"Francis Szpiner mis en examen pour corruption passive"},"content":{"rendered":"<p><img loading=\"lazy\" decoding=\"async\" alt=\"S\u00e9nateur et avocat, Francis Szpiner a \u00e9t\u00e9 mis en examen du chef de corruption passive, soup\u00e7onn\u00e9 d\u2019avoir facilit\u00e9 l\u2019attribution d\u2019un logement social \u00e0 une femme en \u00e9change de relations sexuelles. - \u00a9 AP\/Alexandre Sarkissian\" data-zoom-src=\"https:\/\/www.europesays.com\/fr\/wp-content\/uploads\/2026\/07\/initial-francis-szpiner.jpg\" data-zoomable=\"\" height=\"702\" src=\"https:\/\/www.europesays.com\/fr\/wp-content\/uploads\/2026\/07\/initial-francis-szpiner.jpg\" width=\"1248\"\/>  <\/p>\n<p class=\"article-desc\">S\u00e9nateur et avocat, Francis Szpiner a \u00e9t\u00e9 mis en examen du chef de corruption passive, soup\u00e7onn\u00e9 d\u2019avoir facilit\u00e9 l\u2019attribution d\u2019un logement social \u00e0 une femme en \u00e9change de relations sexuelles. &#8211; \u00a9 AP\/Alexandre Sarkissian <\/p>\n<p>Le <a href=\"https:\/\/mesinfos.fr\/75000-paris\/francois-molins-le-parquet-est-beaucoup-plus-independant-qu-avant-232160.html\" rel=\"noopener nofollow\" target=\"_blank\">parquet de Paris<\/a> a confirm\u00e9 une information r\u00e9v\u00e9l\u00e9e par Le Parisien. <strong>Francis Szpiner<\/strong> a \u00e9t\u00e9 d\u00e9f\u00e9r\u00e9 devant un juge d\u2019instruction et mis en examen du chef de corruption passive par un \u00e9lu, indique, vendredi 10 juillet, un communiqu\u00e9 sign\u00e9 <strong>Laure Beccuau<\/strong>, la procureure de Paris. <\/p>\n<p>Le <a href=\"https:\/\/mesinfos.fr\/75000-paris\/le-senateur-francis-szpiner-vise-par-une-enquete-judiciaire-perd-son-immunite-parlementaire-248736.html\" rel=\"noopener nofollow\" target=\"_blank\">s\u00e9nateur Les R\u00e9publicains<\/a> et avocat de 72 ans est poursuivi pour l\u2019attribution d\u2019un logement social \u00e0 une femme en \u00e9change de relations sexuelles. Ce d\u00e9lit fait encourir la peine de 10 ans d\u2019emprisonnement et un million d\u2019euros d\u2019amende.<\/p>\n<p> Nouvelle demande de lev\u00e9e d\u2019immunit\u00e9 parlementaire <\/p>\n<p>A l\u2019\u00e9poque des faits reproch\u00e9s, entre f\u00e9vrier et mai 2023, <a href=\"https:\/\/mesinfos.fr\/75000-paris\/le-senateur-francis-szpiner-vise-par-une-enquete-pour-corruption-220812.html\" rel=\"noopener nofollow\" target=\"_blank\">Francis Szpiner<\/a> occupait les fonctions de maire du 16e arrondissement de la capitale. Il aurait alors abus\u00e9 de son statut pour obtenir le logement social en question. La b\u00e9n\u00e9ficiaire a \u00e9galement \u00e9t\u00e9 mise en examen le 9 juillet, pr\u00e9cise le <strong>parquet de Paris<\/strong>, du chef de corruption active d\u2019un \u00e9lu. Elle a \u00e9t\u00e9 plac\u00e9e sous contr\u00f4le judiciaire avec interdiction de contact avec la c\u00e9l\u00e8bre robe noire. Elle risque aussi 10 ans d\u2019emprisonnement et un million d\u2019euros d\u2019amende.<\/p>\n<p>Une information judiciaire des chefs de <strong>corruption <\/strong>passive et de corruption active avait \u00e9t\u00e9 ouverte le 7 avril 2025. Le 7 juillet dernier, les juges d\u2019instruction ont formul\u00e9 une nouvelle demande de lev\u00e9e d\u2019immunit\u00e9 parlementaire du s\u00e9nateur, afin d\u2019envisager une mesure de s\u00fbret\u00e9. La demande a \u00e9t\u00e9 transmise au <strong>S\u00e9nat<\/strong>, poursuit le <strong>parquet de Paris<\/strong>, qui a fait savoir qu\u2019elle serait examin\u00e9e \u00e0 la premi\u00e8re date utile, soit lors de la prochaine r\u00e9union du bureau, le 16 juillet 2026.<\/p>\n","protected":false},"excerpt":{"rendered":"S\u00e9nateur et avocat, Francis Szpiner a \u00e9t\u00e9 mis en examen du chef de corruption passive, soup\u00e7onn\u00e9 d\u2019avoir facilit\u00e9&hellip;\n","protected":false},"author":2,"featured_media":1056567,"comment_status":"","ping_status":"","sticky":false,"template":"","format":"standard","meta":{"footnotes":"","_share_on_mastodon":"0"},"categories":[1888],"tags":[1111,1928,11,1927,1770,1777,674,1011,27,12,1926,626,1925,25,21235],"class_list":["post-1056566","post","type-post","status-publish","format-standard","has-post-thumbnail","category-paris","tag-actu","tag-actu-paris","tag-actualites","tag-actualites-paris","tag-corruption","tag-eu","tag-europe","tag-fr","tag-france","tag-news","tag-news-paris","tag-paris","tag-paris-news","tag-republique-francaise","tag-su00e9nat"],"share_on_mastodon":{"url":"https:\/\/pubeurope.com\/@fr\/116897432943139623","error":""},"_links":{"self":[{"href":"https:\/\/www.europesays.com\/fr\/wp-json\/wp\/v2\/posts\/1056566","targetHints":{"allow":["GET"]}}],"collection":[{"href":"https:\/\/www.europesays.com\/fr\/wp-json\/wp\/v2\/posts"}],"about":[{"href":"https:\/\/www.europesays.com\/fr\/wp-json\/wp\/v2\/types\/post"}],"author":[{"embeddable":true,"href":"https:\/\/www.europesays.com\/fr\/wp-json\/wp\/v2\/users\/2"}],"replies":[{"embeddable":true,"href":"https:\/\/www.europesays.com\/fr\/wp-json\/wp\/v2\/comments?post=1056566"}],"version-history":[{"count":0,"href":"https:\/\/www.europesays.com\/fr\/wp-json\/wp\/v2\/posts\/1056566\/revisions"}],"wp:featuredmedia":[{"embeddable":true,"href":"https:\/\/www.europesays.com\/fr\/wp-json\/wp\/v2\/media\/1056567"}],"wp:attachment":[{"href":"https:\/\/www.europesays.com\/fr\/wp-json\/wp\/v2\/media?parent=1056566"}],"wp:term":[{"taxonomy":"category","embeddable":true,"href":"https:\/\/www.europesays.com\/fr\/wp-json\/wp\/v2\/categories?post=1056566"},{"taxonomy":"post_tag","embeddable":true,"href":"https:\/\/www.europesays.com\/fr\/wp-json\/wp\/v2\/tags?post=1056566"}],"curies":[{"name":"wp","href":"https:\/\/api.w.org\/{rel}","templated":true}]}}