{"id":105660,"date":"2025-05-17T00:01:09","date_gmt":"2025-05-17T00:01:09","guid":{"rendered":"https:\/\/www.europesays.com\/fr\/105660\/"},"modified":"2025-05-17T00:01:09","modified_gmt":"2025-05-17T00:01:09","slug":"la-frequentation-des-cinemas-dans-le-monde-a-recule-pour-la-premiere-fois-depuis-le-covid","status":"publish","type":"post","link":"https:\/\/www.europesays.com\/fr\/105660\/","title":{"rendered":"La fr\u00e9quentation des cin\u00e9mas dans le monde a recul\u00e9 pour la premi\u00e8re fois depuis le Covid"},"content":{"rendered":"<p>Depuis 2020, ann\u00e9e noire pour les cin\u00e9mas \u00e0 cause des restrictions sanitaires, la fr\u00e9quentation des salles obscures n\u2019avait fait qu\u2019augmenter dans le monde. Mais en 2024, le nombre de tickets vendus a recul\u00e9 de 8,8%.<\/p>\n<p class=\"fig-paragraph\">Le nombre de tickets vendus dans les\u00a0<a href=\"http:\/\/www.lefigaro.fr\/vox\/societe\/nous-ministres-de-la-culture-de-l-ue-appelons-a-ouvrir-les-yeux-sur-la-richesse-de-notre-cinema-20250516\" target=\"_blank\" data-fig-type=\"Article\" rel=\"noopener\" data-gtm-custom-categorie=\"navigation\" data-gtm-custom-action=\"crossclick\" data-gtm-custom-label=\"Contextuel\" data-gtm-event=\"customEventSPE\" data-fig-domain=\"LEFIGARO\">cin\u00e9mas<\/a>\u00a0du monde entier a recul\u00e9 de 8,8% en 2024 par rapport \u00e0 2023, une premi\u00e8re depuis le\u00a0<a href=\"http:\/\/madame.lefigaro.fr\/bien-etre\/psycho\/bebes-nes-pendant-le-covid-ces-enfants-sont-ils-aujourd-hui-differents-des-autres-20250516\" target=\"_blank\" data-fig-type=\"Article\" rel=\"noopener\" data-gtm-custom-categorie=\"navigation\" data-gtm-custom-action=\"crossclick\" data-gtm-custom-label=\"Contextuel\" data-gtm-event=\"customEventSPE\" data-fig-domain=\"MADAME\">Covid<\/a>, a d\u00e9voil\u00e9 l&rsquo;Observatoire europ\u00e9en de l&rsquo;audiovisuel (OEA) lors d&rsquo;une conf\u00e9rence au March\u00e9 du film \u00e0\u00a0<a href=\"https:\/\/photo-madame.lefigaro.fr\/style\/news\/les-accidents-sur-le-tapis-rouge-de-cannes-20250516\" target=\"_blank\" data-fig-type=\"SlideShowResource\" rel=\"noopener\" data-gtm-custom-categorie=\"navigation\" data-gtm-custom-action=\"crossclick\" data-gtm-custom-label=\"Contextuel\" data-gtm-event=\"customEventSPE\" data-fig-domain=\"MADAME\">Cannes<\/a>\u00a0vendredi. \u00abEn 2024, un total de 4,8 milliards de tickets de cin\u00e9ma ont \u00e9t\u00e9 vendus dans le monde, g\u00e9n\u00e9rant des revenus estim\u00e9s \u00e0 28 milliards d&rsquo;euros\u00bb, a indiqu\u00e9 Martin Kanzler, de l&rsquo;OEA. \u00abC&rsquo;est 500 millions de tickets en moins par rapport \u00e0 2023\u00bb, a-t-il pr\u00e9cis\u00e9.<\/p>\n<p class=\"fig-paragraph\">Depuis 2020, ann\u00e9e noire pour les cin\u00e9mas \u00e0 cause des restrictions sanitaires, la fr\u00e9quentation des salles obscures n&rsquo;avait fait qu&rsquo;augmenter dans le monde. \u00abPeut-\u00eatre avons-nous atteint un nouveau plateau\u00bb, a avanc\u00e9 Martin Kanzler. La fr\u00e9quentation des cin\u00e9mas atteint 68% de celle de 2019, derni\u00e8re ann\u00e9e avant la pand\u00e9mie, contre plus de 70% en 2023.<\/p>\n<p>L\u2019Europe r\u00e9siste<\/p>\n<p class=\"fig-paragraph\">Dans cet environnement peu dynamique, l&rsquo;Europe r\u00e9siste mieux que les autres r\u00e9gions du monde. Le taux de fr\u00e9quentation des cin\u00e9mas atteint 75% de celui de 2019 et la baisse du nombre de tickets vendus n&rsquo;a \u00e9t\u00e9 que de 1,7% en 2024. \u00c0 l\u2019inverse en Chine, plus gros march\u00e9 du monde avec 21% de parts de march\u00e9, la chute de la fr\u00e9quentation a atteint 22%.<\/p>\n<p class=\"fig-paragraph\">En Europe, deux pays se distinguent par leur densit\u00e9 de salles obscures par habitant et un taux moyen de fr\u00e9quentation \u00e9lev\u00e9: la France et l&rsquo;Irlande. Concernant les productions, \u00abla grande majorit\u00e9 d&rsquo;entre elles, 81% pour \u00eatre pr\u00e9cis, sont li\u00e9es \u00e0 des films produits dans trois pays\u00bb, \u00e0 savoir les Etats-Unis, la Chine et l&rsquo;Inde, a soulign\u00e9 Manuel Fioroni, analyste \u00e0 l&rsquo;OEA.<\/p>\n<p class=\"fig-paragraph\">\u00c0 la diff\u00e9rence des productions chinoises et indiennes, quasiment exclusivement vendues sur leurs march\u00e9s domestiques, les films am\u00e9ricains s&rsquo;exportent et \u00abtraversent facilement les fronti\u00e8res gr\u00e2ce \u00e0 leur r\u00e9seau de distribution mais aussi leur audience internationale\u00bb. En Europe, 63% des spectateurs ont vu un film am\u00e9ricain en 2024. Mais les productions europ\u00e9ennes grignotent leur retard et ont enregistr\u00e9 33% de parts de march\u00e9. \u00abC&rsquo;est le meilleur r\u00e9sultat depuis quatre ans, et m\u00eame dix ans si on excepte l&rsquo;ann\u00e9e de la pand\u00e9mie en 2020\u00bb, a relev\u00e9 Manuel Fioroni.<\/p>\n<p class=\"fig-paragraph\">Sur les 20 plus gros succ\u00e8s du box-office en Europe, 18 films sont am\u00e9ricains. Vice-Versa 2, Moi, moche et m\u00e9chant 4 et Deadpool &amp; Wolverine occupent le podium. Les deux productions europ\u00e9ennes du top 20 sont fran\u00e7aises avec Un p&rsquo;tit truc en plus et Le comte de Monte-Cristo.<\/p>\n","protected":false},"excerpt":{"rendered":"Depuis 2020, ann\u00e9e noire pour les cin\u00e9mas \u00e0 cause des restrictions sanitaires, la fr\u00e9quentation des salles obscures n\u2019avait&hellip;\n","protected":false},"author":2,"featured_media":105661,"comment_status":"","ping_status":"","sticky":false,"template":"","format":"standard","meta":{"footnotes":""},"categories":[8],"tags":[2084,2083,2080,650,4400,58,59,2081,1346,1011,27,2082],"class_list":{"0":"post-105660","1":"post","2":"type-post","3":"status-publish","4":"format-standard","5":"has-post-thumbnail","7":"category-divertissement","8":"tag-affiche","9":"tag-bandes-annonces","10":"tag-box-office","11":"tag-cinema","12":"tag-covid","13":"tag-divertissement","14":"tag-entertainment","15":"tag-film","16":"tag-films","17":"tag-fr","18":"tag-france","19":"tag-salles"},"share_on_mastodon":{"url":"https:\/\/pubeurope.com\/@fr\/114520239890720694","error":""},"_links":{"self":[{"href":"https:\/\/www.europesays.com\/fr\/wp-json\/wp\/v2\/posts\/105660","targetHints":{"allow":["GET"]}}],"collection":[{"href":"https:\/\/www.europesays.com\/fr\/wp-json\/wp\/v2\/posts"}],"about":[{"href":"https:\/\/www.europesays.com\/fr\/wp-json\/wp\/v2\/types\/post"}],"author":[{"embeddable":true,"href":"https:\/\/www.europesays.com\/fr\/wp-json\/wp\/v2\/users\/2"}],"replies":[{"embeddable":true,"href":"https:\/\/www.europesays.com\/fr\/wp-json\/wp\/v2\/comments?post=105660"}],"version-history":[{"count":0,"href":"https:\/\/www.europesays.com\/fr\/wp-json\/wp\/v2\/posts\/105660\/revisions"}],"wp:featuredmedia":[{"embeddable":true,"href":"https:\/\/www.europesays.com\/fr\/wp-json\/wp\/v2\/media\/105661"}],"wp:attachment":[{"href":"https:\/\/www.europesays.com\/fr\/wp-json\/wp\/v2\/media?parent=105660"}],"wp:term":[{"taxonomy":"category","embeddable":true,"href":"https:\/\/www.europesays.com\/fr\/wp-json\/wp\/v2\/categories?post=105660"},{"taxonomy":"post_tag","embeddable":true,"href":"https:\/\/www.europesays.com\/fr\/wp-json\/wp\/v2\/tags?post=105660"}],"curies":[{"name":"wp","href":"https:\/\/api.w.org\/{rel}","templated":true}]}}