{"id":105668,"date":"2025-05-17T00:05:11","date_gmt":"2025-05-17T00:05:11","guid":{"rendered":"https:\/\/www.europesays.com\/fr\/105668\/"},"modified":"2025-05-17T00:05:11","modified_gmt":"2025-05-17T00:05:11","slug":"des-videos-de-residents-dun-ehpad-en-fin-de-vie-et-humilies-mises-en-ligne-par-une-salariee","status":"publish","type":"post","link":"https:\/\/www.europesays.com\/fr\/105668\/","title":{"rendered":"Des vid\u00e9os de r\u00e9sidents d\u2019un Ehpad en fin de vie et humili\u00e9s mises en ligne par une salari\u00e9e"},"content":{"rendered":"<p>Des vid\u00e9os tourn\u00e9es au sein d\u2019un <a href=\"https:\/\/www.20minutes.fr\/dossier\/ehpad\" target=\"_blank\" class=\"color-ultramarine c-link\" rel=\"noopener\">Ehpad<\/a> de <a href=\"https:\/\/www.20minutes.fr\/dossier\/saint-etienne\" target=\"_blank\" class=\"color-ultramarine c-link\" rel=\"noopener\">Saint-Etienne<\/a>, montrant des r\u00e9sidents \u00e2g\u00e9s \u00e0 demi-nus, moqu\u00e9s ou mis en sc\u00e8ne sur leur lit de mort, ont provoqu\u00e9 une onde de choc. Une salari\u00e9e, infirmi\u00e8re de profession, a \u00e9t\u00e9 licenci\u00e9e apr\u00e8s avoir diffus\u00e9 ces images en ligne.<\/p>\n<p>L\u2019affaire, r\u00e9v\u00e9l\u00e9e par Le Progr\u00e8s et confirm\u00e9e par plusieurs sources au <a href=\"https:\/\/www.lefigaro.fr\/lyon\/saint-etienne-des-videos-de-residents-d-un-ehpad-filmes-sur-leur-lit-de-mort-a-demi-nus-ou-humilies-publiees-en-ligne-par-une-salariee-20250516?utm_content=photo&amp;utm_term=Le_Figaro&amp;utm_campaign=Nonli&amp;utm_medium=Social&amp;utm_source=Twitter\" rel=\"nofollow noopener\" target=\"_blank\" class=\"color-ultramarine c-link\">Figaro<\/a>, implique une jeune soignante de l\u2019\u00e9tablissement Les Astr\u00e9es, exploit\u00e9 par le groupe Korian. L\u2019une des vid\u00e9os montre une patiente d\u00e9c\u00e9d\u00e9e avec un paquet de cigarettes plac\u00e9 entre les mains, accompagn\u00e9e d\u2019un commentaire railleur. Une autre d\u00e9voile une femme film\u00e9e partiellement d\u00e9nud\u00e9e durant sa toilette, mimant une danse inspir\u00e9e par un agent vacataire \u2013 \u00e9galement licenci\u00e9.<\/p>\n<p>\u00ab\u00a0Des faits de maltraitance\u00a0\u00bb<\/p>\n<p>Face \u00e0 l\u2019indignation suscit\u00e9e par ces actes, la direction de Korian a d\u00e9nonc\u00e9 des \u00ab\u00a0faits de <a href=\"https:\/\/www.20minutes.fr\/dossier\/maltraitance\" target=\"_blank\" class=\"color-ultramarine c-link\" rel=\"noopener\">maltraitance<\/a> [\u2026] graves et totalement contraires aux r\u00e8gles de l\u2019\u00e9tablissement L\u2019Astr\u00e9e, mais aussi aux valeurs humaines et professionnelles port\u00e9es par Korian\u00a0\u00bb, comme elle l\u2019a d\u00e9clar\u00e9 au Figaro. Le groupe \u00e9voque un \u00ab\u00a0comportement isol\u00e9 et exceptionnel\u00a0\u00bb et affirme avoir agi en mettant en place un plan d\u2019action incluant la sensibilisation des \u00e9quipes au droit \u00e0 l\u2019image, ainsi que le signalement imm\u00e9diat aux autorit\u00e9s.<\/p>\n<\/p>\n<p>Mais cette version est contredite par les autorit\u00e9s sanitaires. Selon l\u2019<a href=\"https:\/\/www.20minutes.fr\/dossier\/agence_regionale_de_sante\" target=\"_blank\" class=\"color-ultramarine c-link\" rel=\"noopener\">Agence r\u00e9gionale de sant\u00e9 (ARS)<\/a> <a href=\"https:\/\/www.20minutes.fr\/lyon\/auvergne-rhone-alpes\/\" target=\"_blank\" class=\"color-ultramarine c-link\" rel=\"noopener\">Auvergne-Rh\u00f4ne-Alpes<\/a>, les vid\u00e9os ont d\u2019abord \u00e9t\u00e9 re\u00e7ues anonymement par ses services, ce qui a motiv\u00e9 une convocation de la direction de l\u2019Ehpad. Ce n\u2019est qu\u2019apr\u00e8s cette intervention que Korian aurait proc\u00e9d\u00e9 aux sanctions internes et aux signalements au procureur de Saint-Etienne ainsi qu\u2019\u00e0 l\u2019ordre d\u00e9partemental des infirmiers. L\u2019ARS a \u00e9galement saisi la chambre disciplinaire r\u00e9gionale de l\u2019ordre, suspendant la professionnelle incrimin\u00e9e de tout exercice.<\/p>\n<p><a href=\"https:\/\/www.20minutes.fr\/dossier\/ehpad\" target=\"_blank\" class=\"c-link c-btn c-btn--primary\" rel=\"noopener\">Notre dossier sur les Ehpad<\/a><\/p>\n<p>Le Progr\u00e8s rapporte en outre que des lanceurs d\u2019alerte avaient d\u00e9j\u00e0 alert\u00e9 l\u2019ordre des infirmiers d\u00e8s d\u00e9cembre, et accuse l\u2019ancienne direction de l\u2019\u00e9tablissement d\u2019avoir tent\u00e9 d\u2019\u00e9touffer l\u2019affaire. Des accusations fermement rejet\u00e9es par Korian, qui insiste sur sa transparence et son action \u00ab\u00a0dans la semaine\u00a0\u00bb suivant les faits.<\/p>\n<p>Dans une volont\u00e9 d\u2019apaisement, Korian affirme avoir inform\u00e9 les familles des r\u00e9sidents concern\u00e9s, leur rappelant leur droit \u00e0 porter plainte. L\u2019une d\u2019elles a d\u00e9j\u00e0 saisi la justice.<\/p>\n","protected":false},"excerpt":{"rendered":"Des vid\u00e9os tourn\u00e9es au sein d\u2019un Ehpad de Saint-Etienne, montrant des r\u00e9sidents \u00e2g\u00e9s \u00e0 demi-nus, moqu\u00e9s ou mis&hellip;\n","protected":false},"author":2,"featured_media":105669,"comment_status":"","ping_status":"","sticky":false,"template":"","format":"standard","meta":{"footnotes":""},"categories":[4],"tags":[47,11,2430,12216,1011,27,3367,19232,12,25,2431,4001,1747,104],"class_list":{"0":"post-105668","1":"post","2":"type-post","3":"status-publish","4":"format-standard","5":"has-post-thumbnail","7":"category-france","8":"tag-actualite","9":"tag-actualites","10":"tag-auvergne-rhone-alpes","11":"tag-ehpad","12":"tag-fr","13":"tag-france","14":"tag-loire","15":"tag-maltraitance","16":"tag-news","17":"tag-republique-francaise","18":"tag-rhone-alpes","19":"tag-saint-etienne","20":"tag-scandale","21":"tag-societe"},"share_on_mastodon":{"url":"https:\/\/pubeurope.com\/@fr\/114520255619299568","error":""},"_links":{"self":[{"href":"https:\/\/www.europesays.com\/fr\/wp-json\/wp\/v2\/posts\/105668","targetHints":{"allow":["GET"]}}],"collection":[{"href":"https:\/\/www.europesays.com\/fr\/wp-json\/wp\/v2\/posts"}],"about":[{"href":"https:\/\/www.europesays.com\/fr\/wp-json\/wp\/v2\/types\/post"}],"author":[{"embeddable":true,"href":"https:\/\/www.europesays.com\/fr\/wp-json\/wp\/v2\/users\/2"}],"replies":[{"embeddable":true,"href":"https:\/\/www.europesays.com\/fr\/wp-json\/wp\/v2\/comments?post=105668"}],"version-history":[{"count":0,"href":"https:\/\/www.europesays.com\/fr\/wp-json\/wp\/v2\/posts\/105668\/revisions"}],"wp:featuredmedia":[{"embeddable":true,"href":"https:\/\/www.europesays.com\/fr\/wp-json\/wp\/v2\/media\/105669"}],"wp:attachment":[{"href":"https:\/\/www.europesays.com\/fr\/wp-json\/wp\/v2\/media?parent=105668"}],"wp:term":[{"taxonomy":"category","embeddable":true,"href":"https:\/\/www.europesays.com\/fr\/wp-json\/wp\/v2\/categories?post=105668"},{"taxonomy":"post_tag","embeddable":true,"href":"https:\/\/www.europesays.com\/fr\/wp-json\/wp\/v2\/tags?post=105668"}],"curies":[{"name":"wp","href":"https:\/\/api.w.org\/{rel}","templated":true}]}}