{"id":105674,"date":"2025-05-17T00:09:27","date_gmt":"2025-05-17T00:09:27","guid":{"rendered":"https:\/\/www.europesays.com\/fr\/105674\/"},"modified":"2025-05-17T00:09:27","modified_gmt":"2025-05-17T00:09:27","slug":"le-concert-de-thomas-dutronc-reporte-a-la-derniere-minute-a-nancy-voici-pourquoi","status":"publish","type":"post","link":"https:\/\/www.europesays.com\/fr\/105674\/","title":{"rendered":"Le concert de Thomas Dutronc report\u00e9 \u00e0 la derni\u00e8re minute \u00e0 Nancy : voici pourquoi"},"content":{"rendered":"<p>            Par<br \/>\n        <strong><br \/>\n            <a href=\"https:\/\/actu.fr\/auteur\/pierre-emile-bouchy-actu-fr\" title=\"Consulter tous les articles de Paul-Emile Bouchy\" target=\"_blank\" rel=\"noopener\">Paul-Emile Bouchy<\/a><br \/>\n        <\/strong><\/p>\n<p>        Publi\u00e9 le<\/p>\n<p>            16 mai 2025 \u00e0 12h02<br \/>\n        ; mis \u00e0 jour le 16 mai 2025 \u00e0 16h33    <\/p>\n<p>[<strong>Article mis \u00e0 jour vendredi 16 mai 2025 \u00e0 16h33.<\/strong>\u00a0 Le pr\u00e9avis de gr\u00e8ve sera lev\u00e9 ce vendredi soir \u00e0 minuit. D\u00e8s ce samedi, la salle Poirel fonctionnera normalement et le spectacle de l\u2019humoriste Constance est maintenu.]<\/p>\n<p class=\" wall-content\">Ce vendredi 16 mai 2025, le chanteur <strong>Thomas Dutronc<\/strong> devait se produire \u00e0 la salle Poirel de <a href=\"https:\/\/actu.fr\/grand-est\/nancy_54395\" target=\"_blank\" rel=\"noopener\">Nancy<\/a> (Meurthe-et-Moselle).<\/p>\n<p class=\" wall-content\">En raison d\u2019un pr\u00e9avis de <a href=\"https:\/\/actu.fr\/tag\/greve\" target=\"_blank\" rel=\"noopener\">gr\u00e8ve<\/a> d\u00e9pos\u00e9 par la F\u00e9d\u00e9ration autonome de la fonction publique territoriale et les personnels de la salle jusqu\u2019au samedi 17 mai,<strong> le concert est report\u00e9 au 22 janvier 2026<\/strong>.<\/p>\n<p>Le spectacle de Constance \u00e9galement menac\u00e9<\/p>\n<p class=\" wall-content\">La production du spectacle, Label LN, pr\u00e9cise que \u00ab <strong>les billets restent valables pour cette nouvelle date <\/strong>\u00bb. Les spectateurs qui le souhaitent peuvent \u00e9galement demander un remboursement aupr\u00e8s de leur point de vente.<\/p>\n<p>    <a href=\"https:\/\/www.facebook.com\/plugins\/post.php?href=https%3A%2F%2Fwww.facebook.com%2Fsalleetgaleriepoirel%2Fposts%2Fpfbid0rhBTiMpZXXpdsXSx2YPGdS9yGbzM2XSsj3Cu2AEn4G7LAsairQKuiGReannyTfZSl&amp;show_text=true&amp;width=350\" title=\"Ouvrie le lien\" target=\"_blank\" rel=\"noopener\">Cliquez ici pour visualiser le contenu<\/a><\/p>\n<p>Vid\u00e9os : en ce moment sur Actu<\/p>\n<p class=\" wall-content\">Au sujet du <strong>spectacle de l\u2019humoriste Constance<\/strong> qui doit avoir lieu ce samedi 17 mai, la production pr\u00e9cise qu\u2019elle aura des informations sur le maintien ou le report de la repr\u00e9sentation ce vendredi en d\u00e9but d\u2019apr\u00e8s-midi.<\/p>\n<p class=\" wall-content\">Suivez toute l\u2019actualit\u00e9 de vos villes et m\u00e9dias favoris en vous inscrivant \u00e0 <a href=\"https:\/\/moncompte.actu.fr\" title=\"D\u00e9couvez Mon Actu\" rel=\"nofollow noopener\" data-trk=\"{&quot;cta&quot;:{&quot;action&quot;:&quot;https:\\\/\\\/moncompte.actu.fr&quot;,&quot;category&quot;:&quot;mon compte&quot;,&quot;from&quot;:&quot;article footer&quot;,&quot;name&quot;:&quot;Mon actu&quot;,&quot;type&quot;:&quot;cta&quot;}}\" target=\"_blank\">Mon Actu<\/a>.<\/p>\n","protected":false},"excerpt":{"rendered":"Par Paul-Emile Bouchy Publi\u00e9 le 16 mai 2025 \u00e0 12h02 ; mis \u00e0 jour le 16 mai 2025&hellip;\n","protected":false},"author":2,"featured_media":105675,"comment_status":"","ping_status":"","sticky":false,"template":"","format":"standard","meta":{"footnotes":""},"categories":[9635],"tags":[1111,11,1697,1777,674,1011,27,775,6151,1652,1702,12,25],"class_list":{"0":"post-105674","1":"post","2":"type-post","3":"status-publish","4":"format-standard","5":"has-post-thumbnail","7":"category-nancy","8":"tag-actu","9":"tag-actualites","10":"tag-concert","11":"tag-eu","12":"tag-europe","13":"tag-fr","14":"tag-france","15":"tag-grand-est","16":"tag-greve","17":"tag-loisirs-culture","18":"tag-nancy","19":"tag-news","20":"tag-republique-francaise"},"share_on_mastodon":{"url":"https:\/\/pubeurope.com\/@fr\/114520271256248635","error":""},"_links":{"self":[{"href":"https:\/\/www.europesays.com\/fr\/wp-json\/wp\/v2\/posts\/105674","targetHints":{"allow":["GET"]}}],"collection":[{"href":"https:\/\/www.europesays.com\/fr\/wp-json\/wp\/v2\/posts"}],"about":[{"href":"https:\/\/www.europesays.com\/fr\/wp-json\/wp\/v2\/types\/post"}],"author":[{"embeddable":true,"href":"https:\/\/www.europesays.com\/fr\/wp-json\/wp\/v2\/users\/2"}],"replies":[{"embeddable":true,"href":"https:\/\/www.europesays.com\/fr\/wp-json\/wp\/v2\/comments?post=105674"}],"version-history":[{"count":0,"href":"https:\/\/www.europesays.com\/fr\/wp-json\/wp\/v2\/posts\/105674\/revisions"}],"wp:featuredmedia":[{"embeddable":true,"href":"https:\/\/www.europesays.com\/fr\/wp-json\/wp\/v2\/media\/105675"}],"wp:attachment":[{"href":"https:\/\/www.europesays.com\/fr\/wp-json\/wp\/v2\/media?parent=105674"}],"wp:term":[{"taxonomy":"category","embeddable":true,"href":"https:\/\/www.europesays.com\/fr\/wp-json\/wp\/v2\/categories?post=105674"},{"taxonomy":"post_tag","embeddable":true,"href":"https:\/\/www.europesays.com\/fr\/wp-json\/wp\/v2\/tags?post=105674"}],"curies":[{"name":"wp","href":"https:\/\/api.w.org\/{rel}","templated":true}]}}