{"id":105682,"date":"2025-05-17T00:13:09","date_gmt":"2025-05-17T00:13:09","guid":{"rendered":"https:\/\/www.europesays.com\/fr\/105682\/"},"modified":"2025-05-17T00:13:09","modified_gmt":"2025-05-17T00:13:09","slug":"previsions-du-samedi-17-mai-2025-6","status":"publish","type":"post","link":"https:\/\/www.europesays.com\/fr\/105682\/","title":{"rendered":"pr\u00e9visions du samedi 17 mai 2025"},"content":{"rendered":"<p>Aujourd&rsquo;hui, les Montpelli\u00e9rains vont pouvoir profiter d&rsquo;un soleil radieux. Le thermom\u00e8tre affichera 18\u00b0C en moyenne. Le matin, on pr\u00e9voit des temp\u00e9ratures avoisinant 19\u00b0C. Un vent de nord-ouest rafra\u00eechira quelque peu l&rsquo;atmosph\u00e8re. Les valeurs s&rsquo;\u00e9chelonneront entre 21\u00b0C et 22\u00b0C dans l&rsquo;apr\u00e8s-midi. Dans la soir\u00e9e, les temp\u00e9ratures seront de 18\u00b0C. Pendant que vous dormirez, dans la nuit de samedi \u00e0 dimanche, le ciel sera clair.<\/p>\n<p>Demain, un grand soleil rayonnera sur Montpellier. Les temp\u00e9ratures seront comprises entre 14 et 22\u00b0C. Il va faire environ 19\u00b0C, le matin. Un l\u00e9ger vent de nord-est soufflera. Les maximales iront jusqu&rsquo;\u00e0 22\u00b0C dans l&rsquo;apr\u00e8s-midi tandis que les minimales seront de 21\u00b0C. Les valeurs seront de 18\u00b0C au cours de la soir\u00e9e. Un vent de sud-ouest soufflera l\u00e9g\u00e8rement, avec 9 km\/h.<\/p>\n<p>Pour les prochains jours, la m\u00e9t\u00e9o ne changera pas. Le temps sera ensoleill\u00e9 avec des temp\u00e9ratures d&rsquo;environ 19\u00b0C.<\/p>\n<p><\/p>\n","protected":false},"excerpt":{"rendered":"Aujourd&rsquo;hui, les Montpelli\u00e9rains vont pouvoir profiter d&rsquo;un soleil radieux. Le thermom\u00e8tre affichera 18\u00b0C en moyenne. Le matin, on&hellip;\n","protected":false},"author":2,"featured_media":105683,"comment_status":"","ping_status":"","sticky":false,"template":"","format":"standard","meta":{"footnotes":""},"categories":[9599],"tags":[1111,11,1777,674,1011,27,7089,2681,2208,12,2680,2119,25],"class_list":{"0":"post-105682","1":"post","2":"type-post","3":"status-publish","4":"format-standard","5":"has-post-thumbnail","7":"category-montpellier","8":"tag-actu","9":"tag-actualites","10":"tag-eu","11":"tag-europe","12":"tag-fr","13":"tag-france","14":"tag-herault","15":"tag-languedoc-roussillon","16":"tag-montpellier","17":"tag-news","18":"tag-occitanie","19":"tag-previsions-meteo","20":"tag-republique-francaise"},"share_on_mastodon":{"url":"https:\/\/pubeurope.com\/@fr\/114520287131273919","error":""},"_links":{"self":[{"href":"https:\/\/www.europesays.com\/fr\/wp-json\/wp\/v2\/posts\/105682","targetHints":{"allow":["GET"]}}],"collection":[{"href":"https:\/\/www.europesays.com\/fr\/wp-json\/wp\/v2\/posts"}],"about":[{"href":"https:\/\/www.europesays.com\/fr\/wp-json\/wp\/v2\/types\/post"}],"author":[{"embeddable":true,"href":"https:\/\/www.europesays.com\/fr\/wp-json\/wp\/v2\/users\/2"}],"replies":[{"embeddable":true,"href":"https:\/\/www.europesays.com\/fr\/wp-json\/wp\/v2\/comments?post=105682"}],"version-history":[{"count":0,"href":"https:\/\/www.europesays.com\/fr\/wp-json\/wp\/v2\/posts\/105682\/revisions"}],"wp:featuredmedia":[{"embeddable":true,"href":"https:\/\/www.europesays.com\/fr\/wp-json\/wp\/v2\/media\/105683"}],"wp:attachment":[{"href":"https:\/\/www.europesays.com\/fr\/wp-json\/wp\/v2\/media?parent=105682"}],"wp:term":[{"taxonomy":"category","embeddable":true,"href":"https:\/\/www.europesays.com\/fr\/wp-json\/wp\/v2\/categories?post=105682"},{"taxonomy":"post_tag","embeddable":true,"href":"https:\/\/www.europesays.com\/fr\/wp-json\/wp\/v2\/tags?post=105682"}],"curies":[{"name":"wp","href":"https:\/\/api.w.org\/{rel}","templated":true}]}}