{"id":105688,"date":"2025-05-17T00:16:23","date_gmt":"2025-05-17T00:16:23","guid":{"rendered":"https:\/\/www.europesays.com\/fr\/105688\/"},"modified":"2025-05-17T00:16:23","modified_gmt":"2025-05-17T00:16:23","slug":"le-cout-exorbitant-du-spectacle-de-thomas-jolly-pour-le-14-juillet-denonce-par-des-elus-2","status":"publish","type":"post","link":"https:\/\/www.europesays.com\/fr\/105688\/","title":{"rendered":"Le co\u00fbt exorbitant du spectacle de Thomas Jolly pour le 14-Juillet d\u00e9nonc\u00e9 par des \u00e9lus"},"content":{"rendered":"<p>11\u00a0millions d\u2019euros. C\u2019est le co\u00fbt estim\u00e9 du spectacle pour le 14-Juillet \u00e0 <a href=\"https:\/\/www.20minutes.fr\/dossier\/rouen\" class=\"color-ultramarine c-link\" target=\"_blank\" rel=\"noopener\">Rouen<\/a> imagin\u00e9 par <a href=\"https:\/\/www.20minutes.fr\/sport\/jo_2024\/4108978-20240909-jeux-paralympiques-2024-soiree-electro-phryges-folie-thomas-jolly-enjaille-saint-denis-fin-jeux\" class=\"color-ultramarine c-link\" target=\"_blank\" rel=\"noopener\">Thomas Jolly, le directeur artistique des JO de Paris<\/a> en\u00a02024. L\u2019id\u00e9e de ce show d\u2019environ 1h30 est de \u00ab\u00a0promouvoir les valeurs de la R\u00e9publique\u00a0\u00bb. Six\u00a0millions proviendraient de financements priv\u00e9s et cinq de fonds publics, a indiqu\u00e9 \u00e0 l\u2019AFP une source proche du dossier, confirmant des informations de m\u00e9dias locaux, dont <a href=\"https:\/\/www.francebleu.fr\/infos\/culture-loisirs\/14-juillet-thomas-jolly-imagine-un-grand-spectacle-a-rouen-et-espere-le-decliner-dans-une-ville-differente-chaque-ete-3686310\" target=\"_blank\" class=\"color-ultramarine c-link\" rel=\"noopener\">Ici Normandie<\/a>.<\/p>\n<p>Ce projet, sur lequel le duo travaille depuis d\u00e9cembre, est con\u00e7u pour se d\u00e9rouler au bord de la Seine, dans la ville o\u00f9 Thomas Jolly a grandi. Il s\u2019agit de \u00ab\u00a0mettre en lumi\u00e8re artistes rouennais et associations culturelles locales\u00a0\u00bb, selon son entourage qui ne souhaite pas commenter le projet \u00ab\u00a0tant qu\u2019il ne sera pas valid\u00e9 et financ\u00e9 \u00e0 100\u00a0%\u00a0\u00bb.<\/p>\n<p>\u00ab\u00a0Projets pharaoniques\u00a0\u00bb<\/p>\n<p>Dans un communiqu\u00e9, la M\u00e9tropole, pr\u00e9sid\u00e9e par le maire socialiste <a href=\"https:\/\/www.20minutes.fr\/politique\/4150271-20250424-congres-ps-nicolas-mayer-rossignol-candidat-anti-faure\" class=\"color-ultramarine c-link\" target=\"_blank\" rel=\"noopener\">Nicolas Mayer-Rossignol<\/a>, a confirm\u00e9 que le projet n\u2019\u00e9tait \u00ab\u00a0pas valid\u00e9\u00a0\u00bb. Elle a d\u00e9fendu une participation financi\u00e8re publique \u00ab\u00a0inf\u00e9rieure \u00e0 50\u00a0% du budget total de la manifestation\u00a0\u00bb. \u00ab\u00a0Ces financements ne se feraient en aucun cas au d\u00e9triment des politiques publiques mises en \u0153uvre par les deux collectivit\u00e9s\u00a0\u00bb, a-t-elle ajout\u00e9.<\/p>\n<\/p>\n<p>Plusieurs \u00e9lus d\u2019opposition jugent le co\u00fbt de la manifestation trop \u00e9lev\u00e9. Marine Caron, conseill\u00e8re municipale et m\u00e9tropolitaine (Horizons) \u00e9voque une \u00ab\u00a0somme colossale\u00a0\u00bb, jugeant que Nicolas Mayer-Rossignol \u00ab\u00a0travaille seul sur les projets pharaoniques\u00a0\u00bb. \u00ab\u00a0Il nous a inform\u00e9s d\u2019une d\u00e9cision qui a \u00e9t\u00e9 prise en catimini. Cinq\u00a0millions d\u2019argent public dans une p\u00e9riode o\u00f9 le maire de Rouen demande \u00e0 tous les acteurs culturels, sportifs et associatifs de faire des efforts. Les finances publiques sont dans le rouge, les habitants rencontrent des difficult\u00e9s financi\u00e8res au quotidien. C\u2019est choquant de financer un show d\u20191h30 \u00e0 hauteur de cinq\u00a0millions d\u2019euros d\u2019argent public\u00a0\u00bb, a-t-elle regrett\u00e9 aupr\u00e8s de <a href=\"https:\/\/france3-regions.franceinfo.fr\/normandie\/seine-maritime\/rouen\/thomas-jolly-aux-commandes-du-14-juillet-a-rouen-on-ne-peut-pas-sortir-5-millions-d-argent-public-pour-1h30-de-show-3152687.html\" target=\"_blank\" class=\"color-ultramarine c-link\" rel=\"noopener\">France 3<\/a>.<\/p>\n<p>\u00ab\u00a0Je suis effar\u00e9\u00a0\u00bb<\/p>\n<p>\u00ab\u00a0J\u2019aime beaucoup Thomas Jolly, mais est-ce qu\u2019il faut surfer sur la vague et refaire les JO, je suis tr\u00e8s sceptique, d\u2019autant que c\u2019est vraiment beaucoup d\u2019argent\u00a0\u00bb, a d\u00e9clar\u00e9 Laurent Bonnaterre, le maire de Caudebec-l\u00e8s-Elbeuf, sur la radio <a href=\"https:\/\/www.tendanceouest.com\/actualite-428636-rouen-fete-du-14-juillet-avec-thomas-jolly-pharaonique-des-retombees-exceptionnelles-les-reactions-s-enchainent\" rel=\"nofollow noopener\" target=\"_blank\" class=\"color-ultramarine c-link\">Tendance Ouest<\/a>. \u00ab\u00a0La ville de Rouen va rayonner, mais \u00e0 quel prix\u00a0?\u00a0\u00bb, s\u2019interroge Dominique Rousseau, le maire de Bardouville, aupr\u00e8s de <a href=\"https:\/\/www.paris-normandie.fr\/id630458\/article\/2025-05-13\/rouen-un-spectacle-grandiose-de-thomas-jolly-pour-le-14-juillet-les-critiques\" target=\"_blank\" class=\"color-ultramarine c-link\" rel=\"noopener\">Paris-Normandie<\/a>. \u00ab\u00a0Je suis effar\u00e9 par les millions d\u00e9pens\u00e9s dans le Tour de France et le 14-Juillet. Pendant ce temps, on nous refuse des travaux d\u2019assainissement pour la construction de lotissements.\u00a0\u00bb<\/p>\n","protected":false},"excerpt":{"rendered":"11\u00a0millions d\u2019euros. C\u2019est le co\u00fbt estim\u00e9 du spectacle pour le 14-Juillet \u00e0 Rouen imagin\u00e9 par Thomas Jolly, le&hellip;\n","protected":false},"author":2,"featured_media":105689,"comment_status":"","ping_status":"","sticky":false,"template":"","format":"standard","meta":{"footnotes":""},"categories":[9587],"tags":[10915,1111,11,251,58,1777,674,1011,27,12,5161,25,9590,5163,3140],"class_list":{"0":"post-105688","1":"post","2":"type-post","3":"status-publish","4":"format-standard","5":"has-post-thumbnail","7":"category-rouen","8":"tag-14-juillet","9":"tag-actu","10":"tag-actualites","11":"tag-culture","12":"tag-divertissement","13":"tag-eu","14":"tag-europe","15":"tag-fr","16":"tag-france","17":"tag-news","18":"tag-normandie","19":"tag-republique-francaise","20":"tag-rouen","21":"tag-seine-maritime","22":"tag-spectacle"},"share_on_mastodon":{"url":"https:\/\/pubeurope.com\/@fr\/114520298900806799","error":""},"_links":{"self":[{"href":"https:\/\/www.europesays.com\/fr\/wp-json\/wp\/v2\/posts\/105688","targetHints":{"allow":["GET"]}}],"collection":[{"href":"https:\/\/www.europesays.com\/fr\/wp-json\/wp\/v2\/posts"}],"about":[{"href":"https:\/\/www.europesays.com\/fr\/wp-json\/wp\/v2\/types\/post"}],"author":[{"embeddable":true,"href":"https:\/\/www.europesays.com\/fr\/wp-json\/wp\/v2\/users\/2"}],"replies":[{"embeddable":true,"href":"https:\/\/www.europesays.com\/fr\/wp-json\/wp\/v2\/comments?post=105688"}],"version-history":[{"count":0,"href":"https:\/\/www.europesays.com\/fr\/wp-json\/wp\/v2\/posts\/105688\/revisions"}],"wp:featuredmedia":[{"embeddable":true,"href":"https:\/\/www.europesays.com\/fr\/wp-json\/wp\/v2\/media\/105689"}],"wp:attachment":[{"href":"https:\/\/www.europesays.com\/fr\/wp-json\/wp\/v2\/media?parent=105688"}],"wp:term":[{"taxonomy":"category","embeddable":true,"href":"https:\/\/www.europesays.com\/fr\/wp-json\/wp\/v2\/categories?post=105688"},{"taxonomy":"post_tag","embeddable":true,"href":"https:\/\/www.europesays.com\/fr\/wp-json\/wp\/v2\/tags?post=105688"}],"curies":[{"name":"wp","href":"https:\/\/api.w.org\/{rel}","templated":true}]}}