{"id":105698,"date":"2025-05-17T00:21:24","date_gmt":"2025-05-17T00:21:24","guid":{"rendered":"https:\/\/www.europesays.com\/fr\/105698\/"},"modified":"2025-05-17T00:21:24","modified_gmt":"2025-05-17T00:21:24","slug":"tu-tires-ou-tu-pointes-un-grand-tournoi-de-petanque-solidaire-deboule-a-strasbourg","status":"publish","type":"post","link":"https:\/\/www.europesays.com\/fr\/105698\/","title":{"rendered":"Tu tires ou tu pointes ? Un grand tournoi de p\u00e9tanque solidaire d\u00e9boule \u00e0 Strasbourg !"},"content":{"rendered":"<p>    <img loading=\"lazy\" width=\"1800\" height=\"900\" src=\"https:\/\/www.europesays.com\/fr\/wp-content\/uploads\/2025\/04\/jeanne-callthepolice.jpg\" class=\"attachment-full size-full\" alt=\"\" id=\"imageLove\" decoding=\"async\"  \/><\/p>\n<p id=\"breadcrumbs\"><a href=\"https:\/\/pokaa.fr\/\" rel=\"nofollow noopener\" target=\"_blank\">Accueil<\/a> \/ <a href=\"https:\/\/pokaa.fr\/categories\/ses-sorties\/\" rel=\"nofollow noopener\" target=\"_blank\">Sorties<\/a> \/ Tu tires ou tu pointes ? Un grand tournoi de p\u00e9tanque solidaire d\u00e9boule \u00e0 Strasbourg !<\/p>\n<p>                    Sorties<\/p>\n<p><b>\u00ab Tu tires ou tu pointes ? \u00bb. Si Strasbourg, c\u2019est pas Marseille\u2026 Le samedi 24 mai, au Parc de la Citadelle, m\u00eame sans accent du Sud, \u00e7a sonnera presque pareil. \u00c0 l\u2019occasion d\u2019un grand tournoi de p\u00e9tanque solidaire organis\u00e9 par l\u2019association Coup d\u2019Bol, viens montrer que t\u2019es un(e) bouliste aguerri(e) en \u00e9vitant de \u00ab faire Fanny \u00bb\u2026 T\u2019acceptes le d\u00e9fi ?<\/b><\/p>\n<p>Ici, c\u2019est peut-\u00eatre pas la Provence, mais si t\u2019aimes la p\u00e9tanque, t\u2019as de la chance\u2026 Voire m\u00eame\u00a0: un <b>Coup d\u2019Bol <\/b>[le nom de l\u2019<b>association \u00e0 but non lucratif qui aide les plus d\u00e9muni(e)s \u00e0 Strasbourg<\/b> au travers de maraudes, livraisons solidaires et actions citoyennes]. Car cette derni\u00e8re organisera<b> le dimanche 24 mai, un grand tournoi de p\u00e9tanque solidaire\u00a0<\/b>: <b>\u00ab\u00a0Stras\u2019P\u00e9tanque solidaire\u00a0\u00bb<\/b>.<\/p>\n<p><b>Un \u00e9v\u00e9nement convivial au Parc de la Citadelle<\/b>, ouvert \u00e0 tous et toutes et <b>\u00e0 prix libre<\/b>, et dont les fonds r\u00e9colt\u00e9s serviront \u00e0 leurs actions \u00e0 l\u2019ann\u00e9e, envers les personnes en situation de pr\u00e9carit\u00e9. L\u2019occasion de <b>conjuguer comp\u00e9tition et bonne action<\/b>. Avec m\u00eame <b>\u00ab\u00a0des lots \u00e0 la cl\u00e9\u00a0\u00bb<\/b>, nous dit-on.<\/p>\n<p>    <img width=\"800\" height=\"533\" src=\"https:\/\/www.europesays.com\/fr\/wp-content\/uploads\/2025\/05\/parc-citadelle-5-800x533.jpg\" class=\"attachment-image-size-L size-image-size-L\" alt=\"Parc Citadelle (5)\" decoding=\"async\" loading=\"lazy\"  \/>         \u00a9 Marie Goehner-David \/ Pokaa <\/p>\n<p>    <img width=\"800\" height=\"450\" src=\"https:\/\/www.europesays.com\/fr\/wp-content\/uploads\/2025\/05\/petanque-agenda.jpg\" class=\"attachment-image-size-L size-image-size-L\" alt=\"petanque-agenda\" decoding=\"async\" loading=\"lazy\"  \/>         \u00a9 Document remis <\/p>\n<p>                <a href=\"https:\/\/pokaa.fr\/2022\/05\/29\/coup-dbol-la-nouvelle-asso-strasbourgeoise-qui-met-en-lumiere-la-precarite-etudiante\/\" rel=\"nofollow noopener\" target=\"_blank\"><br \/>\n                    <img width=\"450\" height=\"252\" src=\"https:\/\/www.europesays.com\/fr\/wp-content\/uploads\/2025\/05\/coup-dbol-asso-precarite-etudiante-strasbourg.jpg\" class=\"attachment-card-horizontal--same-subject size-card-horizontal--same-subject wp-post-image\" alt=\"\" decoding=\"async\" loading=\"lazy\"  \/>                <\/a><\/p>\n<p>                            Pour d\u00e9couvrir l&rsquo;asso Coup d&rsquo;Bol :<\/p>\n<p>Pour jouer la gagne <\/p>\n<p>Pour aller tutoyer le cochonnet, rien de plus simple\u00a0: <b>forme ton \u00e9quipe de deux<\/b> (\u00ab\u00a0qui s\u2019entendent bien de pr\u00e9f\u00e9rence\u00a0\u00bb nous glisse-t-on avec humour). Et puis, pense \u00e0<a href=\"https:\/\/www.helloasso.com\/associations\/coup-d-bol\/evenements\/inscription-a-la-stras-petanque\" target=\"_blank\" rel=\"noopener nofollow\"> <b>inscrire rapidement en ligne ta \u00ab\u00a0doublette\u00a0\u00bb<\/b><\/a> [ton duo, dans le jargon]\u2026 Il n\u2019y aura de la place que pour <b>50 \u00e9quipes maximum<\/b>, au boulodrome.<\/p>\n<p>Et le jour J, ram\u00e8ne tes boules et cochonnets (m\u00eame si les orgas pourront te d\u00e9panner), ta glaci\u00e8re et ton go\u00fbter. Pour faire comme P\u00e9p\u00e9 Marcel, avec option pastis \u00e0 midi\u2026 mais seulement entre deux parties.<\/p>\n<p>\u2026Si \u00e7a, c\u2019est pas \u00ab\u00a0tarpin\u00a0\u00bb bien !<\/p>\n<p><img decoding=\"async\" class=\"aligncenter\" src=\"https:\/\/www.europesays.com\/fr\/wp-content\/uploads\/2025\/05\/giphy.gif\"\/><\/p>\n<p>            Stras&rsquo;P\u00e9tanque Solidaire<\/p>\n<p>            Quoi ? <\/p>\n<p>Tournoi de p\u00e9tanque solidaire organis\u00e9 par l\u2019association Coup d\u2019Bol<\/p>\n<p>                Quand ?<\/p>\n<p>Samedi 24 mai de 10h30 \u00e0 18h30 (possible de venir quand on le souhaite)<\/p>\n<p>            o\u00f9 ?<\/p>\n<p>Au Parc de la Citadelle \u00e0 Strasbourg<\/p>\n<p>                Plus d&rsquo;infos ?<\/p>\n<p>L\u2019\u00e9v\u00e9nement Facebook<br \/>Inscription obligatoire pour les \u00e9quipes <a href=\"https:\/\/www.helloasso.com\/associations\/coup-d-bol\/evenements\/inscription-a-la-stras-petanque\" target=\"_blank\" rel=\"noopener nofollow\">par ici<\/a><br \/>Prix libre<\/p>\n","protected":false},"excerpt":{"rendered":"Accueil \/ Sorties \/ Tu tires ou tu pointes ? Un grand tournoi de p\u00e9tanque solidaire d\u00e9boule \u00e0&hellip;\n","protected":false},"author":2,"featured_media":105699,"comment_status":"","ping_status":"","sticky":false,"template":"","format":"standard","meta":{"footnotes":""},"categories":[2820],"tags":[1111,11,4556,22265,1777,674,652,1011,27,775,12,6426,4767,25,12280,640,9621,4064],"class_list":{"0":"post-105698","1":"post","2":"type-post","3":"status-publish","4":"format-standard","5":"has-post-thumbnail","7":"category-strasbourg","8":"tag-actu","9":"tag-actualites","10":"tag-citadelle","11":"tag-coup-dbol","12":"tag-eu","13":"tag-europe","14":"tag-famille","15":"tag-fr","16":"tag-france","17":"tag-grand-est","18":"tag-news","19":"tag-petanque","20":"tag-printemps","21":"tag-republique-francaise","22":"tag-solidaire","23":"tag-strasbourg","24":"tag-tournoi","25":"tag-week-end"},"share_on_mastodon":{"url":"https:\/\/pubeurope.com\/@fr\/114520318766150513","error":""},"_links":{"self":[{"href":"https:\/\/www.europesays.com\/fr\/wp-json\/wp\/v2\/posts\/105698","targetHints":{"allow":["GET"]}}],"collection":[{"href":"https:\/\/www.europesays.com\/fr\/wp-json\/wp\/v2\/posts"}],"about":[{"href":"https:\/\/www.europesays.com\/fr\/wp-json\/wp\/v2\/types\/post"}],"author":[{"embeddable":true,"href":"https:\/\/www.europesays.com\/fr\/wp-json\/wp\/v2\/users\/2"}],"replies":[{"embeddable":true,"href":"https:\/\/www.europesays.com\/fr\/wp-json\/wp\/v2\/comments?post=105698"}],"version-history":[{"count":0,"href":"https:\/\/www.europesays.com\/fr\/wp-json\/wp\/v2\/posts\/105698\/revisions"}],"wp:featuredmedia":[{"embeddable":true,"href":"https:\/\/www.europesays.com\/fr\/wp-json\/wp\/v2\/media\/105699"}],"wp:attachment":[{"href":"https:\/\/www.europesays.com\/fr\/wp-json\/wp\/v2\/media?parent=105698"}],"wp:term":[{"taxonomy":"category","embeddable":true,"href":"https:\/\/www.europesays.com\/fr\/wp-json\/wp\/v2\/categories?post=105698"},{"taxonomy":"post_tag","embeddable":true,"href":"https:\/\/www.europesays.com\/fr\/wp-json\/wp\/v2\/tags?post=105698"}],"curies":[{"name":"wp","href":"https:\/\/api.w.org\/{rel}","templated":true}]}}