{"id":10570,"date":"2025-04-08T15:50:14","date_gmt":"2025-04-08T15:50:14","guid":{"rendered":"https:\/\/www.europesays.com\/fr\/10570\/"},"modified":"2025-04-08T15:50:14","modified_gmt":"2025-04-08T15:50:14","slug":"leurometropole-reitere-ses-actions-de-lutte-contre-le-moustique-tigre","status":"publish","type":"post","link":"https:\/\/www.europesays.com\/fr\/10570\/","title":{"rendered":"l\u2019Eurom\u00e9tropole r\u00e9it\u00e8re ses actions de lutte contre le moustique tigre"},"content":{"rendered":"<p>Il ne devrait plus trop tarder \u00e0 montrer le bout de son dard. D\u2019ici le mois de mai, le fameux moustique tigre va reprendre du service et nous g\u00e2cher comme il se doit nos belles journ\u00e9es estivales. Ne cherchez m\u00eame pas \u00e0 voir si l\u2019herbe est plus verte ailleurs\u00a0: les 33 communes de l\u2019Eurom\u00e9tropole de Strasbourg au complet sont d\u00e9sormais colonis\u00e9es par cette satan\u00e9e bestiole, arriv\u00e9e sur nos terres il y a dix ans. \u00ab\u00a0 <a href=\"https:\/\/www.dna.fr\/environnement\/2025\/03\/07\/le-moustique-tigre-colonise-desormais-153-communes-alsaciennes-une-progression-exponentielle\" target=\"_blank\" rel=\"nofollow noopener\">Et m\u00eame 150 communes alsaciennes<\/a> \u00a0\u00bb, note Nicolas Matt, \u00e9lu d\u00e9partemental \u00e0 la CEA et par ailleurs chercheur au CNRS au sein d\u2019un laboratoire de g\u00e9n\u00e9tique des insectes. Preuve en est que l\u2019esp\u00e8ce prolif\u00e8re \u00e0 vitesse grand V, en raison notamment du r\u00e9chauffement climatique\u00a0: il y a donc (encore) urgence.<\/p>\n<p>Car au-del\u00e0 des nuisances caus\u00e9es par les piq\u00fbres \u00e0 r\u00e9p\u00e9tition, il y a de vrais risques de sant\u00e9 publique, les moustiques tigres pouvant \u00eatre vecteurs <a href=\"https:\/\/www.dna.fr\/magazine-sante\/2023\/07\/05\/moustique-tigre-voici-les-deux-nouveaux-virus-qui-pourraient-vous-contaminer\" target=\"_blank\" rel=\"nofollow noopener\">de maladies virales comme la dengue, le chikungunya ou Zika<\/a>. \u00ab\u00a0Nous avons eu dix cas de dengue import\u00e9s l\u2019ann\u00e9e derni\u00e8re, quinze l\u2019ann\u00e9e d\u2019avant. Le gros risque, c\u2019est qu\u2019on ait des cas autochtones. C\u2019est pour \u00e7a qu\u2019il faut s\u2019acharner \u00e0 freiner le d\u00e9veloppement du moustique tigre sur notre territoire\u00a0\u00bb, alerte Fran\u00e7oise Schaetzel, vice-pr\u00e9sidente de l\u2019EMS en charge de la sant\u00e9 environnementale, \u00e0 l\u2019occasion d\u2019un point presse d\u00e9di\u00e9 ce lundi 7\u00a0avril. Son \u00e9radication pure et simple \u00e9tant devenue une utopie.<\/p>\n<p>  Mettre le paquet sur la communication et sensibilisation<\/p>\n<p>C\u2019est dans ce cadre-l\u00e0 que <a href=\"https:\/\/www.dna.fr\/sante\/2024\/03\/18\/moustique-tigre-de-nouvelles-mesures-contre-ces-insectes-toujours-plus-nombreux\" target=\"_blank\" rel=\"nofollow noopener\">la collectivit\u00e9 a initi\u00e9 il y a deux ans une campagne de \u00ab\u00a0lutte int\u00e9gr\u00e9e\u00a0\u00bb<\/a> comprenant un volet de sensibilisation massive et d\u2019\u00e9radication. Notamment \u00e0 travers le traitement r\u00e9p\u00e9t\u00e9 de 8\u00a0000 avaloirs et puisards de rue d\u2019une quinzaine de communes, avec un larvicide biologique dont les toxines ont des propri\u00e9t\u00e9s insecticides. \u00ab\u00a0Les avaloirs ont \u00e9t\u00e9 d\u00e9finis en concertation avec le Syndicat de lutte contre les moustiques (SLM 67) en fonction des zones les plus infest\u00e9es\u00a0\u00bb, pr\u00e9cise Marie Paris, charg\u00e9e de mission en sant\u00e9 environnementale. \u00ab\u00a0On n\u2019aura jamais les moyens de traiter tous les avaloirs du territoire (56\u00a0000, N.D.L.R.) mais certaines communes ont fait le choix de le faire sur l\u2019enti\u00e8ret\u00e9 de leurs avaloirs, en plus de ce que propose l\u2019EMS. C\u2019est par exemple le cas de Souffelweyersheim \u00bb, d\u00e9veloppe-t-elle.<\/p>\n<p>Ce contenu est bloqu\u00e9 car vous n&rsquo;avez pas accept\u00e9 les cookies et autres traceurs.<\/p>\n<p>En cliquant sur \u00ab J\u2019accepte \u00bb, les cookies et autres traceurs seront d\u00e9pos\u00e9s et vous pourrez visualiser les contenus  (<a href=\"\" class=\"consentModule_policy\" target=\"_blank\" title=\"Consulter la politique de protection des donn\u00e9es du fournisseur\">plus d&rsquo;informations<\/a>).<\/p>\n<p>En cliquant sur \u00ab J\u2019accepte tous les cookies \u00bb, vous autorisez des d\u00e9p\u00f4ts de cookies et autres traceurs pour le stockage de vos donn\u00e9es sur nos sites et applications \u00e0 des fins de personnalisation et de ciblage publicitaire.<\/p>\n<p class=\"consentModule_secondaryText\">Vous gardez la possibilit\u00e9 de retirer votre consentement \u00e0 tout moment en consultant notre <a href=\"http:\/\/www.dna.fr\/protection-des-donnees\" target=\"_blank\" title=\"Consulter notre politique de protection des donn\u00e9es\" rel=\"nofollow noopener\">politique de protection des donn\u00e9es<\/a>. <br \/>&#13;<br \/>\n            <a href=\"http:\/\/www.dna.fr\/environnement\/2025\/04\/07\/javascript:Didomi.notice.show()\" class=\"consentModule_cmp\" rel=\"nofollow noopener\" target=\"_blank\">G\u00e9rer mes choix<\/a>&#13;\n        <\/p>\n<p>&#13;<br \/>\n                        J&rsquo;accepte&#13;<br \/>\n            J&rsquo;accepte tous les cookies&#13;\n        <\/p>\n<p>  Faire preuve de patience<\/p>\n<p>\u00ab\u00a0Si vous vous faites piquer par un moustique tigre, c\u2019est qu\u2019il est n\u00e9 dans un rayon de 150 m\u00e8tres autour de chez vous\u00a0\u00bb, rappelle Nicolas Matt. \u00ab\u00a0Les collectivit\u00e9s s\u2019impliquent mais elles ne peuvent pas le faire seules. C\u2019est un combat qui se fait main dans la main avec les particuliers. Car <a href=\"https:\/\/www.dna.fr\/sante\/2024\/09\/13\/moustique-tigre-l-anses-pointe-un-risque-d-epidemie-dans-les-prochaines-annees\" target=\"_blank\" rel=\"nofollow noopener\">le vrai danger, c\u2019est une \u00e9pid\u00e9mie massive<\/a> en Alsace\u00a0\u00bb, pointe l\u2019\u00e9lu. <\/p>\n<p>Dans la \u00ab\u00a0lutte int\u00e9gr\u00e9e\u00a0\u00bb de l\u2019Eurom\u00e9tropole, qui entend \u00e9galement sensibiliser les m\u00e9tiers du b\u00e2timent \u00e0 la probl\u00e9matique des eaux stagnantes, l\u2019id\u00e9e est en parall\u00e8le d\u2019observer les r\u00e9sultats de pr\u00e8s\u00a0: apr\u00e8s Koenigshoffen et Cronenbourg, deux nouveaux territoires d\u2019\u00e9valuation seront prochainement cibl\u00e9s. Cela inclut \u00ab\u00a0un dispositif particulier de comparaison\u00a0\u00bb ou encore la \u00ab\u00a0mise en place de pi\u00e8ges pour les moustiques adultes\u00a0\u00bb avec des donn\u00e9es cartographi\u00e9es, d\u00e9taille Marie Paris. Si la collectivit\u00e9 appelle \u00e0 la mobilisation active et imm\u00e9diate, elle invite \u00e9galement \u00e0 la patience. \u00ab\u00a0Les r\u00e9sultats ne sont pas flagrants les premi\u00e8res ann\u00e9es\u00a0\u00bb, pr\u00e9vient Marie Paris. Elle estime qu\u2019ils seront v\u00e9ritablement significatifs d\u2019ici trois \u00e0 quatre ans.<\/p>\n<p class=\"note\">Le bilan de l\u2019\u00e9valuation de la lutte int\u00e9gr\u00e9e \u00e0 Koenigshoffen sera pr\u00e9sent\u00e9 aux habitants lors d\u2019une r\u00e9union publique le 25\u00a0avril \u00e0 18\u00a0h\u00a030 \u00e0 la Maison des projets, 91, route des Romains.<\/p>\n","protected":false},"excerpt":{"rendered":"Il ne devrait plus trop tarder \u00e0 montrer le bout de son dard. D\u2019ici le mois de mai,&hellip;\n","protected":false},"author":2,"featured_media":10571,"comment_status":"","ping_status":"","sticky":false,"template":"","format":"standard","meta":{"footnotes":""},"categories":[2820],"tags":[1111,11,2880,436,1777,674,107,1011,27,775,12,5140,25,640,2879],"class_list":{"0":"post-10570","1":"post","2":"type-post","3":"status-publish","4":"format-standard","5":"has-post-thumbnail","7":"category-strasbourg","8":"tag-actu","9":"tag-actualites","10":"tag-edition-strasbourg","11":"tag-environnement","12":"tag-eu","13":"tag-europe","14":"tag-fil-info","15":"tag-fr","16":"tag-france","17":"tag-grand-est","18":"tag-news","19":"tag-rechauffement-climatique","20":"tag-republique-francaise","21":"tag-strasbourg","22":"tag-strasbourg-ville"},"share_on_mastodon":{"url":"https:\/\/pubeurope.com\/@fr\/114303141621064866","error":""},"_links":{"self":[{"href":"https:\/\/www.europesays.com\/fr\/wp-json\/wp\/v2\/posts\/10570","targetHints":{"allow":["GET"]}}],"collection":[{"href":"https:\/\/www.europesays.com\/fr\/wp-json\/wp\/v2\/posts"}],"about":[{"href":"https:\/\/www.europesays.com\/fr\/wp-json\/wp\/v2\/types\/post"}],"author":[{"embeddable":true,"href":"https:\/\/www.europesays.com\/fr\/wp-json\/wp\/v2\/users\/2"}],"replies":[{"embeddable":true,"href":"https:\/\/www.europesays.com\/fr\/wp-json\/wp\/v2\/comments?post=10570"}],"version-history":[{"count":0,"href":"https:\/\/www.europesays.com\/fr\/wp-json\/wp\/v2\/posts\/10570\/revisions"}],"wp:featuredmedia":[{"embeddable":true,"href":"https:\/\/www.europesays.com\/fr\/wp-json\/wp\/v2\/media\/10571"}],"wp:attachment":[{"href":"https:\/\/www.europesays.com\/fr\/wp-json\/wp\/v2\/media?parent=10570"}],"wp:term":[{"taxonomy":"category","embeddable":true,"href":"https:\/\/www.europesays.com\/fr\/wp-json\/wp\/v2\/categories?post=10570"},{"taxonomy":"post_tag","embeddable":true,"href":"https:\/\/www.europesays.com\/fr\/wp-json\/wp\/v2\/tags?post=10570"}],"curies":[{"name":"wp","href":"https:\/\/api.w.org\/{rel}","templated":true}]}}