{"id":105702,"date":"2025-05-17T00:23:13","date_gmt":"2025-05-17T00:23:13","guid":{"rendered":"https:\/\/www.europesays.com\/fr\/105702\/"},"modified":"2025-05-17T00:23:13","modified_gmt":"2025-05-17T00:23:13","slug":"nice-un-rassemblement-devant-ce-supermarche-pour-denoncer-une-grande-cruaute","status":"publish","type":"post","link":"https:\/\/www.europesays.com\/fr\/105702\/","title":{"rendered":"Nice. Un rassemblement devant ce supermarch\u00e9 pour d\u00e9noncer \u00ab\u00a0une grande cruaut\u00e9\u00a0\u00bb"},"content":{"rendered":"<p>            Par<br \/>\n        <strong><br \/>\n            <a href=\"https:\/\/actu.fr\/auteur\/ugo-maillard\" title=\"Consulter tous les articles de Ugo Maillard\" rel=\"nofollow noopener\" target=\"_blank\">Ugo Maillard<\/a><br \/>\n        <\/strong><\/p>\n<p>        Publi\u00e9 le<\/p>\n<p>            16 mai 2025 \u00e0 7h12        <\/p>\n<p>L\u2019objectif est d\u2019alerter les consommateurs. Ce samedi 17\u00a0mai 2025, des militants de l\u2019association L214, qui d\u00e9fend le bien-\u00eatre animal, vont se rassembler devant un supermarch\u00e9 <strong>Grand Frais<\/strong> de <a href=\"https:\/\/actu.fr\/nice\/\" rel=\"nofollow noopener\" target=\"_blank\">Nice<\/a>.<\/p>\n<p class=\" wall-content\">Les manifestants se donnent rendez-vous devant l\u2019enseigne situ\u00e9e dans le secteur Lingosti\u00e8re \u00e0 10\u2009h\u200930.<\/p>\n<p>    <a href=\"https:\/\/www.google.com\/maps\/embed?pb=!1m18!1m12!1m3!1d2883.2252682368203!2d7.18869671147743!3d43.72664697097818!2m3!1f0!2f0!3f0!3m2!1i1024!2i768!4f13.1!3m3!1m2!1s0x12cdce1aa5638d31%3A0x6c42b8a93eca9665!2sGrand%20Frais%20Nice!5e0!3m2!1sfr!2sfr!4v1747322940134!5m2!1sfr!2sfr\" title=\"Ouvrie le lien\" rel=\"nofollow noopener\" target=\"_blank\">Cliquez ici pour visualiser le contenu<\/a><\/p>\n<p class=\" wall-content\">En plus d\u2019une banderole d\u00e9ploy\u00e9e, des panneaux et des tracts seront distribu\u00e9s aux clients.<\/p>\n<p>Des manifestations partout en France<\/p>\n<p class=\" wall-content\">Les manifestants souhaitent pointer du doigt Grand Frais, <strong>\u00ab\u2009seule enseigne de grande distribution\u2009\u00bb<\/strong> \u00e0 ne pas avoir sign\u00e9 l\u2019European Chicken Commitment, un accord sur les conditions d\u2019\u00e9levage et d\u2019abattage des poulets.<\/p>\n<p>Vid\u00e9os : en ce moment sur Actu<\/p>\n<blockquote class=\"ac-article-quote wall-content\">\n<p>Le dernier des grands supermarch\u00e9s \u00e0 ne pas s&rsquo;\u00eatre engag\u00e9 sur les conditions d&rsquo;\u00e9levage des poulets\n<\/p>\n<p>    <strong>L214<\/strong><br \/>\n        Au sujet de l&rsquo;enseigne Grand Frais    <\/p><\/blockquote>\n<p class=\" wall-content\">\u00ab\u2009Le fait que l\u2019enseigne continue de cautionner le pire de l\u2019\u00e9levage intensif des poulets est franchement inqui\u00e9tant\u2009\u00bb, indique Ambre Bernard, charg\u00e9e de campagnes agroalimentaires pour L214.<\/p>\n<p class=\" wall-content\">\u00c0 noter que des rassemblements sont \u00e9galement pr\u00e9vus devant une <strong>trentaine de magasins Grand Frais<\/strong>, partout en France.<\/p>\n<p class=\" wall-content\">Suivez toute l\u2019actualit\u00e9 de vos villes et m\u00e9dias favoris en vous inscrivant \u00e0 <a href=\"https:\/\/moncompte.actu.fr\" title=\"D\u00e9couvez Mon Actu\" rel=\"nofollow noopener\" data-trk=\"{&quot;cta&quot;:{&quot;action&quot;:&quot;https:\\\/\\\/moncompte.actu.fr&quot;,&quot;category&quot;:&quot;mon compte&quot;,&quot;from&quot;:&quot;article footer&quot;,&quot;name&quot;:&quot;Mon actu&quot;,&quot;type&quot;:&quot;cta&quot;}}\" target=\"_blank\">Mon Actu<\/a>.<\/p>\n","protected":false},"excerpt":{"rendered":"Par Ugo Maillard Publi\u00e9 le 16 mai 2025 \u00e0 7h12 L\u2019objectif est d\u2019alerter les consommateurs. Ce samedi 17\u00a0mai&hellip;\n","protected":false},"author":2,"featured_media":105703,"comment_status":"","ping_status":"","sticky":false,"template":"","format":"standard","meta":{"footnotes":""},"categories":[2819],"tags":[1111,11,258,1867,33,1777,674,1011,27,1272,12,2401,882,25],"class_list":{"0":"post-105702","1":"post","2":"type-post","3":"status-publish","4":"format-standard","5":"has-post-thumbnail","7":"category-nice","8":"tag-actu","9":"tag-actualites","10":"tag-alimentation","11":"tag-animaux","12":"tag-economie","13":"tag-eu","14":"tag-europe","15":"tag-fr","16":"tag-france","17":"tag-manifestations","18":"tag-news","19":"tag-nice","20":"tag-provence-alpes-cote-dazur","21":"tag-republique-francaise"},"share_on_mastodon":{"url":"https:\/\/pubeurope.com\/@fr\/114520326429294528","error":""},"_links":{"self":[{"href":"https:\/\/www.europesays.com\/fr\/wp-json\/wp\/v2\/posts\/105702","targetHints":{"allow":["GET"]}}],"collection":[{"href":"https:\/\/www.europesays.com\/fr\/wp-json\/wp\/v2\/posts"}],"about":[{"href":"https:\/\/www.europesays.com\/fr\/wp-json\/wp\/v2\/types\/post"}],"author":[{"embeddable":true,"href":"https:\/\/www.europesays.com\/fr\/wp-json\/wp\/v2\/users\/2"}],"replies":[{"embeddable":true,"href":"https:\/\/www.europesays.com\/fr\/wp-json\/wp\/v2\/comments?post=105702"}],"version-history":[{"count":0,"href":"https:\/\/www.europesays.com\/fr\/wp-json\/wp\/v2\/posts\/105702\/revisions"}],"wp:featuredmedia":[{"embeddable":true,"href":"https:\/\/www.europesays.com\/fr\/wp-json\/wp\/v2\/media\/105703"}],"wp:attachment":[{"href":"https:\/\/www.europesays.com\/fr\/wp-json\/wp\/v2\/media?parent=105702"}],"wp:term":[{"taxonomy":"category","embeddable":true,"href":"https:\/\/www.europesays.com\/fr\/wp-json\/wp\/v2\/categories?post=105702"},{"taxonomy":"post_tag","embeddable":true,"href":"https:\/\/www.europesays.com\/fr\/wp-json\/wp\/v2\/tags?post=105702"}],"curies":[{"name":"wp","href":"https:\/\/api.w.org\/{rel}","templated":true}]}}