{"id":1057031,"date":"2026-07-11T00:57:18","date_gmt":"2026-07-11T00:57:18","guid":{"rendered":"https:\/\/www.europesays.com\/fr\/1057031\/"},"modified":"2026-07-11T00:57:18","modified_gmt":"2026-07-11T00:57:18","slug":"un-ancien-general-et-homme-politique-afghan-est-extrade-vers-les-etats-unis","status":"publish","type":"post","link":"https:\/\/www.europesays.com\/fr\/1057031\/","title":{"rendered":"Un ancien g\u00e9n\u00e9ral et homme politique afghan est extrad\u00e9 vers les \u00c9tats-Unis"},"content":{"rendered":"<p>Un ancien g\u00e9n\u00e9ral afghan, qui a \u00e9galement si\u00e9g\u00e9 \u00e0 l\u2019Assembl\u00e9e nationale de son pays, a \u00e9t\u00e9 extrad\u00e9 vendredi vers les \u00c9tats-Unis pour y r\u00e9pondre d\u2019accusations li\u00e9es au trafic de drogue, ont indiqu\u00e9 les autorit\u00e9s.<\/p>\n<p>Abdul Zahir Qadeer, 52\u00a0ans, originaire d\u2019Afghanistan, a comparu devant le tribunal f\u00e9d\u00e9ral de Manhattan et a \u00e9t\u00e9 plac\u00e9 en d\u00e9tention provisoire jusqu\u2019\u00e0 son proc\u00e8s, ont indiqu\u00e9 les procureurs f\u00e9d\u00e9raux dans un communiqu\u00e9.<\/p>\n<p>M.\u00a0Qadeer a \u00e9t\u00e9 arr\u00eat\u00e9 \u00e0 Nairobi, au Kenya, le 15\u00a0avril, avant d\u2019\u00eatre extrad\u00e9 pour r\u00e9pondre d\u2019accusations de complot en vue d\u2019importer de l\u2019h\u00e9ro\u00efne et de la m\u00e9thamph\u00e9tamine, ainsi que d\u2019infractions li\u00e9es aux armes \u00e0 feu.<\/p>\n<p>Les autorit\u00e9s ont pr\u00e9cis\u00e9 qu\u2019il avait auparavant occup\u00e9 les fonctions de g\u00e9n\u00e9ral au sein des forces frontali\u00e8res afghanes et de premier vice-pr\u00e9sident de la Chambre du peuple afghane. <\/p>\n<p>On ignore qui le repr\u00e9sente dans le cadre de ces poursuites aux \u00c9tats-Unis, qui, s\u2019il est reconnu coupable, sont passibles d\u2019une peine minimale obligatoire de dix ans de prison et d\u2019une peine maximale pouvant aller jusqu\u2019\u00e0 la r\u00e9clusion \u00e0 perp\u00e9tuit\u00e9.<\/p>\n<p>Le procureur am\u00e9ricain Jay Clayton a d\u00e9crit M.\u00a0Qadeer comme un trafiquant international \u00e0 grande \u00e9chelle de stup\u00e9fiants et d\u2019armes de guerre.<\/p>\n<p>\u00abDans le but de faire passer d\u2019\u00e9normes quantit\u00e9s de drogue et d\u2019armement \u2014 notamment des mitrailleuses lourdes et des lance-grenades propuls\u00e9s par fus\u00e9e \u2014, M.\u00a0Qadeer aurait vendu \u00e0 un acheteur un envoi test de deux kilogrammes, qui a \u00e9t\u00e9 livr\u00e9 en Afrique du Sud\u00bb, a dit M.\u00a0Clayton dans un communiqu\u00e9.<\/p>\n<p>Le procureur a pr\u00e9cis\u00e9 que l\u2019acheteur travaillait en r\u00e9alit\u00e9 pour la Drug Enforcement Administration (DEA) am\u00e9ricaine.<\/p>\n<p>Le procureur g\u00e9n\u00e9ral par int\u00e9rim, Todd Blanche, a \u00e9crit dans un communiqu\u00e9 que Qadeer \u00abse faisait passer pour un dirigeant politique en Afghanistan\u00bb tout en dirigeant une organisation criminelle se livrant au trafic de stup\u00e9fiants dangereux et addictifs.<\/p>\n","protected":false},"excerpt":{"rendered":"Un ancien g\u00e9n\u00e9ral afghan, qui a \u00e9galement si\u00e9g\u00e9 \u00e0 l\u2019Assembl\u00e9e nationale de son pays, a \u00e9t\u00e9 extrad\u00e9 vendredi&hellip;\n","protected":false},"author":2,"featured_media":972678,"comment_status":"","ping_status":"","sticky":false,"template":"","format":"standard","meta":{"footnotes":"","_share_on_mastodon":"0"},"categories":[1589],"tags":[11,73,1866,1854,20106,4576,12,1864,1865,1863,308],"class_list":["post-1057031","post","type-post","status-publish","format-standard","has-post-thumbnail","category-etats-unis","tag-actualites","tag-etats-unis","tag-etats-unis-damerique","tag-https-lactualite-com-sujet-international","tag-https-lactualite-com-sujet-justice","tag-https-lactualite-com-sujet-politique","tag-news","tag-united-states","tag-united-states-of-america","tag-us","tag-usa"],"share_on_mastodon":{"url":"https:\/\/pubeurope.com\/@fr\/116898630618588001","error":""},"_links":{"self":[{"href":"https:\/\/www.europesays.com\/fr\/wp-json\/wp\/v2\/posts\/1057031","targetHints":{"allow":["GET"]}}],"collection":[{"href":"https:\/\/www.europesays.com\/fr\/wp-json\/wp\/v2\/posts"}],"about":[{"href":"https:\/\/www.europesays.com\/fr\/wp-json\/wp\/v2\/types\/post"}],"author":[{"embeddable":true,"href":"https:\/\/www.europesays.com\/fr\/wp-json\/wp\/v2\/users\/2"}],"replies":[{"embeddable":true,"href":"https:\/\/www.europesays.com\/fr\/wp-json\/wp\/v2\/comments?post=1057031"}],"version-history":[{"count":0,"href":"https:\/\/www.europesays.com\/fr\/wp-json\/wp\/v2\/posts\/1057031\/revisions"}],"wp:featuredmedia":[{"embeddable":true,"href":"https:\/\/www.europesays.com\/fr\/wp-json\/wp\/v2\/media\/972678"}],"wp:attachment":[{"href":"https:\/\/www.europesays.com\/fr\/wp-json\/wp\/v2\/media?parent=1057031"}],"wp:term":[{"taxonomy":"category","embeddable":true,"href":"https:\/\/www.europesays.com\/fr\/wp-json\/wp\/v2\/categories?post=1057031"},{"taxonomy":"post_tag","embeddable":true,"href":"https:\/\/www.europesays.com\/fr\/wp-json\/wp\/v2\/tags?post=1057031"}],"curies":[{"name":"wp","href":"https:\/\/api.w.org\/{rel}","templated":true}]}}