{"id":105710,"date":"2025-05-17T00:29:19","date_gmt":"2025-05-17T00:29:19","guid":{"rendered":"https:\/\/www.europesays.com\/fr\/105710\/"},"modified":"2025-05-17T00:29:19","modified_gmt":"2025-05-17T00:29:19","slug":"on-sest-fait-tirer-dessus-comme-des-lapins-le-meilleur-ami-de-lionel-raconte-la-fusillade-mortelle","status":"publish","type":"post","link":"https:\/\/www.europesays.com\/fr\/105710\/","title":{"rendered":"\u00ab On s\u2019est fait tirer dessus comme des lapins \u00bb\u2026 Le meilleur ami de Lionel raconte la fusillade mortelle"},"content":{"rendered":"<p><strong>T\u00e9moignage &#8211; Guyllain, 20 ans, a t\u00e9moign\u00e9 \u00e0 la barre ce vendredi devant les assises, au proc\u00e8s des accus\u00e9s du meurtre de Lionel. Il a lui m\u00eame \u00e9t\u00e9 rescap\u00e9 de la fusillade du 2 janvier 2021, apr\u00e8s avoir re\u00e7u trois balles, dans le quartier des Aubiers<\/strong><\/p>\n<p>Sweat blanc un peu large, petites tresses qui retombent sur le c\u00f4t\u00e9. Le jeune homme de vingt ans au visage encore juv\u00e9nile, partie civile, s\u2019avance avec calme et d\u00e9termination \u00e0 la barre, ce vendredi matin, devant la <a href=\"https:\/\/www.20minutes.fr\/societe\/cour_d_assises-1\/?at_medium=RSS%20feed&amp;at_campaign=ynews&amp;utm_source=yahoo&amp;utm_medium=rss&amp;utm_campaign=news_feed&amp;utm_content=in_article_link\" rel=\"nofollow noopener\" target=\"_blank\" data-ylk=\"slk:cour d\u2019assises;elm:context_link;itc:0;sec:content-canvas\" class=\"link \">cour d\u2019assises<\/a> de la Gironde. Guyllain \u00e9tait le meilleur ami de Lionel, <a href=\"https:\/\/www.20minutes.fr\/bordeaux\/2945367-20210105-fusillade-mortelle-bordeaux-essaye-aller-avant-lourde-cicatrice-estime-habitante-aubiers?at_medium=RSS%20feed&amp;at_campaign=ynews&amp;utm_source=yahoo&amp;utm_medium=rss&amp;utm_campaign=news_feed&amp;utm_content=in_article_link\" rel=\"nofollow noopener\" target=\"_blank\" data-ylk=\"slk:tu\u00e9 \u00e0 15 ans le 2 janvier 2021 au cours d\u2019une fusillade;elm:context_link;itc:0;sec:content-canvas\" class=\"link \">tu\u00e9 \u00e0 15 ans le 2 janvier 2021 au cours d\u2019une fusillade<\/a>. Men\u00e9e par des individus cagoul\u00e9s qui ont d\u00e9barqu\u00e9 dans le quartier des Aubiers, \u00e0 <a href=\"https:\/\/www.20minutes.fr\/bordeaux\/?at_medium=RSS%20feed&amp;at_campaign=ynews&amp;utm_source=yahoo&amp;utm_medium=rss&amp;utm_campaign=news_feed&amp;utm_content=in_article_link\" rel=\"nofollow noopener\" target=\"_blank\" data-ylk=\"slk:Bordeaux;elm:context_link;itc:0;sec:content-canvas\" class=\"link \">Bordeaux<\/a>, dans une Clio noire peu avant 23 heures, elle a radicalement boulevers\u00e9 sa vie.<\/p>\n<p>Huit personnes sont jug\u00e9es jusqu\u2019au 23 mai. Trois d\u2019entre elles sont renvoy\u00e9es pour meurtre et tentative de meurtre en bande organis\u00e9e, quatre pour participation \u00e0 une association de malfaiteurs en vue de la pr\u00e9paration d\u2019un crime et le dernier pour violences. Ils nient tous en bloc leur participation.<\/p>\n<p>\u00ab Un miracul\u00e9 \u00bb<\/p>\n<p>Ce jour-l\u00e0 Guyllain a failli mourir. Un \u00ab miracul\u00e9 \u00bb selon les termes du m\u00e9decin qui l\u2019a pris en charge. Il est revenu avec courage sur le soir du drame qui l\u2019emp\u00eache encore de dormir aujourd\u2019hui. Depuis plusieurs mois, il avait pris l\u2019initiative de monter un petit stand en bas de son immeuble pour y vendre \u00ab friandises et canettes \u00bb quand la boulangerie du quartier baissait le rideau. L\u2019objectif \u00e9tait de se payer un scooter et un voyage au ski avec ses copains. Lionel \u00e9tait presque toujours \u00e0 ses c\u00f4t\u00e9s, ils \u00e9coutaient de la musique et le stand \u00e9tait devenu un point de ralliement pour tous les jeunes de leur tranche d\u2019\u00e2ge.<\/p>\n<p>Le jour du drame, quand il ente(&#8230;)<\/p>\n<p><a href=\"https:\/\/www.20minutes.fr\/justice\/4153955-20250516-bordeaux-fait-tirer-dessus-comme-lapins-meilleur-ami-lionel-raconte-fusillade-mortelle?at_medium=RSS%20feed&amp;at_campaign=ynews&amp;utm_source=yahoo&amp;utm_medium=rss&amp;utm_campaign=news_feed&amp;utm_content=read_more_link\" rel=\"nofollow noopener\" target=\"_blank\" data-ylk=\"slk:Lire la suite sur 20minutes;elm:context_link;itc:0;sec:content-canvas\" class=\"link \">Lire la suite sur 20minutes<\/a><\/p>\n<p>\u00c0 lire aussi :<br \/><a href=\"https:\/\/www.20minutes.fr\/justice\/4152600-20250512-bordeaux-proces-meurtre-lionel-ado-16-ans-histoires-abattu-fond-rivalite-entre-quartiers?at_medium=RSS%20feed&amp;at_campaign=ynews&amp;utm_source=yahoo&amp;utm_medium=rss&amp;utm_campaign=news_feed&amp;utm_content=related_content_link\" rel=\"nofollow noopener\" target=\"_blank\" data-ylk=\"slk:Bordeaux : Proc\u00e8s du meurtre de Lionel, un ado de 16 ans \u00ab sans histoires \u00bb, abattu sur fond de rivalit\u00e9 entre quartiers;elm:context_link;itc:0;sec:content-canvas\" class=\"link \">Bordeaux : Proc\u00e8s du meurtre de Lionel, un ado de 16 ans \u00ab sans histoires \u00bb, abattu sur fond de rivalit\u00e9 entre quartiers<\/a><br \/><a href=\"https:\/\/www.20minutes.fr\/justice\/4153198-20250513-bordeaux-renforts-policiers-jauge-reduite-enquete-apres-bagarre-proces-meurtre-bande-organisee?at_medium=RSS%20feed&amp;at_campaign=ynews&amp;utm_source=yahoo&amp;utm_medium=rss&amp;utm_campaign=news_feed&amp;utm_content=related_content_link\" rel=\"nofollow noopener\" target=\"_blank\" data-ylk=\"slk:Bordeaux : Renforts policiers, jauge r\u00e9duite et enqu\u00eate, apr\u00e8s une bagarre \u00e0 un proc\u00e8s pour meurtre en bande organis\u00e9e;elm:context_link;itc:0;sec:content-canvas\" class=\"link \">Bordeaux : Renforts policiers, jauge r\u00e9duite et enqu\u00eate, apr\u00e8s une bagarre \u00e0 un proc\u00e8s pour meurtre en bande organis\u00e9e<\/a><\/p>\n","protected":false},"excerpt":{"rendered":"T\u00e9moignage &#8211; Guyllain, 20 ans, a t\u00e9moign\u00e9 \u00e0 la barre ce vendredi devant les assises, au proc\u00e8s des&hellip;\n","protected":false},"author":2,"featured_media":105711,"comment_status":"","ping_status":"","sticky":false,"template":"","format":"standard","meta":{"footnotes":""},"categories":[2817],"tags":[1111,11,1997,1777,674,1011,27,22266,18250,20871,12,2219,22267,25],"class_list":{"0":"post-105710","1":"post","2":"type-post","3":"status-publish","4":"format-standard","5":"has-post-thumbnail","7":"category-bordeaux","8":"tag-actu","9":"tag-actualites","10":"tag-bordeaux","11":"tag-eu","12":"tag-europe","13":"tag-fr","14":"tag-france","15":"tag-la-barre","16":"tag-le-quartier","17":"tag-lionel","18":"tag-news","19":"tag-nouvelle-aquitaine","20":"tag-point-de-ralliement","21":"tag-republique-francaise"},"share_on_mastodon":{"url":"https:\/\/pubeurope.com\/@fr\/114520350089617949","error":""},"_links":{"self":[{"href":"https:\/\/www.europesays.com\/fr\/wp-json\/wp\/v2\/posts\/105710","targetHints":{"allow":["GET"]}}],"collection":[{"href":"https:\/\/www.europesays.com\/fr\/wp-json\/wp\/v2\/posts"}],"about":[{"href":"https:\/\/www.europesays.com\/fr\/wp-json\/wp\/v2\/types\/post"}],"author":[{"embeddable":true,"href":"https:\/\/www.europesays.com\/fr\/wp-json\/wp\/v2\/users\/2"}],"replies":[{"embeddable":true,"href":"https:\/\/www.europesays.com\/fr\/wp-json\/wp\/v2\/comments?post=105710"}],"version-history":[{"count":0,"href":"https:\/\/www.europesays.com\/fr\/wp-json\/wp\/v2\/posts\/105710\/revisions"}],"wp:featuredmedia":[{"embeddable":true,"href":"https:\/\/www.europesays.com\/fr\/wp-json\/wp\/v2\/media\/105711"}],"wp:attachment":[{"href":"https:\/\/www.europesays.com\/fr\/wp-json\/wp\/v2\/media?parent=105710"}],"wp:term":[{"taxonomy":"category","embeddable":true,"href":"https:\/\/www.europesays.com\/fr\/wp-json\/wp\/v2\/categories?post=105710"},{"taxonomy":"post_tag","embeddable":true,"href":"https:\/\/www.europesays.com\/fr\/wp-json\/wp\/v2\/tags?post=105710"}],"curies":[{"name":"wp","href":"https:\/\/api.w.org\/{rel}","templated":true}]}}