{"id":105720,"date":"2025-05-17T00:34:14","date_gmt":"2025-05-17T00:34:14","guid":{"rendered":"https:\/\/www.europesays.com\/fr\/105720\/"},"modified":"2025-05-17T00:34:14","modified_gmt":"2025-05-17T00:34:14","slug":"le-differend-entre-automobilistes-se-termine-en-coups-de-marteau-et-de-barre-de-fer","status":"publish","type":"post","link":"https:\/\/www.europesays.com\/fr\/105720\/","title":{"rendered":"Le diff\u00e9rend entre automobilistes se termine en coups de marteau et de barre de fer"},"content":{"rendered":"<p>Un diff\u00e9rend entre automobilistes a failli tourner au carnage dans le 14e arrondissement de Marseille. L\u2019un des protagonistes a fini aux urgences de la <a href=\"https:\/\/www.laprovence.com\/article\/region\/1573079969127115\/a-la-timone-a-marseille-le-ministre-de-la-fonction-publique-face-aux-violences-faites-aux-blouses-blanches\" target=\"_blank\" rel=\"nofollow noopener\">Timone<\/a>.<\/p>\n<p>Il \u00e9tait 16h30 mercredi 14\u00a0mai, lorsque les marins-pompiers sont intervenus avenue du g\u00e9n\u00e9ral Brissac pour venir en aide \u00e0 un automobiliste souffrant de nombreuses blessures \u00e0 la face. Sur place, ils ont d\u00e9couvert une victime au visage ensanglant\u00e9 et tum\u00e9fi\u00e9 qui venait d\u2019\u00eatre agress\u00e9 \u00e0 coups de marteau et de barre de fer. L\u2019\u00e9tat de la victime a n\u00e9cessit\u00e9 son transport aux urgences de l\u2019h\u00f4pital de la Timone.<\/p>\n<p>L\u2019un \u00e9tait rentr\u00e9 chez lui, l\u2019autre s\u2019est rendu \u00e0 la police<\/p>\n<p>Quant aux raisons d\u2019un tel d\u00e9cha\u00eenement de violence, elles restent confuses, mais il s\u2019agirait des cons\u00e9quences d\u2019un diff\u00e9rend routier entre la victime et les deux occupants d\u2019un autre v\u00e9hicule.<\/p>\n<p>Les deux auteurs pr\u00e9sum\u00e9s de ces <a href=\"https:\/\/www.laprovence.com\/article\/faits-divers-justice\/1242277337901615\/coups-de-cross-menace-avec-arme-a-avignon-un-homme-soupconne-d-un-vol-ultra-violent-relaxe-par-le-tribunal\" target=\"_blank\" rel=\"nofollow noopener\">violences<\/a> en r\u00e9union avec arme avaient d\u00e9j\u00e0 quitt\u00e9 les lieux \u00e0 l\u2019arriv\u00e9e des policiers, mais gr\u00e2ce au signalement donn\u00e9 par la victime et surtout la plaque d\u2019immatriculation de leur v\u00e9hicule, l\u2019un de ces deux suspects a \u00e9t\u00e9 rapidement retrouv\u00e9 et interpell\u00e9, alors qu\u2019il \u00e9tait tranquillement rentr\u00e9 chez lui. Quant \u00e0 l\u2019autre suspect, qui serait son fr\u00e8re, il s\u2019est pr\u00e9sent\u00e9 de lui-m\u00eame au commissariat o\u00f9 il a \u00e9t\u00e9 interpell\u00e9 et plac\u00e9 en garde \u00e0 vue.<\/p>\n<p>Les deux fr\u00e8res, respectivement \u00e2g\u00e9s de 29 et 33\u00a0ans, devront prochainement s\u2019expliquer devant la justice.<\/p>\n","protected":false},"excerpt":{"rendered":"Un diff\u00e9rend entre automobilistes a failli tourner au carnage dans le 14e arrondissement de Marseille. L\u2019un des protagonistes&hellip;\n","protected":false},"author":2,"featured_media":105721,"comment_status":"","ping_status":"","sticky":false,"template":"","format":"standard","meta":{"footnotes":""},"categories":[2814],"tags":[17,1111,11,4691,18121,854,22268,2834,1777,674,274,1011,27,884,14074,12,882,25,17770],"class_list":{"0":"post-105720","1":"post","2":"type-post","3":"status-publish","4":"format-standard","5":"has-post-thumbnail","7":"category-marseille","8":"tag-17","9":"tag-actu","10":"tag-actualites","11":"tag-automobilistes","12":"tag-barre","13":"tag-coups","14":"tag-differend","15":"tag-entre","16":"tag-eu","17":"tag-europe","18":"tag-faits-divers-justice","19":"tag-fr","20":"tag-france","21":"tag-marseille","22":"tag-marteau","23":"tag-news","24":"tag-provence-alpes-cote-dazur","25":"tag-republique-francaise","26":"tag-termine"},"share_on_mastodon":{"url":"https:\/\/pubeurope.com\/@fr\/114520369575077139","error":""},"_links":{"self":[{"href":"https:\/\/www.europesays.com\/fr\/wp-json\/wp\/v2\/posts\/105720","targetHints":{"allow":["GET"]}}],"collection":[{"href":"https:\/\/www.europesays.com\/fr\/wp-json\/wp\/v2\/posts"}],"about":[{"href":"https:\/\/www.europesays.com\/fr\/wp-json\/wp\/v2\/types\/post"}],"author":[{"embeddable":true,"href":"https:\/\/www.europesays.com\/fr\/wp-json\/wp\/v2\/users\/2"}],"replies":[{"embeddable":true,"href":"https:\/\/www.europesays.com\/fr\/wp-json\/wp\/v2\/comments?post=105720"}],"version-history":[{"count":0,"href":"https:\/\/www.europesays.com\/fr\/wp-json\/wp\/v2\/posts\/105720\/revisions"}],"wp:featuredmedia":[{"embeddable":true,"href":"https:\/\/www.europesays.com\/fr\/wp-json\/wp\/v2\/media\/105721"}],"wp:attachment":[{"href":"https:\/\/www.europesays.com\/fr\/wp-json\/wp\/v2\/media?parent=105720"}],"wp:term":[{"taxonomy":"category","embeddable":true,"href":"https:\/\/www.europesays.com\/fr\/wp-json\/wp\/v2\/categories?post=105720"},{"taxonomy":"post_tag","embeddable":true,"href":"https:\/\/www.europesays.com\/fr\/wp-json\/wp\/v2\/tags?post=105720"}],"curies":[{"name":"wp","href":"https:\/\/api.w.org\/{rel}","templated":true}]}}