{"id":105729,"date":"2025-05-17T00:41:25","date_gmt":"2025-05-17T00:41:25","guid":{"rendered":"https:\/\/www.europesays.com\/fr\/105729\/"},"modified":"2025-05-17T00:41:25","modified_gmt":"2025-05-17T00:41:25","slug":"apple-tv-bob-sinclar-squeezie-a-paris-la-boulangerie-the-french-bastards-cree-levenement-avec-ses-collabs","status":"publish","type":"post","link":"https:\/\/www.europesays.com\/fr\/105729\/","title":{"rendered":"Apple TV, Bob Sinclar, Squeezie\u2026 \u00c0 Paris, la boulangerie The French Bastards cr\u00e9e l\u2019\u00e9v\u00e9nement avec ses collabs"},"content":{"rendered":"<p class=\"paragraph text_align_left\">Dernier partenariat en date avec Apple TV + \u00e0 l\u2019occasion de la sortie de la s\u00e9rie \u00ab Car\u00eame \u00bb, qui retrace la vie d\u2019un ancien enfant des rues devenu un illustre cuisinier royal du XIXe si\u00e8cle. \u00c0 la demande de la plate-forme, la maison, qui compte aujourd\u2019hui dix adresses, a r\u00e9alis\u00e9 trois cr\u00e9ations inspir\u00e9es des desserts visibles dans la s\u00e9rie. Le chou \u00e0 la pistache, le chou au caramel et l\u2019\u00e9clair vanille (4,50 euros pi\u00e8ce) sont vendus dans les boutiques d\u2019Oberkampf, Saint-Ferdinand, Pigalle et S\u00e8vres, et \u00e9galement sur Uber Eat, jusqu\u2019\u00e0 ce dimanche soir.<\/p>\n","protected":false},"excerpt":{"rendered":"Dernier partenariat en date avec Apple TV + \u00e0 l\u2019occasion de la sortie de la s\u00e9rie \u00ab Car\u00eame&hellip;\n","protected":false},"author":2,"featured_media":105730,"comment_status":"","ping_status":"","sticky":false,"template":"","format":"standard","meta":{"footnotes":""},"categories":[1888],"tags":[1111,1928,11,1927,3013,1777,674,1011,27,1944,12,1926,626,1925,25],"class_list":{"0":"post-105729","1":"post","2":"type-post","3":"status-publish","4":"format-standard","5":"has-post-thumbnail","7":"category-paris","8":"tag-actu","9":"tag-actu-paris","10":"tag-actualites","11":"tag-actualites-paris","12":"tag-bien-manger","13":"tag-eu","14":"tag-europe","15":"tag-fr","16":"tag-france","17":"tag-ma-ville","18":"tag-news","19":"tag-news-paris","20":"tag-paris","21":"tag-paris-news","22":"tag-republique-francaise"},"share_on_mastodon":{"url":"https:\/\/pubeurope.com\/@fr\/114520397165559467","error":""},"_links":{"self":[{"href":"https:\/\/www.europesays.com\/fr\/wp-json\/wp\/v2\/posts\/105729","targetHints":{"allow":["GET"]}}],"collection":[{"href":"https:\/\/www.europesays.com\/fr\/wp-json\/wp\/v2\/posts"}],"about":[{"href":"https:\/\/www.europesays.com\/fr\/wp-json\/wp\/v2\/types\/post"}],"author":[{"embeddable":true,"href":"https:\/\/www.europesays.com\/fr\/wp-json\/wp\/v2\/users\/2"}],"replies":[{"embeddable":true,"href":"https:\/\/www.europesays.com\/fr\/wp-json\/wp\/v2\/comments?post=105729"}],"version-history":[{"count":0,"href":"https:\/\/www.europesays.com\/fr\/wp-json\/wp\/v2\/posts\/105729\/revisions"}],"wp:featuredmedia":[{"embeddable":true,"href":"https:\/\/www.europesays.com\/fr\/wp-json\/wp\/v2\/media\/105730"}],"wp:attachment":[{"href":"https:\/\/www.europesays.com\/fr\/wp-json\/wp\/v2\/media?parent=105729"}],"wp:term":[{"taxonomy":"category","embeddable":true,"href":"https:\/\/www.europesays.com\/fr\/wp-json\/wp\/v2\/categories?post=105729"},{"taxonomy":"post_tag","embeddable":true,"href":"https:\/\/www.europesays.com\/fr\/wp-json\/wp\/v2\/tags?post=105729"}],"curies":[{"name":"wp","href":"https:\/\/api.w.org\/{rel}","templated":true}]}}