{"id":105733,"date":"2025-05-17T00:43:12","date_gmt":"2025-05-17T00:43:12","guid":{"rendered":"https:\/\/www.europesays.com\/fr\/105733\/"},"modified":"2025-05-17T00:43:12","modified_gmt":"2025-05-17T00:43:12","slug":"non-lieu-pour-les-policiers-qui-ont-blesse-mortellement-une-passagere-lors-dun-refus-dobtemperer-2","status":"publish","type":"post","link":"https:\/\/www.europesays.com\/fr\/105733\/","title":{"rendered":"Non-lieu pour les policiers qui ont bless\u00e9 mortellement une passag\u00e8re lors d\u2019un refus d\u2019obtemp\u00e9rer"},"content":{"rendered":"<p><strong>ORDONNANCE &#8211; Les policiers ayant tu\u00e9 une passag\u00e8re de 21 ans en juin\u00a02022 \u00e0 Paris apr\u00e8s un refus d\u2019obtemp\u00e9rer ne seront pas poursuivis. Les juges ont estim\u00e9 leurs tirs \u00ab\u00a0n\u00e9cessaires et proportionn\u00e9s\u00a0\u00bb<\/strong><\/p>\n<p>Les <a href=\"https:\/\/www.20minutes.fr\/dossier\/policier?at_medium=RSS%20feed&amp;at_campaign=ynews&amp;utm_source=yahoo&amp;utm_medium=rss&amp;utm_campaign=news_feed&amp;utm_content=in_article_link\" rel=\"nofollow noopener\" target=\"_blank\" data-ylk=\"slk:policiers;elm:context_link;itc:0;sec:content-canvas\" class=\"link \">policiers<\/a> qui avaient ouvert le feu en juin\u00a02022 sur une voiture \u00e0 <a href=\"https:\/\/www.20minutes.fr\/paris\/?at_medium=RSS%20feed&amp;at_campaign=ynews&amp;utm_source=yahoo&amp;utm_medium=rss&amp;utm_campaign=news_feed&amp;utm_content=in_article_link\" rel=\"nofollow noopener\" target=\"_blank\" data-ylk=\"slk:Paris;elm:context_link;itc:0;sec:content-canvas\" class=\"link \">Paris<\/a>, tuant une passag\u00e8re de 21 ans, ne seront pas poursuivis. Dans une ordonnance rendue le 5\u00a0mai, les juges d\u2019instruction ont estim\u00e9 que leurs tirs \u00e9taient \u00ab\u00a0absolument n\u00e9cessaires et strictement proportionn\u00e9s\u00a0\u00bb, confirmant une information du <a href=\"https:\/\/www.20minutes.fr\/dossier\/le_parisien?at_medium=RSS%20feed&amp;at_campaign=ynews&amp;utm_source=yahoo&amp;utm_medium=rss&amp;utm_campaign=news_feed&amp;utm_content=in_article_link\" rel=\"nofollow noopener\" target=\"_blank\" data-ylk=\"slk:Parisien;elm:context_link;itc:0;sec:content-canvas\" class=\"link \">Parisien<\/a>.<\/p>\n<p>Le 4 juin\u00a02022, trois policiers \u00e0 <a href=\"https:\/\/www.20minutes.fr\/dossier\/vtt?at_medium=RSS%20feed&amp;at_campaign=ynews&amp;utm_source=yahoo&amp;utm_medium=rss&amp;utm_campaign=news_feed&amp;utm_content=in_article_link\" rel=\"nofollow noopener\" target=\"_blank\" data-ylk=\"slk:VTT;elm:context_link;itc:0;sec:content-canvas\" class=\"link \">VTT<\/a> avaient tent\u00e9 de contr\u00f4ler une Peugeot 207 dont les passagers arri\u00e8re ne portaient pas leur ceinture. Le conducteur avait <a href=\"https:\/\/www.20minutes.fr\/faits_divers\/refus-obtemperer\/?at_medium=RSS%20feed&amp;at_campaign=ynews&amp;utm_source=yahoo&amp;utm_medium=rss&amp;utm_campaign=news_feed&amp;utm_content=in_article_link\" rel=\"nofollow noopener\" target=\"_blank\" data-ylk=\"slk:refus\u00e9 d\u2019obtemp\u00e9rer;elm:context_link;itc:0;sec:content-canvas\" class=\"link \">refus\u00e9 d\u2019obtemp\u00e9rer<\/a>, avant d\u2019\u00eatre bloqu\u00e9 dans les embouteillages sur le boulevard Barb\u00e8s. Les policiers avaient tir\u00e9 \u00e0 plusieurs reprises au moment o\u00f9 la voiture tentait de red\u00e9marrer. Rayana, 21 ans, avait \u00e9t\u00e9 tu\u00e9e d\u2019une balle dans la t\u00eate. Le conducteur avait \u00e9t\u00e9 gri\u00e8vement bless\u00e9.<\/p>\n<p>Les parties civiles font appel de ce non-lieu<\/p>\n<p>Mis en examen en\u00a02023, le policier auteur du tir mortel a d\u00e9clar\u00e9 avoir vis\u00e9 le conducteur par peur pour sa vie et celle de sa coll\u00e8gue. Les deux autres agents, entendus comme t\u00e9moins assist\u00e9s, ne sont pas poursuivis. Plusieurs parties civiles ont fait appel de ce non-lieu. \u00ab\u00a0La famille de Rayana est sid\u00e9r\u00e9e\u00a0\u00bb, a r\u00e9agi Me Florian Lastelle, d\u00e9non\u00e7ant une d\u00e9cision \u00ab\u00a0lacunaire\u00a0\u00bb. \u00ab\u00a0La supr\u00e9matie des syndicats est ici plus forte que le droit\u00a0\u00bb, a fustig\u00e9 Me Marie Violleau, avocate de la passag\u00e8re arri\u00e8re.<\/p>\n<p><a href=\"https:\/\/www.20minutes.fr\/faits_divers\/refus-obtemperer\/\" rel=\"nofollow noopener\" target=\"_blank\" data-ylk=\"slk:Tous nos articles sur les refus d&#039;obtemp\u00e9rer;elm:context_link;itc:0;sec:content-canvas\" class=\"link \">Tous nos articles sur les refus d&rsquo;obtemp\u00e9rer<\/a><\/p>\n<p>Me Rapha\u00ebl Kempf, avocat du conducteur, d\u00e9nonce les effets de la loi de\u00a02017 sur l\u2019usage des armes par les policiers\u00a0: \u00ab\u00a0Ce non-lieu est un tr\u00e8s mauvais signal envoy\u00e9 \u00e0 ce(&#8230;)<\/p>\n<p><a href=\"https:\/\/www.20minutes.fr\/justice\/4153989-20250517-paris-non-lieu-policiers-blesse-mortellement-passagere-lors-refus-obtemperer?at_medium=RSS%20feed&amp;at_campaign=ynews&amp;utm_source=yahoo&amp;utm_medium=rss&amp;utm_campaign=news_feed&amp;utm_content=read_more_link&quot;\" rel=\"nofollow noopener\" target=\"_blank\" data-ylk=\"slk:Lire la suite sur 20minutes;elm:context_link;itc:0;sec:content-canvas\" class=\"link \">Lire la suite sur 20minutes<\/a><\/p>\n<p>\u00c0 lire aussi :<br \/><a href=\"https:\/\/www.20minutes.fr\/faits_divers\/4133438-20250113-drome-deux-policiers-blesses-lors-refus-obtemperer?at_medium=RSS%20feed&amp;at_campaign=ynews&amp;utm_source=yahoo&amp;utm_medium=rss&amp;utm_campaign=news_feed&amp;utm_content=related_content_link\" rel=\"nofollow noopener\" target=\"_blank\" data-ylk=\"slk:Dr\u00f4me\u00a0: Deux policiers bless\u00e9s lors d\u2019un refus d\u2019obtemp\u00e9rer;elm:context_link;itc:0;sec:content-canvas\" class=\"link \">Dr\u00f4me\u00a0: Deux policiers bless\u00e9s lors d\u2019un refus d\u2019obtemp\u00e9rer<\/a><br \/><a href=\"https:\/\/www.20minutes.fr\/faits_divers\/4145795-20250328-angers-enquete-tentative-meurtre-contre-deux-policiers-apres-refus-obtemperer?at_medium=RSS%20feed&amp;at_campaign=ynews&amp;utm_source=yahoo&amp;utm_medium=rss&amp;utm_campaign=news_feed&amp;utm_content=related_content_link\" rel=\"nofollow noopener\" target=\"_blank\" data-ylk=\"slk:Angers\u00a0: Enqu\u00eate pour tentative de meurtre contre deux policiers apr\u00e8s un refus d\u2019obtemp\u00e9rer;elm:context_link;itc:0;sec:content-canvas\" class=\"link \">Angers\u00a0: Enqu\u00eate pour tentative de meurtre contre deux policiers apr\u00e8s un refus d\u2019obtemp\u00e9rer<\/a><\/p>\n","protected":false},"excerpt":{"rendered":"ORDONNANCE &#8211; Les policiers ayant tu\u00e9 une passag\u00e8re de 21 ans en juin\u00a02022 \u00e0 Paris apr\u00e8s un refus&hellip;\n","protected":false},"author":2,"featured_media":105734,"comment_status":"","ping_status":"","sticky":false,"template":"","format":"standard","meta":{"footnotes":""},"categories":[1888],"tags":[11,22269,1777,674,1011,27,22272,12,22270,626,22271,25],"class_list":{"0":"post-105733","1":"post","2":"type-post","3":"status-publish","4":"format-standard","5":"has-post-thumbnail","7":"category-paris","8":"tag-actualites","9":"tag-balle-dans-la-tete","10":"tag-eu","11":"tag-europe","12":"tag-fr","13":"tag-france","14":"tag-juges-dinstruction","15":"tag-news","16":"tag-non-lieu","17":"tag-paris","18":"tag-passagere","19":"tag-republique-francaise"},"share_on_mastodon":{"url":"https:\/\/pubeurope.com\/@fr\/114520405017302862","error":""},"_links":{"self":[{"href":"https:\/\/www.europesays.com\/fr\/wp-json\/wp\/v2\/posts\/105733","targetHints":{"allow":["GET"]}}],"collection":[{"href":"https:\/\/www.europesays.com\/fr\/wp-json\/wp\/v2\/posts"}],"about":[{"href":"https:\/\/www.europesays.com\/fr\/wp-json\/wp\/v2\/types\/post"}],"author":[{"embeddable":true,"href":"https:\/\/www.europesays.com\/fr\/wp-json\/wp\/v2\/users\/2"}],"replies":[{"embeddable":true,"href":"https:\/\/www.europesays.com\/fr\/wp-json\/wp\/v2\/comments?post=105733"}],"version-history":[{"count":0,"href":"https:\/\/www.europesays.com\/fr\/wp-json\/wp\/v2\/posts\/105733\/revisions"}],"wp:featuredmedia":[{"embeddable":true,"href":"https:\/\/www.europesays.com\/fr\/wp-json\/wp\/v2\/media\/105734"}],"wp:attachment":[{"href":"https:\/\/www.europesays.com\/fr\/wp-json\/wp\/v2\/media?parent=105733"}],"wp:term":[{"taxonomy":"category","embeddable":true,"href":"https:\/\/www.europesays.com\/fr\/wp-json\/wp\/v2\/categories?post=105733"},{"taxonomy":"post_tag","embeddable":true,"href":"https:\/\/www.europesays.com\/fr\/wp-json\/wp\/v2\/tags?post=105733"}],"curies":[{"name":"wp","href":"https:\/\/api.w.org\/{rel}","templated":true}]}}