{"id":105741,"date":"2025-05-17T00:47:10","date_gmt":"2025-05-17T00:47:10","guid":{"rendered":"https:\/\/www.europesays.com\/fr\/105741\/"},"modified":"2025-05-17T00:47:10","modified_gmt":"2025-05-17T00:47:10","slug":"un-homme-condamne-a-la-prison-a-vie-pour-le-meurtre-dune-mere-devant-sa-fille-de-trois-ans-2","status":"publish","type":"post","link":"https:\/\/www.europesays.com\/fr\/105741\/","title":{"rendered":"un homme condamn\u00e9 \u00e0 la prison \u00e0 vie pour le meurtre d&rsquo;une m\u00e8re devant sa fille de trois ans"},"content":{"rendered":"<p><img decoding=\"async\" class=\"caas-img caas-lazy has-preview\" src=\"https:\/\/www.europesays.com\/fr\/wp-content\/uploads\/2025\/05\/529ba7b25ba843a6238d5630ae2931a3.jpeg\"\/><\/p>\n<p>\u00c2g\u00e9e de trois ans, la fille de Cher Maximem avait vu sa m\u00e8re se faire poignarder lors du carnaval de Notting Hill, \u00e0 Londres, en ao\u00fbt dernier. Pour ce meurtre, Shakeil Thibou, un Londonien de 20 ans, a \u00e9t\u00e9 condamn\u00e9 \u00e0 la prison \u00e0 vie ce vendredi 16 mai, avec une p\u00e9riode de s\u00fbret\u00e9 de 29 ans.<\/p>\n<p>La victime \u00e2g\u00e9e de 32 ans avait succomb\u00e9 \u00e0 ses blessures \u00e0 l&rsquo;h\u00f4pital six jours plus tard. Elle avait \u00e9t\u00e9 touch\u00e9e alors qu&rsquo;une bagarre entre plusieurs hommes a \u00e9clat\u00e9 lors de cet \u00e9v\u00e9nement.<\/p>\n<p>Lors du carnaval, le deuxi\u00e8me plus grand au monde, <a href=\"https:\/\/fr.news.yahoo.com\/carnaval-londonien-notting-hill-huit-150027010.html\" data-ylk=\"slk:la police a recens\u00e9 huit personnes poignard\u00e9es;elm:context_link;itc:0;sec:content-canvas;outcm:mb_qualified_link;_E:mb_qualified_link;ct:story;\" class=\"link  yahoo-link\" rel=\"nofollow noopener\" target=\"_blank\">la police a recens\u00e9 huit personnes poignard\u00e9es<\/a>, dont trois avaient leur pronostic vital engag\u00e9. 230 personnes avaient \u00e9t\u00e9 interpell\u00e9es lors de ce week-end de festivit\u00e9 qui a r\u00e9uni plus d&rsquo;un million de personnes dans l&rsquo;ouest de Londres.<\/p>\n<p>Une attaque \u00ab\u00a0terrifiante\u00a0\u00bb<\/p>\n<p>Pour le juge Philip Katz, il s&rsquo;agit d&rsquo;une attaque \u00ab\u00a0effront\u00e9e\u00a0\u00bb. \u00ab\u00a0Il n&rsquo;est pas possible de surestimer l&rsquo;impact du meurtre brutal et choquant de Cher sur ceux qui la connaissaient\u00a0\u00bb, a-t-il d\u00e9clar\u00e9 au moment de prononcer la peine ce vendredi 16 mai.<\/p>\n<p>Le juge a d\u00e9plor\u00e9 que la fille de la victime, \u00e2g\u00e9e de trois ans \u00ab\u00a0a vu sa m\u00e8re \u00eatre assassin\u00e9e devant elle\u00a0\u00bb, observant des images \u00ab\u00a0terrifiantes\u00a0\u00bb, la mort de Cher Maximem ayant \u00e9t\u00e9 capt\u00e9e en vid\u00e9o. \u00ab\u00a0La police \u00e9tait totalement d\u00e9pass\u00e9e en nombre alors que la violence devenait incontr\u00f4lable\u00a0\u00bb, d\u00e9crit le juge Philip Katz, dans des propos rapport\u00e9s <a href=\"https:\/\/www.bbc.com\/news\/articles\/cre98lpd7n3o?at_campaign=Social_Flow&amp;at_format=link&amp;at_link_id=051059FE-324B-11F0-9586-D24CFDEB9061&amp;at_medium=social&amp;at_ptr_name=facebook_page&amp;at_bbc_team=editorial&amp;at_link_type=web_link&amp;at_link_origin=BBC_News&amp;at_campaign_type=owned\" rel=\"nofollow noopener\" target=\"_blank\" data-ylk=\"slk:par la BBC;elm:context_link;itc:0;sec:content-canvas\" class=\"link \">par la BBC<\/a>.<\/p>\n<p>Lors du proc\u00e8s, les proches de la victime ont t\u00e9moign\u00e9, d\u00e9crivant une femme qui vivait \u00ab\u00a0d&rsquo;amour, de rires, de jeux, de pleurs et de vacances\u00a0\u00bb, selon le t\u00e9moignage de sa grand-m\u00e8re.<\/p>\n<p>\u00ab\u00a0Le trou dans mon c\u0153ur ne sera jamais combl\u00e9. La vie ne sera plus jamais la m\u00eame\u00a0\u00bb, a-t-elle d\u00e9clar\u00e9 au tribunal.<\/p>\n<p>Deux grands fr\u00e8res de Shakeil Thibou ont aussi \u00e9t\u00e9 condamn\u00e9s. L&rsquo;un, \u00e2g\u00e9 de 25 ans, a \u00e9t\u00e9 reconnu coupable de troubles violents et d&rsquo;agression contre un agent de police qui a essay\u00e9 d&rsquo;intervenir pour mettre un terme \u00e0 cette bagarre. L&rsquo;autre, \u00e2g\u00e9 de 22 ans, a \u00e9t\u00e9 innocent\u00e9 pour des faits de troubles violents mais a \u00e9t\u00e9 reconnu coupable d&rsquo;avoir agress\u00e9 un membre des forces de l&rsquo;ordre.<\/p>\n<p>Ces attaques avec des couteaux \u00ab\u00a0zombie\u00a0\u00bb (des armes \u00e0 double tranchant, \u00e0 la lame incurv\u00e9e) se sont multipli\u00e9es ces derni\u00e8res ann\u00e9es \u00e0 Londres o\u00f9 <a href=\"https:\/\/www.bfmtv.com\/international\/les-couteaux-zombie-interdits-du-royaume-uni-apres-plus-de-50-000-attaques-a-l-arme-blanche-en-un-an_VN-202410030211.html\" rel=\"nofollow noopener\" target=\"_blank\" data-ylk=\"slk:plus de 50.000 attaques \u00e0 l&#039;arme blanche ont \u00e9t\u00e9 recens\u00e9es;elm:context_link;itc:0;sec:content-canvas\" class=\"link \">plus de 50.000 attaques \u00e0 l&rsquo;arme blanche ont \u00e9t\u00e9 recens\u00e9es<\/a> l&rsquo;ann\u00e9e derni\u00e8re. En septembre, une loi est entr\u00e9e en vigueur interdisant les machettes et ces couteaux associ\u00e9s \u00e0 la culture des gangs.<\/p>\n<p><a href=\"https:\/\/www.bfmtv.com\/international\/europe\/angleterre\/royaume-uni-un-homme-condamne-a-la-prison-a-vie-pour-le-meurtre-d-une-mere-devant-sa-fille-de-trois-ans_AN-202505160732.html#xtor=AL-68\" rel=\"nofollow noopener\" target=\"_blank\" data-ylk=\"slk:Article original publi\u00e9 sur BFMTV.com;elm:context_link;itc:0;sec:content-canvas\" class=\"link \">Article original publi\u00e9 sur BFMTV.com<\/a><\/p>\n","protected":false},"excerpt":{"rendered":"\u00c2g\u00e9e de trois ans, la fille de Cher Maximem avait vu sa m\u00e8re se faire poignarder lors du&hellip;\n","protected":false},"author":2,"featured_media":105742,"comment_status":"","ping_status":"","sticky":false,"template":"","format":"standard","meta":{"footnotes":""},"categories":[1588],"tags":[11,22274,22273,3139,1777,674,3160,12,473,1853,1851,1850,1852],"class_list":{"0":"post-105741","1":"post","2":"type-post","3":"status-publish","4":"format-standard","5":"has-post-thumbnail","7":"category-royaume-uni","8":"tag-actualites","9":"tag-agent-de-police","10":"tag-carnaval-de-notting-hill","11":"tag-cher","12":"tag-eu","13":"tag-europe","14":"tag-forces-de-lordre","15":"tag-news","16":"tag-royaume-uni","17":"tag-royaume-uni-de-grande-bretagne-et-dirlande-du-nord","18":"tag-uk","19":"tag-united-kingdom","20":"tag-united-kingdom-of-great-britain-and-northern-ireland"},"share_on_mastodon":{"url":"https:\/\/pubeurope.com\/@fr\/114520420728756395","error":""},"_links":{"self":[{"href":"https:\/\/www.europesays.com\/fr\/wp-json\/wp\/v2\/posts\/105741","targetHints":{"allow":["GET"]}}],"collection":[{"href":"https:\/\/www.europesays.com\/fr\/wp-json\/wp\/v2\/posts"}],"about":[{"href":"https:\/\/www.europesays.com\/fr\/wp-json\/wp\/v2\/types\/post"}],"author":[{"embeddable":true,"href":"https:\/\/www.europesays.com\/fr\/wp-json\/wp\/v2\/users\/2"}],"replies":[{"embeddable":true,"href":"https:\/\/www.europesays.com\/fr\/wp-json\/wp\/v2\/comments?post=105741"}],"version-history":[{"count":0,"href":"https:\/\/www.europesays.com\/fr\/wp-json\/wp\/v2\/posts\/105741\/revisions"}],"wp:featuredmedia":[{"embeddable":true,"href":"https:\/\/www.europesays.com\/fr\/wp-json\/wp\/v2\/media\/105742"}],"wp:attachment":[{"href":"https:\/\/www.europesays.com\/fr\/wp-json\/wp\/v2\/media?parent=105741"}],"wp:term":[{"taxonomy":"category","embeddable":true,"href":"https:\/\/www.europesays.com\/fr\/wp-json\/wp\/v2\/categories?post=105741"},{"taxonomy":"post_tag","embeddable":true,"href":"https:\/\/www.europesays.com\/fr\/wp-json\/wp\/v2\/tags?post=105741"}],"curies":[{"name":"wp","href":"https:\/\/api.w.org\/{rel}","templated":true}]}}