{"id":1057778,"date":"2026-07-11T09:46:17","date_gmt":"2026-07-11T09:46:17","guid":{"rendered":"https:\/\/www.europesays.com\/fr\/1057778\/"},"modified":"2026-07-11T09:46:17","modified_gmt":"2026-07-11T09:46:17","slug":"monique-reine-de-lille-et-egerie-du-cheval-blanc-ouvre-la-boite-a-souvenirs","status":"publish","type":"post","link":"https:\/\/www.europesays.com\/fr\/1057778\/","title":{"rendered":"Monique, reine de Lille et \u00e9g\u00e9rie du Cheval Blanc, ouvre la bo\u00eete \u00e0 souvenirs"},"content":{"rendered":"<p>\t\u00c0 la t\u00eate du Cheval Blanc depuis 1998, Monique Leroux partage ses souvenirs, ses inspirations et les \u00e9preuves travers\u00e9es dans ce bistrot devenu un lieu incontournable du quartier Wazemmes.<\/p>\n<p>   Article r\u00e9serv\u00e9 aux abonn\u00e9s<\/p>\n<p>                    <a href=\"https:\/\/google.com\/preferences\/source?q=lavoixdunord.fr\" target=\"_blank\" class=\"r-btn r-btn--outline-dark r-btn--google js-datalayer-click\" title=\"Ajouter sur Google\" data-clic-category=\"article\" data-clic-component=\"pr\u00e9f\u00e9rences\" data-clic-element-type=\"CTA\" data-clic-element-name=\"source\" pr=\"\" google=\"\" rel=\"nofollow noopener\"><\/p>\n<p>                      Ajouter aux sources pr\u00e9f\u00e9r\u00e9es sur Google<br \/>\n                  <\/a><\/p>\n<p>  <img decoding=\"async\" data-copyright=\"PHOTO PASCAL BONNIERE\" class=\"r-img lazy\" data-  src=\"https:\/\/www.europesays.com\/fr\/wp-content\/uploads\/2026\/07\/86439515.jpeg\" typeof=\"foaf:Image\" alt=\"Monique, \u00ab\u00a0la reine de Lille\u00a0\u00bb, et patronne du Cheval Blanc \u00e0 Wazemmes.\"\/>  <\/p>\n<p>Article<\/p>\n<p>  <img decoding=\"async\" class=\"r-img lazyloaded\" src=\"https:\/\/www.europesays.com\/fr\/wp-content\/uploads\/2026\/03\/patrick_seghi.jpg\" alt=\"\"\/><\/p>\n<p>\tPubli\u00e9: 11 Juillet 2026 \u00e0 10h43<\/p>\n<p>Temps de lecture:<br \/>\n2 min<\/p>\n<p>Monique Leroux se plie \u00e0 l\u2019exercice de nos portraits d\u00e9cal\u00e9s\u2026<\/p>\n<p>&#13;<br \/>\n&#13;<\/p>\n<p>&#13;<br \/>\n&#13;<\/p>\n<p>  Article r\u00e9serv\u00e9 aux abonn\u00e9s<\/p>\n<p>Pour lire la suite de cet article :<\/p>\n<p><strong>Abonnez-vous \u00e0 notre offre num\u00e9rique. <\/strong><\/p>\n<p>Sans engagement de dur\u00e9e.<\/p>\n<p>    <a class=\"r-btn r-btn--secondary js-sso--url\" target=\"_self\" rel=\"nofollow noopener\" href=\"https:\/\/espace-abonnement.lavoixdunord.fr\/?int_source=site_vdn&amp;int_medium=paywall_natif&amp;int_campaign=abo_tout?backurl=[current-page:js-url]\" id=\"abonnements_boutique\">S&rsquo;ABONNER<\/a><\/p>\n<p>    Vous \u00eates d\u00e9j\u00e0 abonn\u00e9 ou inscrit ?<br \/><a class=\"js-sso--url\" href=\"https:\/\/ssov3.lavoixdunord.fr\/product\/redirect?product_id=fr_lavoixdunord&amp;return_to=[current-page:js-url]\" rel=\"nofollow noopener\" target=\"_blank\">Se connecter<\/a><\/p>\n<p>Contenus sponsoris\u00e9s<\/p>\n<p>&#13;<br \/>\n&#13;<\/p>\n<p>&#13;<br \/>\n&#13;<\/p>\n","protected":false},"excerpt":{"rendered":"\u00c0 la t\u00eate du Cheval Blanc depuis 1998, Monique Leroux partage ses souvenirs, ses inspirations et les \u00e9preuves&hellip;\n","protected":false},"author":2,"featured_media":1057779,"comment_status":"","ping_status":"","sticky":false,"template":"","format":"standard","meta":{"footnotes":"","_share_on_mastodon":"0"},"categories":[2815],"tags":[1111,11,109694,19808,1174,109692,1777,674,1011,27,811,109695,1307,109693,12,25,3400,17074,26271],"class_list":["post-1057778","post","type-post","status-publish","format-standard","has-post-thumbnail","category-lille","tag-actu","tag-actualites","tag-bal-du-cheval-blanc","tag-bistrot","tag-cambriolage","tag-cheval-blanc","tag-eu","tag-europe","tag-fr","tag-france","tag-hauts-de-france","tag-les-zazous","tag-lille","tag-monique-leroux","tag-news","tag-republique-francaise","tag-solidarite","tag-souvenirs","tag-wazemmes"],"share_on_mastodon":{"url":"https:\/\/pubeurope.com\/@fr\/116900713039216455","error":""},"_links":{"self":[{"href":"https:\/\/www.europesays.com\/fr\/wp-json\/wp\/v2\/posts\/1057778","targetHints":{"allow":["GET"]}}],"collection":[{"href":"https:\/\/www.europesays.com\/fr\/wp-json\/wp\/v2\/posts"}],"about":[{"href":"https:\/\/www.europesays.com\/fr\/wp-json\/wp\/v2\/types\/post"}],"author":[{"embeddable":true,"href":"https:\/\/www.europesays.com\/fr\/wp-json\/wp\/v2\/users\/2"}],"replies":[{"embeddable":true,"href":"https:\/\/www.europesays.com\/fr\/wp-json\/wp\/v2\/comments?post=1057778"}],"version-history":[{"count":0,"href":"https:\/\/www.europesays.com\/fr\/wp-json\/wp\/v2\/posts\/1057778\/revisions"}],"wp:featuredmedia":[{"embeddable":true,"href":"https:\/\/www.europesays.com\/fr\/wp-json\/wp\/v2\/media\/1057779"}],"wp:attachment":[{"href":"https:\/\/www.europesays.com\/fr\/wp-json\/wp\/v2\/media?parent=1057778"}],"wp:term":[{"taxonomy":"category","embeddable":true,"href":"https:\/\/www.europesays.com\/fr\/wp-json\/wp\/v2\/categories?post=1057778"},{"taxonomy":"post_tag","embeddable":true,"href":"https:\/\/www.europesays.com\/fr\/wp-json\/wp\/v2\/tags?post=1057778"}],"curies":[{"name":"wp","href":"https:\/\/api.w.org\/{rel}","templated":true}]}}