{"id":1057784,"date":"2026-07-11T09:49:19","date_gmt":"2026-07-11T09:49:19","guid":{"rendered":"https:\/\/www.europesays.com\/fr\/1057784\/"},"modified":"2026-07-11T09:49:19","modified_gmt":"2026-07-11T09:49:19","slug":"tnp-thomas-jolly-et-laetitia-guedon-pour-un-monde-ouvert","status":"publish","type":"post","link":"https:\/\/www.europesays.com\/fr\/1057784\/","title":{"rendered":"TNP : Thomas Jolly et Laetitia Gu\u00e9don pour un \u00ab Monde Ouvert \u00bb"},"content":{"rendered":"<p>\t\t\t\t<img decoding=\"async\" src=\"https:\/\/www.europesays.com\/fr\/wp-content\/uploads\/2026\/07\/Thomas-Jolly-et-Laetitia-Guedon-2-150x150.jpg\" alt=\"Le Quart d'heure Lyonnais\" title=\"Le Quart d'heure Lyonnais\"\/><\/p>\n<p>\n\t\t\t\t\t\tLe Quart d&rsquo;heure Lyonnais\t\t\t\t\t<\/p>\n<p>TNP : Thomas Jolly et Laetitia Gu\u00e9don pour un \u00ab Monde Ouvert \u00bb<\/p>\n<p>\t\t\t\t\t\t\tPlay Episode<\/p>\n<p>\t\t\t\t\t\t\tPause Episode<\/p>\n<p>\t\t\t\t\t\t<img decoding=\"async\" src=\"https:\/\/www.lyondemain.fr\/wp-content\/plugins\/seriously-simple-podcasting\/assets\/css\/images\/player\/images\/icon-loader.svg\" alt=\"Loading\" class=\"ssp-loader hide\"\/><\/p>\n<p>\t\t\t\t\t\t\t\t\t\t\t\t\tSubscribe<br \/>\n\t\t\t\t\t\t\t\t\t\t\t\t\t\t\t\t\t\t\tShare<\/p>\n<p>C\u2019est un bin\u00f4me d\u2019envergure qui s\u2019appr\u00eate \u00e0 prendre les r\u00eanes du prestigieux Th\u00e9\u00e2tre National Populaire (TNP) de Villeurbanne. D\u00e8s le 1er janvier 2027, Thomas Jolly, le metteur en sc\u00e8ne audacieux derri\u00e8re les c\u00e9r\u00e9monies des JO de Paris 2024, et Laetitia Gu\u00e9don, actuelle directrice des Plateaux Sauvages \u00e0 Paris, succ\u00e9deront \u00e0 Jean Bellorini. Ensemble, ils portent un projet ambitieux baptis\u00e9 \u00ab Monde Ouvert \u00bb. Avec une ambition claire : faire d\u00e9border le th\u00e9\u00e2tre hors de ses murs traditionnels pour l\u2019amener au c\u0153ur des quartiers et des halls d\u2019immeubles.<\/p>\n<p class=\"wp-block-paragraph\">La nomination du duo marque un tournant historique. Puisque Laetitia Gu\u00e9don devient <strong>la toute premi\u00e8re femme \u00e0 diriger l\u2019institution<\/strong> <a href=\"https:\/\/www.tnp-villeurbanne.com\/\" data-type=\"link\" data-id=\"https:\/\/www.tnp-villeurbanne.com\/\" target=\"_blank\" rel=\"noreferrer noopener nofollow\">TNP<\/a> depuis sa cr\u00e9ation. Thomas Jolly a gagn\u00e9 une notori\u00e9t\u00e9 XXL depuis qu\u2019il a mis en sc\u00e8ne les <strong>c\u00e9r\u00e9monies de JO Paris 2024<\/strong>. Mais son CV est d\u00e9j\u00e0 long\u2026<\/p>\n<p class=\"wp-block-paragraph\">Com\u00e9dien, metteur en sc\u00e8ne et fondateur de la compagnie <strong><a href=\"http:\/\/www.lapiccolafamilia.fr\/\" data-type=\"link\" data-id=\"http:\/\/www.lapiccolafamilia.fr\/\" target=\"_blank\" rel=\"noreferrer noopener nofollow\">La Piccola Familia<\/a><\/strong>, il est r\u00e9v\u00e9l\u00e9 au <strong><a href=\"https:\/\/festival-avignon.com\/\" data-type=\"link\" data-id=\"https:\/\/festival-avignon.com\/\" target=\"_blank\" rel=\"noreferrer noopener nofollow\">Festival d\u2019Avignon<\/a><\/strong> gr\u00e2ce \u00e0\u00a0<strong>Henry VI<\/strong>, fresque monumentale. Il cr\u00e9e, quelques ann\u00e9es apr\u00e8s,\u00a0<strong>Thyeste<\/strong>, trag\u00e9die romaine de <strong>S\u00e9n\u00e8que<\/strong>, dans la Cour d\u2019Honneur. En 2023, le <strong>TNP<\/strong> l\u2019accueille avec\u00a0<strong>Le Dragon\u00a0d\u2019Evgueni Schwartz<\/strong>. Il s\u2019int\u00e9resse \u00e9galement aux formes musicales. <strong>Thomas Jolly<\/strong> signe aussi bien la mise en sc\u00e8ne de la <strong>com\u00e9die musicale\u00a0Starmania<\/strong>\u00a0de Michel Berger et Luc Plamondon, que celle de\u00a0<strong>Rom\u00e9o et Juliette\u00a0<\/strong>de Charles Gounod, \u00e0 l\u2019<strong><a href=\"https:\/\/www.operadeparis.fr\/\" data-type=\"link\" data-id=\"https:\/\/www.operadeparis.fr\/\" target=\"_blank\" rel=\"noreferrer noopener nofollow\">Op\u00e9ra Bastille<\/a><\/strong>.<\/p>\n<p class=\"wp-block-paragraph\"><strong>La\u00ebtitia Gu\u00e9don<\/strong>, metteuse en sc\u00e8ne et com\u00e9dienne, dirige depuis 2016, <strong><a href=\"https:\/\/lesplateauxsauvages.fr\/\" data-type=\"link\" data-id=\"https:\/\/lesplateauxsauvages.fr\/\" target=\"_blank\" rel=\"noreferrer noopener nofollow\">Les Plateaux Sauvages<\/a><\/strong>. Fabrique Artistique et Culturelle de la Ville de Paris, o\u00f9 elle accompagne des artistes professionnels dans le d\u00e9veloppement de leur projet. Elle y dirige un projet au carrefour de la cr\u00e9ation professionnelle et de la transmission artistique. Une <strong>p\u00e9pini\u00e8re de talents<\/strong> et un lieu de vie ouvert \u00e0 tous les publics\u2026<\/p>\n<p class=\"wp-block-paragraph\">Ecoutez aussi : <a href=\"https:\/\/www.lyondemain.fr\/chalet-du-parc-transition-alimentation-zero-gaspi\/\" data-type=\"link\" data-id=\"https:\/\/www.lyondemain.fr\/chalet-du-parc-transition-alimentation-zero-gaspi\/\" target=\"_blank\" rel=\"noreferrer noopener nofollow\">Le Chalet du Parc devient un d\u00e9monstrateur de la transition<\/a><\/p>\n<p class=\"wp-block-paragraph\">Ecoutez le podcast<\/p>\n<p>Une nomination accueillie avec \u00e9motion et responsabilit\u00e9 par Thomas Jolly et Laetitia Gu\u00e9don<\/p>\n<p class=\"wp-block-paragraph\">Pour <strong>Thomas Jolly<\/strong> et <strong>Laetitia Gu\u00e9don<\/strong>, l\u2019annonce de leur nomination suscite \u00e0 la fois de la gratitude et une profonde conscience de la t\u00e2che qui les attend. Interrog\u00e9e sur ses premiers ressentis, <strong>Laetitia Gu\u00e9don<\/strong> ne cache pas son \u00e9motion.<\/p>\n<p class=\"wp-block-paragraph\">\u00ab On l\u2019a accueilli avec beaucoup d\u2019enthousiasme. Mais avec un grand sentiment de responsabilit\u00e9 pour \u00eatre tout \u00e0 fait honn\u00eate avec vous. [\u2026] On mesure l\u2019ampleur de la maison dans laquelle on arrive. Mais aussi,  le chemin qui nous reste \u00e0 parcourir avec les \u00e9quipes. Donc on arrive avec un sentiment de r\u00e9elle humilit\u00e9. \u00bb<\/p>\n<p><img loading=\"lazy\" decoding=\"async\" width=\"1200\" height=\"675\" src=\"https:\/\/www.europesays.com\/fr\/wp-content\/uploads\/2026\/07\/Thomas-Jolly-au-TNP-1.jpg\" alt=\"nouvelle direction au Th\u00e9\u00e2tre National Populaire\" class=\"wp-image-255004\"  \/><\/p>\n<p class=\"wp-block-paragraph\">De son c\u00f4t\u00e9, <strong>Thomas Jolly<\/strong> partage cette fiert\u00e9 et ce respect pour l\u2019histoire du <strong>TNP<\/strong>. Tout en se projetant imm\u00e9diatement dans l\u2019action :<\/p>\n<p class=\"wp-block-paragraph\">\u00ab C\u2019est <strong>la joie, la fiert\u00e9, l\u2019honneur<\/strong> surtout de pouvoir inscrire un geste commun dans l\u2019histoire de cette maison. Non seulement saisir l\u2019h\u00e9ritage, de le perp\u00e9tuer, de le r\u00e9activer au service du plus grand nombre, aujourd\u2019hui, ici et maintenant. \u00bb<\/p>\n<p class=\"wp-block-paragraph\" id=\"h-\">Ecoutez aussi : <a href=\"https:\/\/www.lyondemain.fr\/miles-davis-ducumentaire-patrick-savey\/\" data-type=\"link\" data-id=\"https:\/\/www.lyondemain.fr\/miles-davis-ducumentaire-patrick-savey\/\" target=\"_blank\" rel=\"noreferrer noopener nofollow\">\u00bb Miles \u00a0\u00bb : un documentaire in\u00e9dit sur Davis, la l\u00e9gende du jazz<\/a><\/p>\n<p><img loading=\"lazy\" decoding=\"async\" width=\"1200\" height=\"675\" src=\"https:\/\/www.europesays.com\/fr\/wp-content\/uploads\/2026\/07\/Thomas-Jolly-Cedric-van-Styvendael-et-Laetitia-Guedon.jpg\" alt=\"Thomas Jolly, C\u00e9dric van Styvendael et Laetitia Gu\u00e9don\" class=\"wp-image-255003\"  \/>Thomas Jolly, C\u00e9dric van Styvendael et Laetitia Gu\u00e9don<\/p>\n<p>Le \u00ab Monde Ouvert \u00bb : le th\u00e9\u00e2tre comme outil de coh\u00e9sion sociale<\/p>\n<p class=\"wp-block-paragraph\">Le projet \u00ab<strong> Monde Ouvert<\/strong> \u00bb se veut une <strong>r\u00e9ponse directe aux fractures de la soci\u00e9t\u00e9 contemporaine<\/strong>. Dans un contexte de polarisation croissante, le duo souhaite <strong>faire du TNP un espace de rencontre, de d\u00e9bat et de bienveillance<\/strong>.<\/p>\n<p class=\"wp-block-paragraph\">\u00ab Ce \u00ab\u00a0<strong>Monde Ouvert<\/strong>\u00ab\u00a0, il est une r\u00e9ponse \u00e0 un monde de plus en plus polaris\u00e9 o\u00f9 on nous demanderait chacun de vivre sur nos territoires, sur nos pr\u00e9carit\u00e9s, de poser encore plus nos fronti\u00e8res, explique <strong>Laetitia Gu\u00e9don<\/strong>. Thomas et moi, dans cette candidature, nous n\u2019avons fait que lever des barri\u00e8res, que lever des fronti\u00e8res. \u00bb<\/p>\n<p class=\"wp-block-paragraph\"><strong>Thomas Jolly<\/strong> insiste quant \u00e0 lui sur la <strong>fonction d\u00e9mocratique du th\u00e9\u00e2tre<\/strong>, un art indispensable pour<strong> \u00e9veiller l\u2019esprit critique et retrouver de la clart\u00e9 dans un monde anxiog\u00e8ne<\/strong>.<\/p>\n<p class=\"wp-block-paragraph\">\u00ab Le th\u00e9\u00e2tre n\u2019impose pas une pens\u00e9e, il donne \u00e0 entendre et \u00e0 voir la pens\u00e9e de grands auteurs, de grandes autrices, afin que chacun, en lui-m\u00eame, en elle-m\u00eame, puisse concevoir son esprit critique, son discernement. [\u2026] Une pens\u00e9e qui s\u2019arr\u00eate est une pens\u00e9e qui est violente. La pens\u00e9e, elle doit \u00eatre mouvante, elle doit circuler. \u00bb<\/p>\n<p class=\"wp-block-paragraph\">Ecoutez aussi : <a href=\"https:\/\/www.lyondemain.fr\/pauline-diaz-culture-villeurbanne\/\" data-type=\"link\" data-id=\"https:\/\/www.lyondemain.fr\/pauline-diaz-culture-villeurbanne\/\" target=\"_blank\" rel=\"noreferrer noopener nofollow\">Pauline Diaz : \u00ab\u00a0la culture accessible d\u00e8s les 1000 premiers jours\u00a0\u00bb<\/a><\/p>\n<blockquote class=\"instagram-media\" data-instgrm-captioned=\"\" data-instgrm-permalink=\"https:\/\/www.instagram.com\/reel\/DadNLHLthst\/?utm_source=ig_embed&amp;utm_campaign=loading\" data-instgrm-version=\"14\" style=\" background:#FFF; border:0; border-radius:3px; box-shadow:0 0 1px 0 rgba(0,0,0,0.5),0 1px 10px 0 rgba(0,0,0,0.15); margin: 1px; max-width:540px; min-width:326px; padding:0; width:99.375%; width:-webkit-calc(100% - 2px); width:calc(100% - 2px);\"\/>\n<p>Retour aux sources du service public et du th\u00e9\u00e2tre populaire<\/p>\n<p class=\"wp-block-paragraph\">En s\u2019installant \u00e0 <strong>Villeurbanne<\/strong>, le bin\u00f4me rappelle avec force son<strong> attachement visc\u00e9ral au service public<\/strong>. <strong>Thomas Jolly<\/strong> rappelle notamment que le TNP, r\u00e9activ\u00e9 en 1951 par <strong><a href=\"https:\/\/www.tnp-villeurbanne.com\/tnp\/histoire\/\" data-type=\"link\" data-id=\"https:\/\/www.tnp-villeurbanne.com\/tnp\/histoire\/\" target=\"_blank\" rel=\"noreferrer noopener nofollow\">Jean Vilar<\/a><\/strong> et soutenu par des figures politiques fortes, est n\u00e9 d\u2019une volont\u00e9 de r\u00e9paration collective apr\u00e8s les traumatismes de la Seconde Guerre mondiale.<\/p>\n<p class=\"wp-block-paragraph\">\u00ab Nous nous inscrivons dans les pas d\u2019illustres metteurs en sc\u00e8ne et hommes de th\u00e9\u00e2tre \u2014 Laetitia \u00e9tant la premi\u00e8re femme \u00e0 diriger le TNP \u2014 [\u2026] mais d\u2019illustres parcours jusqu\u2019\u00e0 <strong>Jean Bellorini<\/strong>. C\u2019est une responsabilit\u00e9, mais c\u2019est surtout revenir aux origines. Pourquoi ces th\u00e9\u00e2tres ont \u00e9t\u00e9 construits ? Pourquoi ces projets de service public et d\u2019acc\u00e8s au plus grand nombre ont \u00e9t\u00e9 pens\u00e9s ? Ils ont \u00e9t\u00e9 pens\u00e9s pour que justement chacun, chacune, puisse trouver une place. \u00bb<\/p>\n<p class=\"wp-block-paragraph\">Port\u00e9e par une direction \u00e0 quatre mains, cette<strong> nouvelle \u00e8re pour le TNP<\/strong> promet un <strong>th\u00e9\u00e2tre vivant, ancr\u00e9 dans le quotidien des habitants<\/strong> et r\u00e9solument tourn\u00e9 vers les <strong>\u00e9critures contemporaines<\/strong>. Une invitation \u00e0 <strong>regarder l\u2019autre avec bienveillance, pour un meilleur \u00ab\u00a0vivre ensemble\u00a0\u00bb<\/strong>.<\/p>\n<p class=\"wp-block-paragraph\">Ecoutez aussi : <a href=\"https:\/\/www.lyondemain.fr\/aqua-rize-enjeux-ecologiques-eau-villeurbanne\/\" data-type=\"link\" data-id=\"https:\/\/www.lyondemain.fr\/aqua-rize-enjeux-ecologiques-eau-villeurbanne\/\" target=\"_blank\" rel=\"noreferrer noopener nofollow\">Aqua Rize : une expo sur la ville et son rapport \u00e0 l\u2019eau<\/a><\/p>\n<p><img loading=\"lazy\" decoding=\"async\" width=\"1200\" height=\"675\" src=\"https:\/\/www.europesays.com\/fr\/wp-content\/uploads\/2026\/07\/Thomas-Jolly-et-Laetitia-Guedon.jpg\" alt=\"\" class=\"wp-image-255002\"  \/><br \/>\n\t<script async src=\"\/\/www.instagram.com\/embed.js\"><\/script><\/p>\n","protected":false},"excerpt":{"rendered":"Le Quart d&rsquo;heure Lyonnais TNP : Thomas Jolly et Laetitia Gu\u00e9don pour un \u00ab Monde Ouvert \u00bb Play&hellip;\n","protected":false},"author":2,"featured_media":1057785,"comment_status":"","ping_status":"","sticky":false,"template":"","format":"standard","meta":{"footnotes":"","_share_on_mastodon":"0"},"categories":[1889],"tags":[1111,11,2430,1777,674,1011,27,30473,22107,109696,2428,109697,12,25,1347,18228,30476,6345],"class_list":["post-1057784","post","type-post","status-publish","format-standard","has-post-thumbnail","category-lyon","tag-actu","tag-actualites","tag-auvergne-rhone-alpes","tag-eu","tag-europe","tag-fr","tag-france","tag-jean-bellorini","tag-jo-2024","tag-laetitia-guedon","tag-lyon","tag-monde-ouvert","tag-news","tag-republique-francaise","tag-theatre","tag-thomas-jolly","tag-tnp","tag-villeurbanne"],"share_on_mastodon":{"url":"https:\/\/pubeurope.com\/@fr\/116900723306870143","error":""},"_links":{"self":[{"href":"https:\/\/www.europesays.com\/fr\/wp-json\/wp\/v2\/posts\/1057784","targetHints":{"allow":["GET"]}}],"collection":[{"href":"https:\/\/www.europesays.com\/fr\/wp-json\/wp\/v2\/posts"}],"about":[{"href":"https:\/\/www.europesays.com\/fr\/wp-json\/wp\/v2\/types\/post"}],"author":[{"embeddable":true,"href":"https:\/\/www.europesays.com\/fr\/wp-json\/wp\/v2\/users\/2"}],"replies":[{"embeddable":true,"href":"https:\/\/www.europesays.com\/fr\/wp-json\/wp\/v2\/comments?post=1057784"}],"version-history":[{"count":0,"href":"https:\/\/www.europesays.com\/fr\/wp-json\/wp\/v2\/posts\/1057784\/revisions"}],"wp:featuredmedia":[{"embeddable":true,"href":"https:\/\/www.europesays.com\/fr\/wp-json\/wp\/v2\/media\/1057785"}],"wp:attachment":[{"href":"https:\/\/www.europesays.com\/fr\/wp-json\/wp\/v2\/media?parent=1057784"}],"wp:term":[{"taxonomy":"category","embeddable":true,"href":"https:\/\/www.europesays.com\/fr\/wp-json\/wp\/v2\/categories?post=1057784"},{"taxonomy":"post_tag","embeddable":true,"href":"https:\/\/www.europesays.com\/fr\/wp-json\/wp\/v2\/tags?post=1057784"}],"curies":[{"name":"wp","href":"https:\/\/api.w.org\/{rel}","templated":true}]}}