{"id":10578,"date":"2025-04-08T15:54:38","date_gmt":"2025-04-08T15:54:38","guid":{"rendered":"https:\/\/www.europesays.com\/fr\/10578\/"},"modified":"2025-04-08T15:54:38","modified_gmt":"2025-04-08T15:54:38","slug":"une-personne-heurtee-par-un-train-le-trafic-interrompu-entre-nantes-et-angers","status":"publish","type":"post","link":"https:\/\/www.europesays.com\/fr\/10578\/","title":{"rendered":"Une personne heurt\u00e9e par un train\u00a0: le trafic interrompu entre Nantes et Angers"},"content":{"rendered":"<p>Ce dimanche 6\u00a0avril 2025, <a href=\"https:\/\/www.ouest-france.fr\/economie\/transports\/sncf\/\" target=\"_blank\" rel=\"noopener\">le trafic est interrompu entre Nantes et Angers<\/a>. Une personne a \u00e9t\u00e9 heurt\u00e9e par un train \u00e0 Ancenis, indique sur le r\u00e9seau social X le compte TER des Pays de la Loire.<\/p>\n<p>\n                Nous avons bloqu\u00e9 l\u2019affichage de ce contenu pour respecter vos choix en mati\u00e8re de cookies.<br \/>En cliquant sur \u00abConsulter\u00bb, vous acceptez le d\u00e9p\u00f4t de cookies par des services de r\u00e9seaux sociaux tels que Twitter.<br \/>\n                Consulter\n            <\/p>\n<blockquote class=\"twitter-tweet\" wp_automatic_readability=\"6.6737288135593\">\n<p lang=\"fr\" dir=\"ltr\">?? Une personne a \u00e9t\u00e9 heurt\u00e9e par un train \u00e0 <a href=\"https:\/\/twitter.com\/hashtag\/Ancenis?src=hash&amp;ref_src=twsrc%5Etfw\" target=\"_blank\" rel=\"noopener\">#Ancenis<\/a>.<\/p>\n<p>?? Le trafic est interrompu entre <a href=\"https:\/\/twitter.com\/hashtag\/Nantes?src=hash&amp;ref_src=twsrc%5Etfw\" target=\"_blank\" rel=\"noopener\">#Nantes<\/a> et <a href=\"https:\/\/twitter.com\/hashtag\/Angers?src=hash&amp;ref_src=twsrc%5Etfw\" target=\"_blank\" rel=\"noopener\">#Angers<\/a> jusqu&rsquo;\u00e0 17h.<\/p>\n<p>Je suis \u00e0 votre \u00e9coute. ?? <a href=\"https:\/\/t.co\/afZb8ZbLGy\">pic.twitter.com\/afZb8ZbLGy<\/a><\/p>\n<p>\u2014 TER Pays de la Loire (@TERPays2LaLoire) <a href=\"https:\/\/twitter.com\/TERPays2LaLoire\/status\/1908874320048173164?ref_src=twsrc%5Etfw\" target=\"_blank\" rel=\"noopener\">April 6, 2025<\/a><\/p><\/blockquote>\n<p>Reprise \u00e0 18\u00a0h<\/p>\n<p>La reprise du trafic est, pour le moment, estim\u00e9e \u00e0 18\u00a0h.<\/p>\n<p>\u00a0<\/p>\n<p>\t\t<script async src=\"https:\/\/platform.twitter.com\/widgets.js\" charset=\"utf-8\"><\/script><\/p>\n","protected":false},"excerpt":{"rendered":"Ce dimanche 6\u00a0avril 2025, le trafic est interrompu entre Nantes et Angers. Une personne a \u00e9t\u00e9 heurt\u00e9e par&hellip;\n","protected":false},"author":2,"featured_media":10579,"comment_status":"","ping_status":"","sticky":false,"template":"","format":"standard","meta":{"footnotes":""},"categories":[2818],"tags":[1111,11,1438,1777,674,1011,27,5145,5146,766,12,2636,25,1097,926],"class_list":{"0":"post-10578","1":"post","2":"type-post","3":"status-publish","4":"format-standard","5":"has-post-thumbnail","7":"category-nantes","8":"tag-actu","9":"tag-actualites","10":"tag-angers","11":"tag-eu","12":"tag-europe","13":"tag-fr","14":"tag-france","15":"tag-heurtee","16":"tag-interrompu","17":"tag-nantes","18":"tag-news","19":"tag-pays-de-la-loire","20":"tag-republique-francaise","21":"tag-trafic","22":"tag-train"},"share_on_mastodon":{"url":"https:\/\/pubeurope.com\/@fr\/114303157106034305","error":""},"_links":{"self":[{"href":"https:\/\/www.europesays.com\/fr\/wp-json\/wp\/v2\/posts\/10578","targetHints":{"allow":["GET"]}}],"collection":[{"href":"https:\/\/www.europesays.com\/fr\/wp-json\/wp\/v2\/posts"}],"about":[{"href":"https:\/\/www.europesays.com\/fr\/wp-json\/wp\/v2\/types\/post"}],"author":[{"embeddable":true,"href":"https:\/\/www.europesays.com\/fr\/wp-json\/wp\/v2\/users\/2"}],"replies":[{"embeddable":true,"href":"https:\/\/www.europesays.com\/fr\/wp-json\/wp\/v2\/comments?post=10578"}],"version-history":[{"count":0,"href":"https:\/\/www.europesays.com\/fr\/wp-json\/wp\/v2\/posts\/10578\/revisions"}],"wp:featuredmedia":[{"embeddable":true,"href":"https:\/\/www.europesays.com\/fr\/wp-json\/wp\/v2\/media\/10579"}],"wp:attachment":[{"href":"https:\/\/www.europesays.com\/fr\/wp-json\/wp\/v2\/media?parent=10578"}],"wp:term":[{"taxonomy":"category","embeddable":true,"href":"https:\/\/www.europesays.com\/fr\/wp-json\/wp\/v2\/categories?post=10578"},{"taxonomy":"post_tag","embeddable":true,"href":"https:\/\/www.europesays.com\/fr\/wp-json\/wp\/v2\/tags?post=10578"}],"curies":[{"name":"wp","href":"https:\/\/api.w.org\/{rel}","templated":true}]}}