{"id":105788,"date":"2025-05-17T01:14:09","date_gmt":"2025-05-17T01:14:09","guid":{"rendered":"https:\/\/www.europesays.com\/fr\/105788\/"},"modified":"2025-05-17T01:14:09","modified_gmt":"2025-05-17T01:14:09","slug":"ex-qg-de-larmee-bombarde-projet-immobilier-on-vous-resume-laffaire-qui-eclabousse-le-gendre-de-trump-en-serbie","status":"publish","type":"post","link":"https:\/\/www.europesays.com\/fr\/105788\/","title":{"rendered":"Ex-QG de l\u2019arm\u00e9e bombard\u00e9, projet immobilier\u2026 On vous r\u00e9sume l\u2019affaire qui \u00e9clabousse le gendre de Trump en Serbie"},"content":{"rendered":"<p>Un projet immobilier port\u00e9 par <a href=\"https:\/\/www.20minutes.fr\/monde\/jared-kushner\/\" target=\"_blank\" class=\"color-ultramarine c-link\" rel=\"nofollow noopener\">Jared Kushner<\/a>, gendre de <a href=\"https:\/\/www.20minutes.fr\/dossier\/donald_trump\" target=\"_blank\" class=\"color-ultramarine c-link\" rel=\"nofollow noopener\">Donald Trump<\/a>, ravive les tensions en <a href=\"https:\/\/www.20minutes.fr\/dossier\/serbie\" target=\"_blank\" class=\"color-ultramarine c-link\" rel=\"nofollow noopener\">Serbie<\/a>. Au c\u0153ur de la pol\u00e9mique\u00a0: un terrain symbolique en plein centre de Belgrade, th\u00e9\u00e2tre de bombardements de l\u2019<a href=\"https:\/\/www.20minutes.fr\/monde\/otan\/\" target=\"_blank\" class=\"color-ultramarine c-link\" rel=\"nofollow noopener\">Otan<\/a> en\u00a01999 et longtemps class\u00e9 \u00ab\u00a0bien culturel\u00a0\u00bb. La lev\u00e9e de ce statut patrimonial, condition sine qua non au lancement du chantier, serait entach\u00e9e d\u2019un faux. Le parquet serbe a ouvert une enqu\u00eate, \u00e9claboussant l\u2019administration et mettant l\u2019avenir du projet en suspens. On vous explique tout.<\/p>\n<p>Un site strat\u00e9gique charg\u00e9 de m\u00e9moire<\/p>\n<p>Les deux immeubles en briques rouges qui composaient l\u2019ancien \u00e9tat-major de l\u2019arm\u00e9e yougoslave n\u2019ont jamais \u00e9t\u00e9 restaur\u00e9s depuis les frappes de l\u2019Otan men\u00e9es sous l\u2019impulsion des <a href=\"https:\/\/www.20minutes.fr\/monde\/etats-unis\/\" target=\"_blank\" class=\"color-ultramarine c-link\" rel=\"nofollow noopener\">Etats-Unis<\/a>. Class\u00e9s en\u00a02005, ces vestiges de guerre ont \u00e9t\u00e9 prot\u00e9g\u00e9s jusqu\u2019en\u00a02024, ann\u00e9e o\u00f9 leur statut a \u00e9t\u00e9 discr\u00e8tement r\u00e9voqu\u00e9 par les autorit\u00e9s serbes.<\/p>\n<\/p>\n<p>Une d\u00e9cision prise quelques mois apr\u00e8s la signature d\u2019un accord controvers\u00e9 entre Belgrade et Affinity Partners, le fonds d\u2019investissement de Jared Kushner, pr\u00e9voyant la cession du site pour 99 ans afin d\u2019y b\u00e2tir un <a href=\"https:\/\/www.20minutes.fr\/dossier\/hotellerie_de_luxe\" target=\"_blank\" class=\"color-ultramarine c-link\" rel=\"nofollow noopener\">h\u00f4tel de luxe<\/a>, un mus\u00e9e et jusqu\u2019\u00e0 1.500 unit\u00e9s r\u00e9sidentielles, pour un montant de 500\u00a0millions de dollars. Mais cette s\u00e9quence, d\u00e9j\u00e0 source d\u2019indignation dans une partie de l\u2019opinion serbe, a pris une nouvelle tournure judiciaire cette semaine.<\/p>\n<p>Un \u00ab\u00a0faux\u00a0\u00bb qui pourrait tout remettre en cause<\/p>\n<p>Mardi, le parquet contre le crime organis\u00e9 a r\u00e9v\u00e9l\u00e9 l\u2019ouverture d\u2019une <a href=\"https:\/\/www.20minutes.fr\/dossier\/enquete\" target=\"_blank\" class=\"color-ultramarine c-link\" rel=\"nofollow noopener\">enqu\u00eate<\/a> pr\u00e9liminaire visant Goran Vasic, directeur de l\u2019Institut pour la protection des monuments. Il est soup\u00e7onn\u00e9 d\u2019abus de fonction et d\u2019avoir produit un document falsifi\u00e9 recommandant la lev\u00e9e du statut de \u00ab\u00a0bien culturel\u00a0\u00bb du site. Ce document aurait directement motiv\u00e9 la d\u00e9cision du gouvernement serbe de rendre le terrain constructible.<\/p>\n<p>Selon le parquet, Goran Vasic a reconnu les faits qui lui sont reproch\u00e9s. S\u2019il a \u00e9chapp\u00e9 \u00e0 la d\u00e9tention pr\u00e9ventive, une interdiction de contact avec des t\u00e9moins lui a \u00e9t\u00e9 impos\u00e9e.<\/p>\n<p>Malaise politique et silence gouvernemental<\/p>\n<p>Ce rebondissement judiciaire fragilise un projet d\u00e9j\u00e0 contest\u00e9. Si le gouvernement reste silencieux, le pr\u00e9sident Aleksandar Vucic a tenu \u00e0 rassurer\u00a0: \u00ab\u00a0Il n\u2019y a eu aucune falsification de quelque nature que ce soit. Il n\u2019y a pas d\u2019arr\u00eat des plans du projet, nous discuterons de tout avec tout le monde.\u00a0\u00bb<\/p>\n<p>De son c\u00f4t\u00e9, Affinity Partners, interrog\u00e9e par l\u2019AFP, a adopt\u00e9 un ton plus r\u00e9serv\u00e9. L\u2019entreprise affirme ne pas avoir \u00ab\u00a0particip\u00e9 \u00e0 la r\u00e9vision du statut culturel\u00a0\u00bb du site, reconna\u00eet que les travaux n\u2019ont pas commenc\u00e9, et conc\u00e8de que \u00ab\u00a0le projet est d\u00e9sormais incertain\u00a0\u00bb.<\/p>\n<p>Patrimoine en p\u00e9ril et mobilisation des architectes<\/p>\n<p>Mais l\u2019affaire d\u00e9passe maintenant les enjeux \u00e9conomiques ou diplomatiques\u00a0: elle touche \u00e0 l\u2019identit\u00e9 historique et architecturale de Belgrade. Con\u00e7us par l\u2019architecte serbe Nikola Dobrovic, les b\u00e2timents sont consid\u00e9r\u00e9s comme un chef-d\u2019\u0153uvre du brutalisme d\u2019apr\u00e8s-guerre. Leur structure, pens\u00e9e comme une all\u00e9gorie de la bataille de Sutjeska en\u00a01943, s\u2019int\u00e8gre en cascade dans l\u2019avenue Nemanjina, cr\u00e9ant une imposante perspective monumentale.<\/p>\n<p>\u00ab\u00a0C\u2019est la composition architecturale la plus significative de l\u2019ex-Yougoslavie\u00a0\u00bb, explique l\u2019architecte Slobodan Maldini, signataire d\u2019un appel lanc\u00e9 en mai\u00a02024 pour restaurer les b\u00e2timents dans leur \u00e9tat d\u2019origine. \u00ab\u00a0La perte potentielle du complexe signifierait que la Serbie perdrait son plus beau travail architectural de ce type. Les dommages seraient irr\u00e9parables\u00a0\u00bb, a-t-il alert\u00e9.<\/p>\n<p>Un symbole devenu enjeu g\u00e9opolitique<\/p>\n<p>A Belgrade, les plaies de\u00a01999 restent ouvertes. La transformation de ce lieu de m\u00e9moire en complexe h\u00f4telier port\u00e9 par le gendre du pr\u00e9sident am\u00e9ricain suscite un ressentiment profond dans une population encore marqu\u00e9e par les bombardements de l\u2019Otan. La b\u00e2che kaki recouvrant partiellement l\u2019un des b\u00e2timents, repr\u00e9sentant des soldats serbes en parade, illustre le malaise entre volont\u00e9 de modernisation et respect du pass\u00e9.<\/p>\n<p><a href=\"https:\/\/www.20minutes.fr\/monde\/jared-kushner\/\" target=\"_blank\" class=\"c-link c-btn c-btn--primary\" rel=\"nofollow noopener\">Tous nos articles sur Jared Kushner<\/a><\/p>\n<p>A mesure que l\u2019enqu\u00eate avance, ce projet d\u2019envergure prend des allures de scandale d\u2019Etat, m\u00ealant m\u00e9moire collective, tensions diplomatiques et soup\u00e7ons de corruption. En Serbie comme \u00e0 l\u2019\u00e9tranger, l\u2019affaire Kushner \u00e0 Belgrade n\u2019a pas fini de faire parler d\u2019elle.<\/p>\n","protected":false},"excerpt":{"rendered":"Un projet immobilier port\u00e9 par Jared Kushner, gendre de Donald Trump, ravive les tensions en Serbie. Au c\u0153ur&hellip;\n","protected":false},"author":2,"featured_media":105789,"comment_status":"","ping_status":"","sticky":false,"template":"","format":"standard","meta":{"footnotes":""},"categories":[5],"tags":[47,11,6701,22277,75,1011,27,191,14,22276,74,12,136,2551,1747,3329,28],"class_list":{"0":"post-105788","1":"post","2":"type-post","3":"status-publish","4":"format-standard","5":"has-post-thumbnail","7":"category-international","8":"tag-actualite","9":"tag-actualites","10":"tag-aleksandar-vucic","11":"tag-belgrade","12":"tag-donald-trump","13":"tag-fr","14":"tag-france","15":"tag-hotellerie-de-luxe","16":"tag-international","17":"tag-jared-kushner","18":"tag-monde","19":"tag-news","20":"tag-otan","21":"tag-patrimoine","22":"tag-scandale","23":"tag-serbie","24":"tag-world"},"share_on_mastodon":{"url":"https:\/\/pubeurope.com\/@fr\/114520526959656031","error":""},"_links":{"self":[{"href":"https:\/\/www.europesays.com\/fr\/wp-json\/wp\/v2\/posts\/105788","targetHints":{"allow":["GET"]}}],"collection":[{"href":"https:\/\/www.europesays.com\/fr\/wp-json\/wp\/v2\/posts"}],"about":[{"href":"https:\/\/www.europesays.com\/fr\/wp-json\/wp\/v2\/types\/post"}],"author":[{"embeddable":true,"href":"https:\/\/www.europesays.com\/fr\/wp-json\/wp\/v2\/users\/2"}],"replies":[{"embeddable":true,"href":"https:\/\/www.europesays.com\/fr\/wp-json\/wp\/v2\/comments?post=105788"}],"version-history":[{"count":0,"href":"https:\/\/www.europesays.com\/fr\/wp-json\/wp\/v2\/posts\/105788\/revisions"}],"wp:featuredmedia":[{"embeddable":true,"href":"https:\/\/www.europesays.com\/fr\/wp-json\/wp\/v2\/media\/105789"}],"wp:attachment":[{"href":"https:\/\/www.europesays.com\/fr\/wp-json\/wp\/v2\/media?parent=105788"}],"wp:term":[{"taxonomy":"category","embeddable":true,"href":"https:\/\/www.europesays.com\/fr\/wp-json\/wp\/v2\/categories?post=105788"},{"taxonomy":"post_tag","embeddable":true,"href":"https:\/\/www.europesays.com\/fr\/wp-json\/wp\/v2\/tags?post=105788"}],"curies":[{"name":"wp","href":"https:\/\/api.w.org\/{rel}","templated":true}]}}