{"id":105790,"date":"2025-05-17T01:15:10","date_gmt":"2025-05-17T01:15:10","guid":{"rendered":"https:\/\/www.europesays.com\/fr\/105790\/"},"modified":"2025-05-17T01:15:10","modified_gmt":"2025-05-17T01:15:10","slug":"une-campagne-sans-guerre-des-chefs-tendue-vers-2027","status":"publish","type":"post","link":"https:\/\/www.europesays.com\/fr\/105790\/","title":{"rendered":"une campagne sans guerre des chefs, tendue vers 2027"},"content":{"rendered":"<p><strong>D\u00c9CRYPTAGE <\/strong>&#8211; Le verdict de l\u2019\u00e9lection interne sera rendu dimanche soir apr\u00e8s des semaines intenses. Quel que soit le nom du vainqueur, le nouveau patron de la droite devra trancher des questions urgentes de ligne politique et de strat\u00e9gie.<\/p>\n<p class=\"fig-paragraph\">Jusqu\u2019au bout, l\u2019affiche de la course \u00e0 la pr\u00e9sidence LR aura conserv\u00e9<a href=\"https:\/\/www.lefigaro.fr\/tag\/bruno-retailleau\" target=\"_blank\" rel=\"noopener\" data-gtm-custom-categorie=\"navigation\" data-gtm-custom-action=\"crossclick\" data-gtm-custom-label=\"Contextuel\" data-gtm-event=\"customEventSPE\">\u00a0Bruno Retailleau\u00a0<\/a>en position de favori et\u00a0<a href=\"https:\/\/www.lefigaro.fr\/tag\/laurent-wauquiez\" target=\"_blank\" rel=\"noopener\" data-gtm-custom-categorie=\"navigation\" data-gtm-custom-action=\"crossclick\" data-gtm-custom-label=\"Contextuel\" data-gtm-event=\"customEventSPE\">Laurent Wauquiez<\/a>\u00a0\u00e0 la place de challenger. Seul le verdict des urnes \u00e9lectroniques, dimanche \u00e0 18\u00a0heures, permettra de savoir si les r\u00e9sultats d\u00e9finitifs confirment cet ordre d\u2019arriv\u00e9e ou si les 121.617\u00a0\u00e9lecteurs du scrutin interne auront d\u00e9cid\u00e9 de cr\u00e9er la surprise.<\/p>\n<p class=\"fig-paragraph\">Les scores seront d\u00e9voil\u00e9s dans la foul\u00e9e, depuis le si\u00e8ge des R\u00e9publicains, par\u00a0<a href=\"https:\/\/www.lefigaro.fr\/tag\/annie-genevard\" target=\"_blank\" rel=\"noopener\" data-gtm-custom-categorie=\"navigation\" data-gtm-custom-action=\"crossclick\" data-gtm-custom-label=\"Contextuel\" data-gtm-event=\"customEventSPE\">Annie Genevard<\/a>, secr\u00e9taire g\u00e9n\u00e9rale du mouvement et ministre de l\u2019Agriculture. Tout cela, sous le contr\u00f4le d\u2019une<a href=\"http:\/\/www.lefigaro.fr\/politique\/la-haute-autorite-arbitre-de-la-course-a-la-presidence-des-republicains-gere-les-doleances-des-candidats-20250417\" data-fig-type=\"Article\" data-gtm-custom-categorie=\"navigation\" data-gtm-custom-action=\"crossclick\" data-gtm-custom-label=\"Contextuel\" data-gtm-event=\"customEventSPE\" data-fig-domain=\"LEFIGARO\" target=\"_blank\" rel=\"noopener\">\u00a0haute autorit\u00e9\u00a0<\/a>qui pourra alors se f\u00e9liciter d\u2019avoir \u00e9vit\u00e9 une\u00a0<a href=\"http:\/\/www.lefigaro.fr\/politique\/la-guerre-des-chefs-aura-bien-lieu-laurent-wauquiez-et-bruno-retailleau-round-d-observation-avant-la-competition-20250205\" data-fig-type=\"Article\" data-gtm-custom-categorie=\"navigation\" data-gtm-custom-action=\"crossclick\" data-gtm-custom-label=\"Contextuel\" data-gtm-event=\"customEventSPE\" data-fig-domain=\"LEFIGARO\" target=\"_blank\" rel=\"noopener\">\u00ab\u00a0guerre des chefs\u00a0\u00bb, que tout le monde redoutait<\/a>.<\/p>\n<p class=\"fig-paragraph\">Finalement, ces sept semaines de campagne \u00ab\u00a0officielle\u00a0\u00bb, selon le r\u00e8glement int\u00e9rieur du parti, sont rest\u00e9es \u00ab\u00a0courtoises\u00a0\u00bb jusqu\u2019\u00e0 la derni\u00e8re minute, comme le disent les candidats eux-m\u00eames. Bruno Retailleau suivra les r\u00e9sultats depuis le si\u00e8ge du mouvement, place du Palais Bourbon \u00e0 Paris, quand\u2026<\/p>\n<p class=\"fig-premium-paywall__infos\">\n        Cet article est r\u00e9serv\u00e9 aux abonn\u00e9s.        Il vous reste 92% \u00e0 d\u00e9couvrir.\n    <\/p>\n<p>                <img  data- alt=\"Le Figaro\" class=\"fig-img--complete fig-img\"\/><\/p>\n<p class=\"fig-premium-paywall__title\">Vente Flash<\/p>\n<p class=\"fig-premium-paywall__subtitle\">4,99\u20ac par mois pendant 12 mois. Sans engagement.<\/p>\n<p class=\"fig-premium-paywall__connect\">\n                D\u00e9j\u00e0 abonn\u00e9\u00a0?                <a class=\"fig-premium-paywall__connect-link\" href=\"https:\/\/connect.lefigaro.fr\/login?client=horizon_web&amp;type=main&amp;redirect_uri=https%3A%2F%2Fwww.lefigaro.fr%2Factualite-france%2Fpresidence-des-republicains-une-campagne-sans-guerre-des-chefs-tendue-vers-2027-20250516\" data-js-gtm=\"{&quot;customCategorie&quot;: &quot;conversion&quot;, &quot;customAction&quot;: &quot;before_Landing_Connexion_paywall_auto&quot;, &quot;customLabel&quot;: &quot;bGVmaWdhcm8uZnJfXzFmMDMyMWJiLTNkZDMtNjg0Yy04MjI1LWExYWVjOTZjMGVjNV9fQXJ0aWNsZQ==_Pr\u00e9sidence des R\u00e9publicains\u00a0: une campagne sans guerre des chefs, tendue vers 2027_308&quot;, &quot;customIDSPE&quot;: &quot;bGVmaWdhcm8uZnJfXzFmMDMyMWJiLTNkZDMtNjg0Yy04MjI1LWExYWVjOTZjMGVjNV9fQXJ0aWNsZQ==&quot;, &quot;event&quot;: &quot;customEventSPE&quot;}\" target=\"_blank\" rel=\"noopener\"><br \/>\n                    Connectez-vous<br \/>\n                <\/a>\n            <\/p>\n","protected":false},"excerpt":{"rendered":"D\u00c9CRYPTAGE &#8211; Le verdict de l\u2019\u00e9lection interne sera rendu dimanche soir apr\u00e8s des semaines intenses. Quel que soit&hellip;\n","protected":false},"author":2,"featured_media":105791,"comment_status":"","ping_status":"","sticky":false,"template":"","format":"standard","meta":{"footnotes":""},"categories":[4],"tags":[47,1058,1054,1059,1060,1055,11,6592,1057,11984,118,1011,27,1061,303,6319,12,1062,25,656,104,1056,809],"class_list":{"0":"post-105790","1":"post","2":"type-post","3":"status-publish","4":"format-standard","5":"has-post-thumbnail","7":"category-france","8":"tag-actualite","9":"tag-actualite-education","10":"tag-actualite-france","11":"tag-actualite-justice","12":"tag-actualite-securite","13":"tag-actualite-societe","14":"tag-actualites","15":"tag-droite","16":"tag-education","17":"tag-election-presidentielle","18":"tag-faits-divers","19":"tag-fr","20":"tag-france","21":"tag-immigration","22":"tag-justice","23":"tag-les-republicains","24":"tag-news","25":"tag-polemique","26":"tag-republique-francaise","27":"tag-securite","28":"tag-societe","29":"tag-societe-francaise","30":"tag-violence"},"share_on_mastodon":{"url":"https:\/\/pubeurope.com\/@fr\/114520530858594928","error":""},"_links":{"self":[{"href":"https:\/\/www.europesays.com\/fr\/wp-json\/wp\/v2\/posts\/105790","targetHints":{"allow":["GET"]}}],"collection":[{"href":"https:\/\/www.europesays.com\/fr\/wp-json\/wp\/v2\/posts"}],"about":[{"href":"https:\/\/www.europesays.com\/fr\/wp-json\/wp\/v2\/types\/post"}],"author":[{"embeddable":true,"href":"https:\/\/www.europesays.com\/fr\/wp-json\/wp\/v2\/users\/2"}],"replies":[{"embeddable":true,"href":"https:\/\/www.europesays.com\/fr\/wp-json\/wp\/v2\/comments?post=105790"}],"version-history":[{"count":0,"href":"https:\/\/www.europesays.com\/fr\/wp-json\/wp\/v2\/posts\/105790\/revisions"}],"wp:featuredmedia":[{"embeddable":true,"href":"https:\/\/www.europesays.com\/fr\/wp-json\/wp\/v2\/media\/105791"}],"wp:attachment":[{"href":"https:\/\/www.europesays.com\/fr\/wp-json\/wp\/v2\/media?parent=105790"}],"wp:term":[{"taxonomy":"category","embeddable":true,"href":"https:\/\/www.europesays.com\/fr\/wp-json\/wp\/v2\/categories?post=105790"},{"taxonomy":"post_tag","embeddable":true,"href":"https:\/\/www.europesays.com\/fr\/wp-json\/wp\/v2\/tags?post=105790"}],"curies":[{"name":"wp","href":"https:\/\/api.w.org\/{rel}","templated":true}]}}