{"id":105792,"date":"2025-05-17T01:16:08","date_gmt":"2025-05-17T01:16:08","guid":{"rendered":"https:\/\/www.europesays.com\/fr\/105792\/"},"modified":"2025-05-17T01:16:08","modified_gmt":"2025-05-17T01:16:08","slug":"eurovision-2025-esmee-sur-les-traces-de-sa-mere-louane-elle-ecrit-deja-des-chansons","status":"publish","type":"post","link":"https:\/\/www.europesays.com\/fr\/105792\/","title":{"rendered":"Eurovision 2025 : Esm\u00e9e sur les traces de sa m\u00e8re Louane, elle \u00ab\u00a0\u00e9crit d\u00e9j\u00e0 des chansons\u00a0\u00bb"},"content":{"rendered":"<p>      R\u00e9sum\u00e9<\/p>\n<p>Esm\u00e9e, la fille de Louane \u00e2g\u00e9e de 5 ans, manifeste d\u00e9j\u00e0 un int\u00e9r\u00eat pr\u00e9coce pour la musique en \u00e9crivant ses premi\u00e8res chansons, inspir\u00e9e peut-\u00eatre par l&rsquo;exemple de sa m\u00e8re qui repr\u00e9sentera la France \u00e0 l&rsquo;Eurovision 2025 avec une chanson tr\u00e8s personnelle.<\/p>\n<p>        Sommaire<\/p>\n<p>Et si dans les prochaines ann\u00e9es, Esm\u00e9e faisait comme sa maman et repr\u00e9sentait la France \u00e0 l\u2019Eurovision ? Nous en sommes encore loin. N\u00e9anmoins <a href=\"https:\/\/www.public.fr\/tag\/louane\" target=\"_blank\" rel=\"noopener\">Louane<\/a> assure que sa fille, \u00e2g\u00e9e de seulement 5 ans, appr\u00e9cie \u00e9norm\u00e9ment la musique. Au point d\u2019\u00e9crire, d\u00e9j\u00e0, des chansons.\u00a0<\/p>\n<p>Nul doute que la fillette sera devant son \u00e9cran ce samedi 17 mai 2025. Dans la soir\u00e9e, Louane montera en effet sur sc\u00e8ne et interpr\u00e8tera son titre <strong>\u00ab\u00a0maman\u00a0\u00bb<\/strong>. <a href=\"https:\/\/vsd.fr\/tag\/louane\/\" target=\"_blank\" rel=\"noopener\">La chanteuse de 28 ans<\/a> a choisi ce morceau pour <a href=\"https:\/\/www.public.fr\/eurovision-louane-en-panique-lors-de-sa-prestation-mon-dieu-je-vais-manquer-dair\" target=\"_blank\" rel=\"noopener\">repr\u00e9senter la France \u00e0 la 69e \u00e9dition du concours de l\u2019Eurovision.<\/a><\/p>\n<p>Un titre qu\u2019elle a d\u00e9j\u00e0 d\u00e9voil\u00e9 il y a plusieurs ann\u00e9es, mais qu\u2019elle a r\u00e9\u00e9crit r\u00e9cemment. Dans les colonnes de nos confr\u00e8res belges de Cin\u00e9 T\u00e9l\u00e9 Revue, l\u2019ancienne candidate de \u00ab\u00a0The Voice\u00a0\u00bb a donn\u00e9 les raisons de cette r\u00e9\u00e9criture.\u00a0<\/p>\n<p>L&rsquo;histoire derri\u00e8re le morceau \u00ab\u00a0maman\u00a0\u00bb<\/p>\n<p>\u00ab\u00a0C\u2019\u00e9tait un morceau devenu trop difficile \u00e9motionnellement. Il y a quelque chose de tr\u00e8s dur et de tr\u00e8s triste dans cette chanson-l\u00e0 qui ne me repr\u00e9sente plus du tout aujourd\u2019hui\u00a0\u00bb, confie-t-elle dans un premier temps.<\/p>\n<p>Avant de donner quelques d\u00e9tails sur la nouvelle version, qu\u2019elle chantera ce samedi : \u00ab\u00a0Quand j\u2019ai termin\u00e9 d\u2019\u00e9crire la chanson de l\u2019Eurovision et que je l\u2019ai fait \u00e9couter \u00e0 ma famille, ils m\u2019ont dit qu\u2019ils \u00e9taient heureux parce qu\u2019ils sentaient que j\u2019\u00e9tais enfin gu\u00e9rie, car ce que j\u2019ai pu \u00e9crire avant \u00e9tait beaucoup plus triste ou avec de la col\u00e8re. C\u2019\u00e9tait donc super-important pour moi de ne garder d\u00e9sormais que cette version-l\u00e0 de &lsquo;Maman&rsquo;, parce qu\u2019elle est certes tr\u00e8s \u00e9motionnelle et intime, mais absolument pas triste. C\u2019est une chanson d\u2019amour en fait, presque de remerciement, qui fait le point sur ma vie\u00a0\u00bb.<\/p>\n<p>Dans cette chanson, comme un symbole, il est possible d\u2019entendre la fille de Louane \u00e0 la toute fin, disant \u00ab\u00a0maman\u00a0\u00bb. \u00ab\u00a0Je ne me souviens pas de qui a eu l\u2019id\u00e9e.\u00a0Ce que je sais, c\u2019est que je l\u2019ai trouv\u00e9e g\u00e9niale. Je suis rentr\u00e9e chez moi, j\u2019ai enregistr\u00e9 ma fille disant \u00ab\u00a0maman\u00a0\u00bb sur mon t\u00e9l\u00e9phone et je l\u2019ai envoy\u00e9e \u00e0 Tristan, mon producteur\u00a0\u00bb, explique la repr\u00e9sentante de la France \u00e0 l\u2019Eurovision.\u00a0<\/p>\n<p>Esm\u00e9e, la fille de Louane, \u00e9crit d\u00e9j\u00e0 des chansons<\/p>\n<p>Mais Esm\u00e9e a-t-elle compris le sens de ce morceau ? \u00ab\u00a0Non, elle a 5 ans, elle ne peut pas encore comprendre le sens profond des paroles\u00a0\u00bb, pr\u00e9vient Louane. N\u00e9anmoins, celle-ci assure que sa fille reste \u00ab\u00a0tr\u00e8s fi\u00e8re d\u2019\u00eatre sur la chanson\u00a0\u00bb. \u00ab\u00a0Et elle comprend tr\u00e8s bien mon m\u00e9tier\u2026 peut-\u00eatre m\u00eame un peu trop. Elle adore la musique, elle a du mal \u00e0 accepter de ne pas \u00eatre avec moi sur sc\u00e8ne\u00a0\u00bb, r\u00e9v\u00e8le \u00e9galement la chanteuse de 28 ans.<\/p>\n<p>Celle-ci r\u00e9v\u00e8le, par la m\u00eame occasion, qu\u2019Esm\u00e9e a d\u00e9j\u00e0 \u00ab\u00a0la musique dans le sang\u00a0\u00bb. \u00c0 tel point qu\u2019elle fait du piano au conservatoire russe \u00e0 Paris et <strong>\u00ab\u00a0\u00e9crit m\u00eame des chansons\u00a0\u00bb<\/strong>. <\/p>\n<p>\u00ab\u00a0<strong>Bon, pour l\u2019instant, c\u2019est sur les rennes de No\u00ebl, mais c\u2019est d\u00e9j\u00e0 un d\u00e9but.<\/strong> On n\u2019est pas encore sur de la grande chanson fran\u00e7aise mais je suis s\u00fbre que \u00e7a viendra\u00a0\u00bb, s\u2019amuse sa maman, malgr\u00e9 tout tr\u00e8s fi\u00e8re.\u00a0<\/p>\n<p>      Mentionn\u00e9s dans cet article<\/p>\n<p>\u00c0 lire aussi<\/p>\n","protected":false},"excerpt":{"rendered":"R\u00e9sum\u00e9 Esm\u00e9e, la fille de Louane \u00e2g\u00e9e de 5 ans, manifeste d\u00e9j\u00e0 un int\u00e9r\u00eat pr\u00e9coce pour la musique&hellip;\n","protected":false},"author":2,"featured_media":105793,"comment_status":"","ping_status":"","sticky":false,"template":"","format":"standard","meta":{"footnotes":""},"categories":[2],"tags":[11,8753,1011,27,4501,12],"class_list":{"0":"post-105792","1":"post","2":"type-post","3":"status-publish","4":"format-standard","5":"has-post-thumbnail","7":"category-actualites","8":"tag-actualites","9":"tag-concours-eurovision-de-la-chanson","10":"tag-fr","11":"tag-france","12":"tag-louane","13":"tag-news"},"share_on_mastodon":{"url":"https:\/\/pubeurope.com\/@fr\/114520534912441421","error":""},"_links":{"self":[{"href":"https:\/\/www.europesays.com\/fr\/wp-json\/wp\/v2\/posts\/105792","targetHints":{"allow":["GET"]}}],"collection":[{"href":"https:\/\/www.europesays.com\/fr\/wp-json\/wp\/v2\/posts"}],"about":[{"href":"https:\/\/www.europesays.com\/fr\/wp-json\/wp\/v2\/types\/post"}],"author":[{"embeddable":true,"href":"https:\/\/www.europesays.com\/fr\/wp-json\/wp\/v2\/users\/2"}],"replies":[{"embeddable":true,"href":"https:\/\/www.europesays.com\/fr\/wp-json\/wp\/v2\/comments?post=105792"}],"version-history":[{"count":0,"href":"https:\/\/www.europesays.com\/fr\/wp-json\/wp\/v2\/posts\/105792\/revisions"}],"wp:featuredmedia":[{"embeddable":true,"href":"https:\/\/www.europesays.com\/fr\/wp-json\/wp\/v2\/media\/105793"}],"wp:attachment":[{"href":"https:\/\/www.europesays.com\/fr\/wp-json\/wp\/v2\/media?parent=105792"}],"wp:term":[{"taxonomy":"category","embeddable":true,"href":"https:\/\/www.europesays.com\/fr\/wp-json\/wp\/v2\/categories?post=105792"},{"taxonomy":"post_tag","embeddable":true,"href":"https:\/\/www.europesays.com\/fr\/wp-json\/wp\/v2\/tags?post=105792"}],"curies":[{"name":"wp","href":"https:\/\/api.w.org\/{rel}","templated":true}]}}