{"id":105796,"date":"2025-05-17T01:18:21","date_gmt":"2025-05-17T01:18:21","guid":{"rendered":"https:\/\/www.europesays.com\/fr\/105796\/"},"modified":"2025-05-17T01:18:21","modified_gmt":"2025-05-17T01:18:21","slug":"une-infirmiere-licenciee-dun-ehpad-apres-plusieurs-videos-avilissantes-de-residents-liberation","status":"publish","type":"post","link":"https:\/\/www.europesays.com\/fr\/105796\/","title":{"rendered":"une infirmi\u00e8re licenci\u00e9e d\u2019un Ehpad apr\u00e8s plusieurs vid\u00e9os avilissantes de r\u00e9sidents \u2013 Lib\u00e9ration"},"content":{"rendered":"<p class=\"sc-ksZaOG ehjQrN text-element\">\u00abCes faits de maltraitance sont graves\u00bb, de l\u2019aveu m\u00eame du groupe. Une infirmi\u00e8re de l\u2019Ehpad l\u2019Astr\u00e9e, \u00e0 Saint-Etienne, appartenant au r\u00e9seau de maisons de retraite Korian, a \u00e9t\u00e9 licenci\u00e9e en d\u00e9cembre 2024 apr\u00e8s avoir film\u00e9 de mani\u00e8re d\u00e9gradante plusieurs de ses r\u00e9sidents puis post\u00e9 les images sur le r\u00e9seau social Snapchat.<\/p>\n<p class=\"sc-ksZaOG ehjQrN text-element\">Selon <a href=\"https:\/\/www.leprogres.fr\/economie\/2025\/05\/14\/residente-d-ehpad-filmee-sur-son-lit-de-mort-les-videos-glacantes-d-une-infirmiere\" target=\"_blank\" rel=\"noreferrer noopener\" title=\"https:\/\/www.leprogres.fr\/economie\/2025\/05\/14\/residente-d-ehpad-filmee-sur-son-lit-de-mort-les-videos-glacantes-d-une-infirmiere\">le Progr\u00e8s<\/a>, qui a r\u00e9v\u00e9l\u00e9 l\u2019information, ces derni\u00e8res montrent notamment une r\u00e9sidente morte et une autre que l\u2019on fait \u00abdanser\u00bb, \u00e0 moiti\u00e9 d\u00e9nud\u00e9e lors de sa toilette. Ce vendredi 16 mai, Korian confirme \u00e0 Lib\u00e9ration que trois personnes ont \u00e9t\u00e9 victimes de ces \u00abvid\u00e9os humiliantes\u00bb. Un second salari\u00e9, vacataire, a aussi \u00e9t\u00e9 identifi\u00e9. Son contrat a \u00e9galement \u00e9t\u00e9 rompu : \u00abEvidemment, ils ne travailleront plus pour le groupe.\u00bb Le quotidien r\u00e9gional affirme par ailleurs, dans un second article, qu\u2019<a href=\"https:\/\/www.leprogres.fr\/faits-divers-justice\/2025\/05\/15\/videos-a-l-ehpad-plainte-d-une-famille-et-procedure-disciplinaire-contre-l-infirmiere\" target=\"_blank\" rel=\"noreferrer noopener\" title=\"https:\/\/www.leprogres.fr\/faits-divers-justice\/2025\/05\/15\/videos-a-l-ehpad-plainte-d-une-famille-et-procedure-disciplinaire-&lt;\/p&gt;&lt;\/div&gt;&lt;\/article&gt;&lt;\/div&gt;&lt;div data-fusion-lazy-id=\" f0f8vgvlad832fw=\"\"><\/p>\n","protected":false},"excerpt":{"rendered":"\u00abCes faits de maltraitance sont graves\u00bb, de l\u2019aveu m\u00eame du groupe. Une infirmi\u00e8re de l\u2019Ehpad l\u2019Astr\u00e9e, \u00e0 Saint-Etienne,&hellip;\n","protected":false},"author":2,"featured_media":105797,"comment_status":"","ping_status":"","sticky":false,"template":"","format":"standard","meta":{"footnotes":""},"categories":[9653],"tags":[1111,11,2430,12216,1777,674,1011,27,12,25,4001],"class_list":{"0":"post-105796","1":"post","2":"type-post","3":"status-publish","4":"format-standard","5":"has-post-thumbnail","7":"category-saint-etienne","8":"tag-actu","9":"tag-actualites","10":"tag-auvergne-rhone-alpes","11":"tag-ehpad","12":"tag-eu","13":"tag-europe","14":"tag-fr","15":"tag-france","16":"tag-news","17":"tag-republique-francaise","18":"tag-saint-etienne"},"share_on_mastodon":{"url":"https:\/\/pubeurope.com\/@fr\/114520542634132227","error":""},"_links":{"self":[{"href":"https:\/\/www.europesays.com\/fr\/wp-json\/wp\/v2\/posts\/105796","targetHints":{"allow":["GET"]}}],"collection":[{"href":"https:\/\/www.europesays.com\/fr\/wp-json\/wp\/v2\/posts"}],"about":[{"href":"https:\/\/www.europesays.com\/fr\/wp-json\/wp\/v2\/types\/post"}],"author":[{"embeddable":true,"href":"https:\/\/www.europesays.com\/fr\/wp-json\/wp\/v2\/users\/2"}],"replies":[{"embeddable":true,"href":"https:\/\/www.europesays.com\/fr\/wp-json\/wp\/v2\/comments?post=105796"}],"version-history":[{"count":0,"href":"https:\/\/www.europesays.com\/fr\/wp-json\/wp\/v2\/posts\/105796\/revisions"}],"wp:featuredmedia":[{"embeddable":true,"href":"https:\/\/www.europesays.com\/fr\/wp-json\/wp\/v2\/media\/105797"}],"wp:attachment":[{"href":"https:\/\/www.europesays.com\/fr\/wp-json\/wp\/v2\/media?parent=105796"}],"wp:term":[{"taxonomy":"category","embeddable":true,"href":"https:\/\/www.europesays.com\/fr\/wp-json\/wp\/v2\/categories?post=105796"},{"taxonomy":"post_tag","embeddable":true,"href":"https:\/\/www.europesays.com\/fr\/wp-json\/wp\/v2\/tags?post=105796"}],"curies":[{"name":"wp","href":"https:\/\/api.w.org\/{rel}","templated":true}]}}