{"id":10580,"date":"2025-04-08T15:55:18","date_gmt":"2025-04-08T15:55:18","guid":{"rendered":"https:\/\/www.europesays.com\/fr\/10580\/"},"modified":"2025-04-08T15:55:18","modified_gmt":"2025-04-08T15:55:18","slug":"quelles-nouveautes-pour-les-visites-guidees-de-la-saison-estivale","status":"publish","type":"post","link":"https:\/\/www.europesays.com\/fr\/10580\/","title":{"rendered":"quelles nouveaut\u00e9s pour les visites guid\u00e9es de la saison estivale\u00a0?"},"content":{"rendered":"<p>            Par<br \/>\n        <strong><br \/>\n            <a href=\"https:\/\/actu.fr\/auteur\/laure-gentil\" title=\"Consulter tous les articles de Laure Gentil\" target=\"_blank\" rel=\"noopener\">Laure Gentil<\/a><br \/>\n        <\/strong><\/p>\n<p>        Publi\u00e9 le<\/p>\n<p>            7 avr. 2025 \u00e0 16h40        <\/p>\n<p>Jeudi 3\u00a0avril 2025, le<strong> Voyage \u00e0 Nantes<\/strong> (VAN) a lanc\u00e9 sa saison touristique et pr\u00e9sent\u00e9 quelques nouveaut\u00e9s.<\/p>\n<p class=\" wall-content\">Les Nantais, comme les touristes, vont pouvoir d\u00e9couvrir la cit\u00e9 des Ducs de Bretagne \u00e0 travers des visites guid\u00e9es d\u2019un autre genre.<\/p>\n<p>\u00ab\u2009\u00c9puiser les enfants\u2009\u00bb<\/p>\n<p class=\" wall-content\">\u00ab\u2009La grande nouveaut\u00e9 s\u2019adresse au public famille\u2009\u00bb, sourit Agn\u00e8s Poras, charg\u00e9e de l\u2019offre de visites guid\u00e9es du VAN. \u00ab\u2009On s\u2019empare de l\u2019\u00eele de Nantes, un territoire d\u00e9j\u00e0 fourni en termes de propositions avec les Machines de l\u2019\u00eele.\u2009\u00bb<\/p>\n<p class=\" wall-content\">Le but est de compl\u00e9ter l\u2019offre avec la d\u00e9couverte \u00ab\u2009d\u2019\u0153uvres moins visibles\u2009\u00bb. Le VAN propose \u00e0 cet effet une visite guid\u00e9e avec des<strong> \u00e9tapes ludiques<\/strong> sur <strong>l\u2019\u00eele de Nantes.<\/strong><\/p>\n<p class=\" wall-content\">\u00ab\u2009En partant de la Station Prouv\u00e9, on va aller vers une tentative d\u2019\u00e9puisement d\u2019un lieu, on va \u00e9puiser les enfants sur ces divers lieux\u2009\u00bb, explique Agn\u00e8s Poras.<\/p>\n<p>Vid\u00e9os : en ce moment sur ActuInfos pratiques\u2009: pour r\u00e9server vos places, <a href=\"https:\/\/www.levoyageanantes.fr\/\" target=\"_blank\" rel=\"noopener\">cliquez ici.<\/a> Les dates\u2009: 9, 16, 23 et 30\u00a0avril \u2013 9, 16, 23 et 30\u00a0juillet et 6, 13, 20 et 27\u00a0ao\u00fbt.Les langues \u00e9trang\u00e8res \u00e0 l\u2019honneur<\/p>\n<p class=\" wall-content\">Les<strong> touristes \u00e9trangers<\/strong> ou les amoureux des langues \u00e9trang\u00e8res ne seront pas en reste, puisque des visites guid\u00e9es en anglais, en espagnol ou encore en italien vont \u00eatre organis\u00e9es aux Machines de l\u2019\u00eele mais aussi avec le parcours\u2009: \u00ab\u2009Las claves de la ciudad\u2009\u00bb (les cl\u00e9s de la ville en espagnol).<\/p>\n<p class=\" wall-content\">Celui-ci fait le tour des \u00ab\u2009sites incontournables\u2009\u00bb de Nantes et aura lieu tous les samedis du 7\u00a0juin au 27\u00a0septembre \u00e0 17\u2009h\u200930 (sauf le 21\u00a0juin).<\/p>\n<p>Infos pratiques\u2009: pour r\u00e9server vos places, <a href=\"https:\/\/www.levoyageanantes.fr\/\" target=\"_blank\" rel=\"noopener\">cliquez ici.<\/a><\/p>\n<p class=\" wall-content\">Suivez toute l\u2019actualit\u00e9 de vos villes et m\u00e9dias favoris en vous inscrivant \u00e0 <a href=\"https:\/\/moncompte.actu.fr\" title=\"D\u00e9couvez Mon Actu\" rel=\"nofollow noopener\" data-trk=\"{&quot;cta&quot;:{&quot;action&quot;:&quot;https:\\\/\\\/moncompte.actu.fr&quot;,&quot;category&quot;:&quot;mon compte&quot;,&quot;from&quot;:&quot;article footer&quot;,&quot;name&quot;:&quot;Mon actu&quot;,&quot;type&quot;:&quot;cta&quot;}}\" target=\"_blank\">Mon Actu<\/a>.<\/p>\n<ul class=\"ac-article-tag wall-content\">\n<li><a href=\"https:\/\/actu.fr\/tag\/tourisme\" data-trk=\"{&quot;cta&quot;:{&quot;action&quot;:&quot;Tourisme&quot;,&quot;category&quot;:&quot;tag&quot;,&quot;from&quot;:&quot;article footer&quot;,&quot;name&quot;:&quot;Tourisme&quot;,&quot;type&quot;:&quot;cta&quot;}}\" target=\"_blank\" rel=\"noopener\">#Tourisme<\/a><\/li>\n<li><a href=\"https:\/\/actu.fr\/tag\/vacances-scolaires\" data-trk=\"{&quot;cta&quot;:{&quot;action&quot;:&quot;Vacances scolaires&quot;,&quot;category&quot;:&quot;tag&quot;,&quot;from&quot;:&quot;article footer&quot;,&quot;name&quot;:&quot;Vacances scolaires&quot;,&quot;type&quot;:&quot;cta&quot;}}\" target=\"_blank\" rel=\"noopener\">#Vacances scolaires<\/a><\/li>\n<\/ul>\n","protected":false},"excerpt":{"rendered":"Par Laure Gentil Publi\u00e9 le 7 avr. 2025 \u00e0 16h40 Jeudi 3\u00a0avril 2025, le Voyage \u00e0 Nantes (VAN)&hellip;\n","protected":false},"author":2,"featured_media":10581,"comment_status":"","ping_status":"","sticky":false,"template":"","format":"standard","meta":{"footnotes":""},"categories":[2818],"tags":[1111,11,1777,674,1011,27,1652,766,12,2636,25,602,3176],"class_list":{"0":"post-10580","1":"post","2":"type-post","3":"status-publish","4":"format-standard","5":"has-post-thumbnail","7":"category-nantes","8":"tag-actu","9":"tag-actualites","10":"tag-eu","11":"tag-europe","12":"tag-fr","13":"tag-france","14":"tag-loisirs-culture","15":"tag-nantes","16":"tag-news","17":"tag-pays-de-la-loire","18":"tag-republique-francaise","19":"tag-tourisme","20":"tag-vacances-scolaires"},"share_on_mastodon":{"url":"https:\/\/pubeurope.com\/@fr\/114303161058200633","error":""},"_links":{"self":[{"href":"https:\/\/www.europesays.com\/fr\/wp-json\/wp\/v2\/posts\/10580","targetHints":{"allow":["GET"]}}],"collection":[{"href":"https:\/\/www.europesays.com\/fr\/wp-json\/wp\/v2\/posts"}],"about":[{"href":"https:\/\/www.europesays.com\/fr\/wp-json\/wp\/v2\/types\/post"}],"author":[{"embeddable":true,"href":"https:\/\/www.europesays.com\/fr\/wp-json\/wp\/v2\/users\/2"}],"replies":[{"embeddable":true,"href":"https:\/\/www.europesays.com\/fr\/wp-json\/wp\/v2\/comments?post=10580"}],"version-history":[{"count":0,"href":"https:\/\/www.europesays.com\/fr\/wp-json\/wp\/v2\/posts\/10580\/revisions"}],"wp:featuredmedia":[{"embeddable":true,"href":"https:\/\/www.europesays.com\/fr\/wp-json\/wp\/v2\/media\/10581"}],"wp:attachment":[{"href":"https:\/\/www.europesays.com\/fr\/wp-json\/wp\/v2\/media?parent=10580"}],"wp:term":[{"taxonomy":"category","embeddable":true,"href":"https:\/\/www.europesays.com\/fr\/wp-json\/wp\/v2\/categories?post=10580"},{"taxonomy":"post_tag","embeddable":true,"href":"https:\/\/www.europesays.com\/fr\/wp-json\/wp\/v2\/tags?post=10580"}],"curies":[{"name":"wp","href":"https:\/\/api.w.org\/{rel}","templated":true}]}}