{"id":105809,"date":"2025-05-17T01:25:14","date_gmt":"2025-05-17T01:25:14","guid":{"rendered":"https:\/\/www.europesays.com\/fr\/105809\/"},"modified":"2025-05-17T01:25:14","modified_gmt":"2025-05-17T01:25:14","slug":"ferrero-investit-95-millions-deuros-pour-moderniser-sa-production-de-nutella-en-seine-maritime","status":"publish","type":"post","link":"https:\/\/www.europesays.com\/fr\/105809\/","title":{"rendered":"Ferrero investit 95\u00a0millions d\u2019euros pour moderniser sa production de Nutella en Seine-Maritime"},"content":{"rendered":"<p class=\"paragraph text_align_left\">Excellente nouvelle pour la m\u00e9tropole de Rouen (Seine-Maritime). <a href=\"https:\/\/www.lefigaro.fr\/economie\/ferrero-investit-pres-de-100-millions-d-euros-autour-de-sa-mega-usine-nutella-en-normandie-20250516\" target=\"_blank\" rel=\"noreferrer nofollow noopener\">Comme l\u2019a r\u00e9v\u00e9l\u00e9 le quotidien \u00ab Le Figaro \u00bb<\/a> plus t\u00f4t ce vendredi 16 mai 2025, le groupe italien Ferrero a programm\u00e9 un investissement cons\u00e9quent \u00e0 hauteur de 95 millions d\u2019euros sur le territoire normand, o\u00f9 son usine de Villers-\u00c9calles (Seine-Maritime) produit d\u00e9j\u00e0 plus d\u2019un quart de la production mondiale de Nutella, soit pas loin de 600 000 pots chaque ann\u00e9e. La marque italienne y confectionne aussi pr\u00e8s de 2,5 millions de barres Kinder Bueno.<\/p>\n<p class=\"paragraph text_align_left\">Cette usine repr\u00e9sente une implantation historique pour Ferrero France, dont le si\u00e8ge est install\u00e9 \u00e0 deux pas, sur la commune de Mont-Saint-Aignan (Seine-Maritime), avec un total d\u2019environ 1 000 emplois en Normandie sur les 1 500 salari\u00e9s fran\u00e7ais.<\/p>\n<p>La vision de Ferrero : \u00ab Faire de la France un pilier de sa strat\u00e9gie de croissance en Europe \u00bb<\/p>\n<p class=\"paragraph text_align_left\">Trois communes de Seine-Maritime vont \u00eatre concern\u00e9es par cette annonce, qui intervient \u00e0 quelques jours du nouveau <a href=\"https:\/\/www.leparisien.fr\/economie\/sommet-choose-france-6-ans-dannonces-et-dinvestissements-peu-de-projets-abandonnes-13-05-2024-RNVCJTWPZRF2RNWFO2QQ2TOGNQ.php\" target=\"_blank\" rel=\"noreferrer nofollow noopener\">sommet \u00ab Choose France \u00bb<\/a>, qui se d\u00e9roulera ce lundi 19 mai \u00e0 Versailles (Yvelines).<\/p>\n<p class=\"paragraph text_align_left\">D\u2019un c\u00f4t\u00e9, 30 millions d\u2019euros seront consacr\u00e9s \u00e0 la modernisation de l\u2019outil de production de Villers-\u00c9calles. L\u2019objectif est d\u2019y remplacer \u00ab certains \u00e9quipements des lignes Nutella et Kinder Bueno \u00bb tout en proc\u00e9dant \u00e0 \u00ab l\u2019isolation de l\u2019ensemble du site \u00bb, explique le groupe dans un communiqu\u00e9.<\/p>\n<p class=\"paragraph text_align_left\">De l\u2019autre, le plan d\u2019investissement pr\u00e9voit la cr\u00e9ation d\u2019un vaste site logistique \u00e0 Cl\u00e9on, non loin <a href=\"https:\/\/www.leparisien.fr\/seine-maritime-76\/dans-son-usine-de-cleon-renault-met-le-paquet-pour-le-moteur-electrique-13-07-2022-JL7VBJ7M5NHOPHOWBDVAV2PZXQ.php\" target=\"_blank\" rel=\"noreferrer nofollow noopener\">de l\u2019usine Renault<\/a>, pour 33 millions d\u2019euros. Et d\u2019un entrep\u00f4t XXL \u00e0 Barentin pour 32 millions d\u2019euros. Le premier, d\u2019apr\u00e8s les \u00e9l\u00e9ments pr\u00e9sents dans le dossier remis \u00e0 la pr\u00e9fecture, poss\u00e9derait une capacit\u00e9 de stockage de 60 000 palettes sur 32 000 m2 et serait dot\u00e9 de 29 quais de d\u00e9chargement. \u00c0 terme, l\u2019actuel entrep\u00f4t du Grand-Quevilly (Seine-Maritime) devrait fermer ses portes, lorsque les deux sites seront op\u00e9rationnels.<\/p>\n<p class=\"paragraph text_align_left\">\u00ab \u00c0 travers ces investissements successifs, Ferrero affirme une vision claire : faire de la France un pilier de sa strat\u00e9gie de croissance en Europe, en misant sur l\u2019innovation, l\u2019excellence industrielle et l\u2019impact local \u00bb, assure le groupe italien dans son communiqu\u00e9.<\/p>\n","protected":false},"excerpt":{"rendered":"Excellente nouvelle pour la m\u00e9tropole de Rouen (Seine-Maritime). Comme l\u2019a r\u00e9v\u00e9l\u00e9 le quotidien \u00ab Le Figaro \u00bb plus&hellip;\n","protected":false},"author":2,"featured_media":105810,"comment_status":"","ping_status":"","sticky":false,"template":"","format":"standard","meta":{"footnotes":""},"categories":[9587],"tags":[1111,11,459,33,1777,674,1011,27,12,5161,25,9590,11074],"class_list":{"0":"post-105809","1":"post","2":"type-post","3":"status-publish","4":"format-standard","5":"has-post-thumbnail","7":"category-rouen","8":"tag-actu","9":"tag-actualites","10":"tag-departements-horsidfo","11":"tag-economie","12":"tag-eu","13":"tag-europe","14":"tag-fr","15":"tag-france","16":"tag-news","17":"tag-normandie","18":"tag-republique-francaise","19":"tag-rouen","20":"tag-seine-maritime-76"},"share_on_mastodon":{"url":"https:\/\/pubeurope.com\/@fr\/114520570336043003","error":""},"_links":{"self":[{"href":"https:\/\/www.europesays.com\/fr\/wp-json\/wp\/v2\/posts\/105809","targetHints":{"allow":["GET"]}}],"collection":[{"href":"https:\/\/www.europesays.com\/fr\/wp-json\/wp\/v2\/posts"}],"about":[{"href":"https:\/\/www.europesays.com\/fr\/wp-json\/wp\/v2\/types\/post"}],"author":[{"embeddable":true,"href":"https:\/\/www.europesays.com\/fr\/wp-json\/wp\/v2\/users\/2"}],"replies":[{"embeddable":true,"href":"https:\/\/www.europesays.com\/fr\/wp-json\/wp\/v2\/comments?post=105809"}],"version-history":[{"count":0,"href":"https:\/\/www.europesays.com\/fr\/wp-json\/wp\/v2\/posts\/105809\/revisions"}],"wp:featuredmedia":[{"embeddable":true,"href":"https:\/\/www.europesays.com\/fr\/wp-json\/wp\/v2\/media\/105810"}],"wp:attachment":[{"href":"https:\/\/www.europesays.com\/fr\/wp-json\/wp\/v2\/media?parent=105809"}],"wp:term":[{"taxonomy":"category","embeddable":true,"href":"https:\/\/www.europesays.com\/fr\/wp-json\/wp\/v2\/categories?post=105809"},{"taxonomy":"post_tag","embeddable":true,"href":"https:\/\/www.europesays.com\/fr\/wp-json\/wp\/v2\/tags?post=105809"}],"curies":[{"name":"wp","href":"https:\/\/api.w.org\/{rel}","templated":true}]}}