{"id":105811,"date":"2025-05-17T01:26:18","date_gmt":"2025-05-17T01:26:18","guid":{"rendered":"https:\/\/www.europesays.com\/fr\/105811\/"},"modified":"2025-05-17T01:26:18","modified_gmt":"2025-05-17T01:26:18","slug":"un-spectacle-du-14-juillet-a-rouen-signe-thomas-jolly-suspendu-a-son-financement-public-et-prive","status":"publish","type":"post","link":"https:\/\/www.europesays.com\/fr\/105811\/","title":{"rendered":"Un spectacle du 14-Juillet \u00e0 Rouen sign\u00e9 Thomas Jolly suspendu \u00e0 son financement public et priv\u00e9"},"content":{"rendered":"<p class=\"latino-300b text-grey-800\">\n<p>  Par\u00a0<br \/>\nLe Nouvel Obs avec AFP          <\/p>\n<p class=\"latino-300r text-grey-600\">\n      Publi\u00e9 le<\/p>\n<p>    16 mai 2025 \u00e0 15h04, mis \u00e0 jour le<\/p>\n<p>      16 mai 2025 \u00e0 16h41\n  <\/p>\n<p>      <img fetchpriority=\"high\" decoding=\"async\" class=\"mx-auto\" src=\"data:image\/svg+xml;base64,PHN2ZyB4bWxucz0iaHR0cDovL3d3dy53My5vcmcvMjAwMC9zdmciIGZpbGw9IiNlNGU0ZTQiIHZpZXdCb3g9IjAgMCA1MTAgMzQwIiB3aWR0aD0iNTEwIiBoZWlnaHQ9IjM0MCI+PHBhdGggZD0iTTAgMGg1MTB2MzQwSDB6Ii8+PC9zdmc+\"  loading=\"eager\" width=\"510\" height=\"340\" data-oncrawl-image-size=\"510x340\" alt=\"Le directeur artistique des JO de Paris Thomas Jolly sur la place de la Concorde, lors des Jeux paralympiques, le 26\u00a0ao\u00fbt 2024. \"\/>      <\/p>\n<p class=\"latino-100m text-grey-600\">\n            Le directeur artistique des JO de Paris Thomas Jolly sur la place de la Concorde, lors des Jeux paralympiques, le 26\u00a0ao\u00fbt 2024. \u00a0ALEX DAVIDSON\/GETTY IMAGES VIA AFP        <\/p>\n<p>    Lire\u00a0plus\u00a0tard  <\/p>\n<p><a aria-label=\"Nous suivre sur Google News\" href=\"https:\/\/news.google.com\/publications\/CAAqBwgKMJe4nQkw3dFs?hl=fr&amp;gl=FR&amp;ceid=FR%3Afr\" target=\"_blank\" data-piano=\"Page_Article,Sous_date_publi,Nous_suivre_sur_google_news,1er_clic,action\" class=\"btn btn--small btn--secondary\" rel=\"noopener\"><\/p>\n<p>      Google Actualit\u00e9s<br \/>\n  <\/a><\/p>\n<p>  Partager<\/p>\n<p>        Facebook<\/p>\n<p>        Bluesky<\/p>\n<p>        E-mail<\/p>\n<p>        Copier le lien<\/p>\n<p>      Envoyer<\/p>\n<p>    Temps de lecture\u00a0:\u00a01\u00a0min.<\/p>\n<p class=\"node__paragraphe antonia-750r text-grey-800 pb-20 pb-md-30\">\nUn projet de spectacle pour le 14-Juillet \u00e0 Rouen imagin\u00e9 par Thomas Jolly, directeur artistique des <a href=\"https:\/\/www.nouvelobs.com\/teleobs\/20250405.OBS102374\/les-exclus-des-jo-l-envers-du-decor-des-jeux-olympiques-de-paris-2024.html\" target=\"_blank\" rel=\"noopener\">JO de Paris en\u00a02024<\/a>, est suspendu \u00e0 l\u2019obtention de fonds publics et \u00e0 la consolidation de partenariats priv\u00e9s, ont indiqu\u00e9 plusieurs sources proches du dossier ce vendredi 16\u00a0mai \u00e0 l\u2019AFP.<\/p>\n<p class=\"latino-500b text-grey-600 pb-15\">A lire aussi<\/p>\n<p><a href=\"https:\/\/www.nouvelobs.com\/culture\/20241120.OBS96674\/thomas-jolly-la-joie-a-toujours-ete-mon-carburant.html\" data-article-key=\"20241120.OBS96674\" class=\"link--box flex-grow-1\" data-piano=\"Page_Article,Lire_aussi,,Lien1,navigation\" target=\"_blank\" rel=\"noopener\"><\/p>\n<p>                <img decoding=\"async\" src=\"data:image\/svg+xml;base64,PHN2ZyB4bWxucz0iaHR0cDovL3d3dy53My5vcmcvMjAwMC9zdmciIGZpbGw9IiNlNGU0ZTQiIHZpZXdCb3g9IjAgMCAxMjAgODAiIHdpZHRoPSIxMjAiIGhlaWdodD0iODAiPjxwYXRoIGQ9Ik0wIDBoMTIwdjgwSDB6Ii8+PC9zdmc+\"  width=\"120\" height=\"79\" loading=\"lazy\" alt=\"Thomas Jolly, le 6 novembre 2024.\"\/><\/p>\n<p class=\"latino-300r latino-lg-600m text-grey-800\">\n                      <strong class=\"latino-300b latino-lg-600m text-grey-500\">Entretien\u00a0<\/strong><br \/>\n                    Thomas Jolly\u00a0: \u00ab\u00a0La joie a toujours \u00e9t\u00e9 mon carburant\u00a0\u00bb        <\/p>\n<p><\/a><\/p>\n<p>    Lire\u00a0plus\u00a0tard  <\/p>\n<p class=\"node__paragraphe antonia-750r text-grey-800 pb-20 pb-md-30\">\nCe show, d\u2019environ une heure et demie et dont l\u2019id\u00e9e est de \u00ab\u00a0promouvoir les valeurs de la R\u00e9publique\u00a0\u00bb, repr\u00e9sente un co\u00fbt de 11\u00a0millions d\u2019euros, dont 6 proviendraient de financements priv\u00e9s et 5 de fonds publics, a indiqu\u00e9 \u00e0 l\u2019AFP une de ses sources, confirmant des informations de m\u00e9dias locaux, <a target=\"_blank\" href=\"https:\/\/www.francebleu.fr\/infos\/culture-loisirs\/14-juillet-thomas-jolly-imagine-un-grand-spectacle-a-rouen-et-espere-le-decliner-dans-une-ville-differente-chaque-ete-3686310\" rel=\"noopener\">dont Ici Normandie<\/a>.<\/p>\n<p class=\"node__paragraphe antonia-750r text-grey-800 pb-20 pb-md-30\">\nCoproduit avec Thierry Reboul, ex-directeur <a href=\"https:\/\/www.nouvelobs.com\/sport\/20240726.OBS91642\/jo-2024-tout-savoir-sur-la-ceremonie-d-ouverture-sur-la-seine.html\" target=\"_blank\" rel=\"noopener\">des c\u00e9r\u00e9monies des JO\u00a02024<\/a>, pr\u00e9sent\u00e9 cette semaine devant des \u00e9lus, ce projet, intitul\u00e9 \u00ab\u00a014.7\u00a0\u00bb, n\u2019est \u00ab\u00a0pas valid\u00e9\u00a0\u00bb, a pr\u00e9cis\u00e9 l\u2019entourage de Thomas Jolly \u00e0 l\u2019AFP.<\/p>\n<p class=\"node__paragraphe antonia-750r text-grey-800 pb-20 pb-md-30\">\nIl n\u00e9cessite un vote favorable de la mairie de Rouen et de la M\u00e9tropole, mais aucune date n\u2019avait \u00e9t\u00e9 arr\u00eat\u00e9e ce vendredi pour la tenue d\u2019un conseil municipal extraordinaire, ni un conseil de la m\u00e9tropole. Le projet n\u00e9cessite aussi \u00ab\u00a0la consolidation de partenariats priv\u00e9s\u00a0\u00bb, selon son entourage.<\/p>\n<p>Une \u00ab\u00a0somme colossale\u00a0\u00bb<\/p>\n<p class=\"node__paragraphe antonia-750r text-grey-800 pb-20 pb-md-30\">\nCe projet, sur lequel le duo travaille depuis d\u00e9cembre, est con\u00e7u pour se d\u00e9rouler au bord de la Seine, dans la ville o\u00f9 Thomas Jolly a grandi. Il s\u2019agit de \u00ab\u00a0mettre en lumi\u00e8re artistes rouennais et associations culturelles locales\u00a0\u00bb, selon son entourage qui ne souhaite pas commenter le projet \u00ab\u00a0tant qu\u2019il ne sera pas valid\u00e9 et financ\u00e9 \u00e0 100\u00a0%\u00a0\u00bb.<\/p>\n<p class=\"node__paragraphe antonia-750r text-grey-800 pb-20 pb-md-30\">\nDans un communiqu\u00e9, la M\u00e9tropole, pr\u00e9sid\u00e9e par le <a href=\"https:\/\/www.nouvelobs.com\/politique\/20250304.OBS101014\/nicolas-mayer-rossignol-officialise-sa-candidature-a-la-tete-du-ps-je-ne-veux-pas-d-un-pugilat.html\" target=\"_blank\" rel=\"noopener\">maire socialiste Nicolas Mayer-Rossignol<\/a>, a confirm\u00e9 que le projet n\u2019\u00e9tait \u00ab\u00a0pas valid\u00e9\u00a0\u00bb. Elle a d\u00e9fendu une participation financi\u00e8re publique \u00ab\u00a0inf\u00e9rieure \u00e0 50\u00a0% du budget total de la manifestation\u00a0\u00bb. \u00ab\u00a0Ces financements ne se feraient en aucun cas au d\u00e9triment des politiques publiques mises en \u0153uvre par les deux collectivit\u00e9s\u00a0\u00bb, a-t-elle ajout\u00e9.<\/p>\n<p class=\"latino-500b text-grey-600 pb-15\">A lire aussi<\/p>\n<p><a href=\"https:\/\/www.nouvelobs.com\/societe\/20240813.OBS92348\/paris-2024-ce-que-nous-venons-de-vivre-pendant-quinze-jours-existe-ce-n-est-pas-une-hallucination-collective-affirme-thomas-jolly.html\" data-article-key=\"20240813.OBS92348\" class=\"link--box flex-grow-1\" data-piano=\"Page_Article,Lire_aussi,,Lien2,navigation\" target=\"_blank\" rel=\"noopener\"><\/p>\n<p>                <img decoding=\"async\" src=\"data:image\/svg+xml;base64,PHN2ZyB4bWxucz0iaHR0cDovL3d3dy53My5vcmcvMjAwMC9zdmciIGZpbGw9IiNlNGU0ZTQiIHZpZXdCb3g9IjAgMCAxMjAgODAiIHdpZHRoPSIxMjAiIGhlaWdodD0iODAiPjxwYXRoIGQ9Ik0wIDBoMTIwdjgwSDB6Ii8+PC9zdmc+\"  width=\"120\" height=\"80\" loading=\"lazy\" alt=\"Le directeur artistique des c\u00e9r\u00e9monies des Jeux olympiques et paralympiques, Thomas Jolly, le 2\u00a0juillet 2024. \"\/><\/p>\n<p class=\"latino-300r latino-lg-600m text-grey-800\">\n                      <strong class=\"latino-300b latino-lg-600m text-grey-500\">Entretien\u00a0<\/strong><br \/>\n                    Paris 2024\u00a0: \u00ab\u00a0Ce que nous venons de vivre pendant quinze jours existe. Ce n\u2019est pas une hallucination collective\u00a0\u00bb, rappelle Thomas Jolly        <\/p>\n<p><\/a><\/p>\n<p>    Lire\u00a0plus\u00a0tard  <\/p>\n<p class=\"node__paragraphe antonia-750r text-grey-800 pb-20 pb-md-30\">\nPlusieurs \u00e9lus d\u2019opposition jugent le co\u00fbt de la manifestation trop \u00e9lev\u00e9. Marine Caron, conseill\u00e8re municipale et m\u00e9tropolitaine (Horizons), \u00e9voque une \u00ab\u00a0somme colossale\u00a0\u00bb, jugeant que Nicolas Mayer-Rossignol \u00ab\u00a0travaille seul sur les projets pharaoniques\u00a0\u00bb.<\/p>\n<p class=\"node__paragraphe antonia-750r text-grey-800 pb-20 pb-md-30\">\nFin septembre, <a href=\"https:\/\/www.nouvelobs.com\/culture\/20240925.OBS94101\/thomas-jolly-propose-de-creer-un-grand-spectacle-offert-comme-heritage-des-jo.html\" target=\"_blank\" rel=\"noopener\">lors d\u2019une audition \u00e0 l\u2019Assembl\u00e9e<\/a>, Thomas Jolly avait lanc\u00e9 l\u2019id\u00e9e d\u2019organiser \u00ab\u00a0un grand spectacle offert \u00e0 la population\u00a0\u00bb comme \u00ab\u00a0h\u00e9ritage\u00a0\u00bb r\u00e9gulier des JO de Paris. A terme, il a \u00ab\u00a0l\u2019ambition de d\u00e9cliner ce concept chaque ann\u00e9e dans une nouvelle ville en r\u00e9gions en fonction de l\u2019approbation du projet par les mairies et les partenaires priv\u00e9s\u00a0\u00bb, selon son entourage.<\/p>\n<p class=\"latino-600m text-grey-800\">\n<p>  Par\u00a0<br \/>\nLe Nouvel Obs avec AFP    <\/p>\n","protected":false},"excerpt":{"rendered":"Par\u00a0 Le Nouvel Obs avec AFP Publi\u00e9 le 16 mai 2025 \u00e0 15h04, mis \u00e0 jour le 16&hellip;\n","protected":false},"author":2,"featured_media":105812,"comment_status":"","ping_status":"","sticky":false,"template":"","format":"standard","meta":{"footnotes":""},"categories":[9587],"tags":[5659,17,1111,11,251,33,1777,674,1011,27,22278,2868,12,5161,25,9590,3789,3140,9134],"class_list":{"0":"post-105811","1":"post","2":"type-post","3":"status-publish","4":"format-standard","5":"has-post-thumbnail","7":"category-rouen","8":"tag-5659","9":"tag-17","10":"tag-actu","11":"tag-actualites","12":"tag-culture","13":"tag-economie","14":"tag-eu","15":"tag-europe","16":"tag-fr","17":"tag-france","18":"tag-jolly","19":"tag-juillet","20":"tag-news","21":"tag-normandie","22":"tag-republique-francaise","23":"tag-rouen","24":"tag-signe","25":"tag-spectacle","26":"tag-thomas"},"share_on_mastodon":{"url":"https:\/\/pubeurope.com\/@fr\/114520574189066956","error":""},"_links":{"self":[{"href":"https:\/\/www.europesays.com\/fr\/wp-json\/wp\/v2\/posts\/105811","targetHints":{"allow":["GET"]}}],"collection":[{"href":"https:\/\/www.europesays.com\/fr\/wp-json\/wp\/v2\/posts"}],"about":[{"href":"https:\/\/www.europesays.com\/fr\/wp-json\/wp\/v2\/types\/post"}],"author":[{"embeddable":true,"href":"https:\/\/www.europesays.com\/fr\/wp-json\/wp\/v2\/users\/2"}],"replies":[{"embeddable":true,"href":"https:\/\/www.europesays.com\/fr\/wp-json\/wp\/v2\/comments?post=105811"}],"version-history":[{"count":0,"href":"https:\/\/www.europesays.com\/fr\/wp-json\/wp\/v2\/posts\/105811\/revisions"}],"wp:featuredmedia":[{"embeddable":true,"href":"https:\/\/www.europesays.com\/fr\/wp-json\/wp\/v2\/media\/105812"}],"wp:attachment":[{"href":"https:\/\/www.europesays.com\/fr\/wp-json\/wp\/v2\/media?parent=105811"}],"wp:term":[{"taxonomy":"category","embeddable":true,"href":"https:\/\/www.europesays.com\/fr\/wp-json\/wp\/v2\/categories?post=105811"},{"taxonomy":"post_tag","embeddable":true,"href":"https:\/\/www.europesays.com\/fr\/wp-json\/wp\/v2\/tags?post=105811"}],"curies":[{"name":"wp","href":"https:\/\/api.w.org\/{rel}","templated":true}]}}