{"id":105817,"date":"2025-05-17T01:29:40","date_gmt":"2025-05-17T01:29:40","guid":{"rendered":"https:\/\/www.europesays.com\/fr\/105817\/"},"modified":"2025-05-17T01:29:40","modified_gmt":"2025-05-17T01:29:40","slug":"a-rennes-mission-accomplie-pour-habib-beye-en-attendant-le-defi-de-la-saison-prochaine","status":"publish","type":"post","link":"https:\/\/www.europesays.com\/fr\/105817\/","title":{"rendered":"\u00e0 Rennes, mission accomplie pour Habib Beye, en attendant le d\u00e9fi de la saison prochaine"},"content":{"rendered":"<p>Arriv\u00e9 en janvier dernier au sein d\u2019une \u00e9quipe barragiste, l\u2019entra\u00eeneur s\u00e9n\u00e9galais de Rennes, Habib Beye, a r\u00e9ussi l\u2019objectif de maintenir le club breton en Ligue 1. \u00c0 une journ\u00e9e de la fin du championnat de France, le bilan rev\u00eat un cachet positif avec quelques petites insatisfactions. Mais c\u2019est surtout la saison prochaine que l\u2019ex-coach du Red Star sera tr\u00e8s attendu.<\/p>\n<p>C\u2019est au stade V\u00e9lodrome \u00e0 Marseille, o\u00f9 il a \u00e9volu\u00e9 pendant quatre ans, qu\u2019Habib B\u00e8ye va boucler sa saison avec le Stade Rennais lors de l\u2019ultime journ\u00e9e de Ligue 1. Une demi-saison en r\u00e9alit\u00e9 puisque <strong><a href=\"https:\/\/www.rfi.fr\/fr\/sports\/20250131-ligue-1-habib-beye-entre-dans-le-grand-bain-comme-entra\u00eeneur-\u00e0-rennes\" rel=\"nofollow noopener\" target=\"_blank\" data-ylk=\"slk:le technicien s\u00e9n\u00e9galais a d\u00e9barqu\u00e9 en Bretagne;elm:context_link;itc:0;sec:content-canvas\" class=\"link \">le technicien s\u00e9n\u00e9galais a d\u00e9barqu\u00e9 en Bretagne<\/a><\/strong> cinq mois apr\u00e8s le d\u00e9but du championnat pour remplacer Jorge Sampoali et venir au chevet du club barragiste en Ligue 1.<\/p>\n<p>Pr\u00e8s de quatre mois apr\u00e8s, le technicien de 47 ans a maintenu Rennes avec une 11e place, \u00e0 une journ\u00e9e de la fin du championnat. Mais la rencontre \u00e0 Marseille ne sera pas d\u00e9nu\u00e9e d\u2019int\u00e9r\u00eat, m\u00eame si l\u2019OM est assur\u00e9 de disputer la Ligue des champions la saison prochaine et que Rennes est maintenu. \u00ab Il y a un enjeu pour Marseille, c&rsquo;est d&rsquo;avoir la 2e place du championnat. Il y a un enjeu pour nous, c&rsquo;est de continuer \u00e0 gagner des matchs et de continuer \u00e0 montrer qu&rsquo;on est capable d&rsquo;exister face \u00e0 un tr\u00e8s gros de ce championnat \u00bb, a l\u00e2ch\u00e9 Habib Beye jeudi 15 mai en conf\u00e9rence de presse.<\/p>\n<p>Pas \u00ab fort qu\u2019avec les faibles \u00bb<\/p>\n<p><a href=\"https:\/\/www.rfi.fr\/fr\/afrique-foot\/20250516-ligue-1-%C3%A0-rennes-mission-accomplie-pour-habib-beye-en-attendant-le-d%C3%A9fi-de-la-saison-prochaine\" rel=\"nofollow noopener\" target=\"_blank\" data-ylk=\"slk:Lire la suite sur RFI;elm:context_link;itc:0;sec:content-canvas\" class=\"link \">Lire la suite sur RFI<\/a><\/p>\n","protected":false},"excerpt":{"rendered":"Arriv\u00e9 en janvier dernier au sein d\u2019une \u00e9quipe barragiste, l\u2019entra\u00eeneur s\u00e9n\u00e9galais de Rennes, Habib Beye, a r\u00e9ussi l\u2019objectif&hellip;\n","protected":false},"author":2,"featured_media":105818,"comment_status":"","ping_status":"","sticky":false,"template":"","format":"standard","meta":{"footnotes":""},"categories":[2821],"tags":[1111,11,829,22279,1153,1777,674,1011,27,17173,12,584,25,3087,22280],"class_list":{"0":"post-105817","1":"post","2":"type-post","3":"status-publish","4":"format-standard","5":"has-post-thumbnail","7":"category-rennes","8":"tag-actu","9":"tag-actualites","10":"tag-bretagne","11":"tag-championnat-de-france","12":"tag-conference-de-presse","13":"tag-eu","14":"tag-europe","15":"tag-fr","16":"tag-france","17":"tag-habib-beye","18":"tag-news","19":"tag-rennes","20":"tag-republique-francaise","21":"tag-stade-rennais","22":"tag-une-journee"},"share_on_mastodon":{"url":"https:\/\/pubeurope.com\/@fr\/114520585916378129","error":""},"_links":{"self":[{"href":"https:\/\/www.europesays.com\/fr\/wp-json\/wp\/v2\/posts\/105817","targetHints":{"allow":["GET"]}}],"collection":[{"href":"https:\/\/www.europesays.com\/fr\/wp-json\/wp\/v2\/posts"}],"about":[{"href":"https:\/\/www.europesays.com\/fr\/wp-json\/wp\/v2\/types\/post"}],"author":[{"embeddable":true,"href":"https:\/\/www.europesays.com\/fr\/wp-json\/wp\/v2\/users\/2"}],"replies":[{"embeddable":true,"href":"https:\/\/www.europesays.com\/fr\/wp-json\/wp\/v2\/comments?post=105817"}],"version-history":[{"count":0,"href":"https:\/\/www.europesays.com\/fr\/wp-json\/wp\/v2\/posts\/105817\/revisions"}],"wp:featuredmedia":[{"embeddable":true,"href":"https:\/\/www.europesays.com\/fr\/wp-json\/wp\/v2\/media\/105818"}],"wp:attachment":[{"href":"https:\/\/www.europesays.com\/fr\/wp-json\/wp\/v2\/media?parent=105817"}],"wp:term":[{"taxonomy":"category","embeddable":true,"href":"https:\/\/www.europesays.com\/fr\/wp-json\/wp\/v2\/categories?post=105817"},{"taxonomy":"post_tag","embeddable":true,"href":"https:\/\/www.europesays.com\/fr\/wp-json\/wp\/v2\/tags?post=105817"}],"curies":[{"name":"wp","href":"https:\/\/api.w.org\/{rel}","templated":true}]}}