{"id":105819,"date":"2025-05-17T01:31:07","date_gmt":"2025-05-17T01:31:07","guid":{"rendered":"https:\/\/www.europesays.com\/fr\/105819\/"},"modified":"2025-05-17T01:31:07","modified_gmt":"2025-05-17T01:31:07","slug":"on-a-manque-dair-a-rennes-plus-de-700-pompiers-de-toute-la-france-reunis-aux-horizons-pour-un-defi-unique","status":"publish","type":"post","link":"https:\/\/www.europesays.com\/fr\/105819\/","title":{"rendered":"\u00ab\u00a0On a manqu\u00e9 d&rsquo;air\u00a0\u00bb. \u00c0 Rennes, plus de 700 pompiers de toute la France r\u00e9unis aux Horizons pour un d\u00e9fi unique"},"content":{"rendered":"<p>            Par<br \/>\n        <strong><br \/>\n            <a href=\"https:\/\/actu.fr\/auteur\/brian-legoff\" title=\"Consulter tous les articles de Brian Le Goff\" target=\"_blank\" rel=\"noopener\">Brian Le Goff<\/a><br \/>\n        <\/strong><\/p>\n<p>        Publi\u00e9 le<\/p>\n<p>            16 mai 2025 \u00e0 17h10        <\/p>\n<p><strong>Joie, bonne humeur<\/strong>, mais aussi<strong> sueur, d\u00e9passement de soi et fiert\u00e9<\/strong>\u2026 Sous un soleil de plomb, vendredi 16 mai 2025, 720 <a href=\"https:\/\/actu.fr\/tag\/pompiers\" target=\"_blank\" rel=\"noopener\">pompiers<\/a> venus de toute la France et m\u00eame de Belgique se retrouvent dans le cadre du d\u00e9fi solidaire Breizh Twin Towers Race \u00e0 la tour des Horizons, plus haut immeuble d\u2019habitation de <a href=\"https:\/\/actu.fr\/rennes\/\" target=\"_blank\" rel=\"noopener\">Rennes<\/a>. Le principe : monter 35 \u00e9tages avec 20 kilos de mat\u00e9riel sur le dos le plus vite possible.<\/p>\n<p class=\" wall-content\"><a href=\"https:\/\/www.instagram.com\/p\/DJuDuTJs9Pc\/embed\" title=\"Ouvrir le lien sur Instagram\" target=\"_blank\" rel=\"noopener\">Visualiser le contenu sur Instagram<\/a><\/p>\n<p>Les b\u00e9n\u00e9fices de l\u2019\u00e9v\u00e9nement pour deux associations<\/p>\n<p class=\" wall-content\">Imagin\u00e9 par <strong>Christophe Mahe<\/strong>, pompier au centre de Rennes-Beauregard, ce challenge sportif est aussi une \u0153uvre caritative en faveur de deux associations qui accompagnent les enfants gravement malades.<\/p>\n<p class=\" wall-content\"><strong>70 % des recettes<\/strong> g\u00e9n\u00e9r\u00e9es par les inscriptions et la buvette sur place reviennent \u00e0 <a href=\"https:\/\/www.debra.fr\/\" target=\"_blank\" rel=\"noopener\">Debra Enfants papillon,<\/a> qui accompagne les personnes atteintes de l\u2019\u00e9pidermolyse bulleuse, maladie g\u00e9n\u00e9tique rare qui se caract\u00e9rise par une fragilit\u00e9 excessive de la peau, semblable des ailes de papillons. <strong>Les 30 % restants<\/strong> vont \u00e0 l\u2019association <a href=\"https:\/\/www.reves.fr\/\" target=\"_blank\" rel=\"noopener\">R\u00eaves<\/a> qui r\u00e9alise les <strong>r\u00eaves d\u2019enfants gravement malades<\/strong> en leur permettant par exemple de rencontrer leur idole ou de vivre une exp\u00e9rience unique.<\/p>\n<blockquote class=\"ac-article-quote wall-content\">\n<p>J&rsquo;avais cette id\u00e9e d&rsquo;organiser un d\u00e9fi comme celui-l\u00e0. Puis, en 2021, j&rsquo;ai appris que l&rsquo;enfant d&rsquo;amis \u00e9tait atteinte de l&rsquo;\u00e9pidermolyse bulleuse et j&rsquo;ai d\u00e9couvert l&rsquo;association Debra. \u00c7a m&rsquo;a motiv\u00e9 \u00e0 aller au bout pour cr\u00e9er cet \u00e9v\u00e9nement. En tant que pompier au centre de Rennes-Beauregard, la tour des Horizons fait partie de notre secteur et c&rsquo;est bien \u00e9videmment la plus haute de Rennes, d&rsquo;o\u00f9 le choix de faire ce d\u00e9fi ici.<\/p>\n<p>    <strong>Christophe Mahe<\/strong><br \/>\n        Pompier au centre de Rennes-Beauregard    <\/p><\/blockquote>\n<p class=\" wall-content\"><strong>En 2023,<\/strong> lors de la <strong>premi\u00e8re \u00e9dition<\/strong> de l\u2019\u00e9v\u00e9nement qui a lieu tous les deux ans, <strong>19 550 euros<\/strong> avaient ainsi \u00e9t\u00e9 r\u00e9colt\u00e9s et donn\u00e9s \u00e0 deux associations dont Debra France.<\/p>\n<p class=\" wall-content\">D\u00e8s 9h, et jusqu\u2019\u00e0 17h, les bin\u00f4mes s\u2019encha\u00eenent sur le parcours <strong>avec leur tenue d\u2019incendie<\/strong> : course sur environ 200 m\u00e8tres avant de monter les <strong>493 marches des 35 \u00e9tages<\/strong> (niveaux au sous-sol et entre-sol compris) avec un <strong>tuyau de 20 m\u00e8tres<\/strong> enroul\u00e9 sur le dos. Au total, ce sont<strong> 20 kilos<\/strong> \u00e0 porter.<\/p>\n<p>Vid\u00e9os : en ce moment sur Actu<br \/>\n    <img   decoding=\"async\" loading=\"lazy\" src=\"https:\/\/www.europesays.com\/fr\/wp-content\/uploads\/2025\/05\/breizh-twin-towers-race-defi-solidaire-pompiers-rennes-tour-des-horizons-4-960x640.jpg\" alt=\"b\" width=\"960\" height=\"640\"\/><br \/>\n    Sur le toit des Horizons, les pompiers participants profitent d\u2019une vue rare sur Rennes. (\u00a9 Brian Le Goff \/ actu Rennes)<\/p>\n<p class=\" wall-content\">Au sommet, \u00e0 leur arriv\u00e9e, les pompiers sont en nage, \u00e0 bout de force et essouffl\u00e9s, mais peuvent compter sur les applaudissements et les f\u00e9licitations de <strong>b\u00e9n\u00e9voles<\/strong> \u2013 ils sont en tout <strong>120 mobilis\u00e9s.<\/strong><\/p>\n<p>\u00ab\u00a0C\u2019est tr\u00e8s repr\u00e9sentatif de nos valeurs\u00a0\u00bb<\/p>\n<p class=\" wall-content\">Apr\u00e8s quelques minutes de r\u00e9cup\u00e9ration, ils arrivent enfin \u00e0 prononcer quelques mots, comme <strong>Anthony Jary et Gr\u00e9gory Beasse<\/strong>, pompiers \u00e0 Ch\u00e2teaubriant et Rennes. Ils ont gravi la tour en sept minutes et cinq secondes. Il y a deux ans, ils avaient r\u00e9ussi le d\u00e9fi avec sept secondes de moins.<\/p>\n<p>    <img   decoding=\"async\" loading=\"lazy\" src=\"https:\/\/www.europesays.com\/fr\/wp-content\/uploads\/2025\/05\/breizh-twin-towers-race-renne-sdefi-solidaire-pompiers-tour-des-horizons-2-960x640.jpg\" alt=\"Anthony\" width=\"960\" height=\"640\"\/><br \/>\n    Anthony et Gr\u00e9gory au sommet des horizons apr\u00e8s avoir relev\u00e9 le d\u00e9fi solidaire de monter les 493 marches avec 20 kilos sur le dos. (\u00a9 Brian Le Goff \/ actu Rennes)<\/p>\n<blockquote class=\"ac-article-quote wall-content\">\n<p>On aurait march\u00e9 un peu plus vite en bas, on aurait gagn\u00e9 quelques secondes. Mais on est quand m\u00eame content de la performance. C&rsquo;est un challenge personnel et sportif, mais aussi solidaire et c&rsquo;est tr\u00e8s repr\u00e9sentatif des valeurs chez les pompiers.<\/p>\n<p>    <strong>Anthony et Gr\u00e9goru<\/strong><br \/>\n        Pompiers \u00e0 Ch\u00e2teaubriant et Rennes    <\/p><\/blockquote>\n<p class=\" wall-content\">\u00c0 travers cet \u00e9v\u00e9nement qui r\u00e9unit des pompiers de tous les horizons,<strong> venus de Marseille, d\u2019Eure, du Puy-de-D\u00f4me, etc.<\/strong>, c\u2019est \u00ab\u00a0l\u2019occasion d\u2019\u00e9changer sur [nos] fa\u00e7ons de faire entre coll\u00e8gues\u00a0\u00bb, estiment-ils.<\/p>\n<p>\u00ab\u00a0On a juste vu la lumi\u00e8re, on croyait que c\u2019\u00e9tait le paradis\u00a0\u00bb<\/p>\n<p class=\" wall-content\">De leur c\u00f4t\u00e9, <strong>Reda et Antoine, pompiers \u00e0 Retiers,<\/strong> discutent justement avec un de leurs homologues <strong>de Liffr\u00e9, Alexandre<\/strong>. Pour eux, c\u2019\u00e9tait une premi\u00e8re. Alors, dans les derni\u00e8res marches, l\u2019effort se faisait vraiment ressentir. \u00ab\u00a0On a juste vu la lumi\u00e8re, on croyait que c\u2019\u00e9tait le paradis, s\u2019amusent-ils. Plus que les jambes, <strong>c\u2019est plus le cardio qui est difficile \u00e0 g\u00e9rer et le manque d\u2019air<\/strong> dans la cage d\u2019escaliers.\u00a0\u00bb<\/p>\n<p>    <img   decoding=\"async\" loading=\"lazy\" src=\"https:\/\/www.europesays.com\/fr\/wp-content\/uploads\/2025\/05\/breizh-twin-towers-race-defi-solidaire-pompiers-rennes-tour-des-horizons-2-960x640.jpg\" alt=\"v\" width=\"960\" height=\"640\"\/><br \/>\n    Reda, Antoine et Alexandre, pompiers en Ille-et-Vilaine. (\u00a9 Brian Le Goff \/ actu Rennes)<\/p>\n<p class=\" wall-content\"><strong>Louison, Am\u00e9lie, Pauline et Astrid, pompiers \u00e0 Pac\u00e9,<\/strong> ont \u00e9galement pris beaucoup de plaisir \u00e0 participer une fois remise de leur ascension \u00ab\u00a0On combine vraiment tout ce que nous sommes :<strong> aider les gens et faire du sport en coh\u00e9sion.<\/strong> \u00c7a repr\u00e9sente bien le travail des pompiers.\u00a0\u00bb<\/p>\n<p>    <img   decoding=\"async\" loading=\"lazy\" src=\"https:\/\/www.europesays.com\/fr\/wp-content\/uploads\/2025\/05\/breizh-twin-towers-race-renne-sdefi-solidaire-pompiers-tour-des-horizons-1-960x640.jpg\" alt=\"Quatre femmes pompiers \u00e0 Pac\u00e9 ont pris part \u00e0 la course.\" width=\"960\" height=\"640\"\/><br \/>\n    Quatre femmes pompiers \u00e0 Pac\u00e9 ont pris part \u00e0 la course. (\u00a9Brian Le Goff \/ actu Rennes)Des Belges dans la course<br \/>\n    <img   decoding=\"async\" loading=\"lazy\" src=\"https:\/\/www.europesays.com\/fr\/wp-content\/uploads\/2025\/05\/breizh-twin-towers-race-defi-solidaire-pompiers-rennes-tour-des-horizons-1-960x640.jpg\" alt=\"Plusieurs pompiers belge sont particip\u00e9 \u00e0 la Breizh Twin Towers Race, ce vendredi 16 mai, \u00e0 Rennes.\" width=\"960\" height=\"640\"\/><br \/>\n    Plusieurs pompiers belge sont particip\u00e9 \u00e0 la Breizh Twin Towers Race, ce vendredi 16 mai, \u00e0 Rennes. (\u00a9Brian Le Goff \/ actu Rennes)<\/p>\n<p class=\" wall-content\">Si la majorit\u00e9 des participants viennent de l\u2019ouest de la France, il y a des pompiers de Belgique qui ont fait le d\u00e9placement, \u00e0 l\u2019image de <strong>L\u00e9o et David, 44 et 46 ans, pompiers \u00e0 Braine-Le-Comte et Charleroi,<\/strong> \u00ab\u00a0\u00e0 fond l\u00e0-dedans\u00a0\u00bb. Ils reviennent d\u2019ailleurs d\u2019un autre d\u00e9fi sportif en Suisse o\u00f9 ils ont mont\u00e9 plus de 4 200 marches, \u00ab\u00a0mais il n\u2019y avait pas d\u2019histoire de chrono\u00a0\u00bb.\u00a0<\/p>\n<blockquote class=\"tiktok-embed\" cite=\"https:\/\/www.tiktok.com\/@acturennes\/video\/7505065452872191254\" data-video-id=\"7505065452872191254\" data-embed-from=\"oembed\" style=\"max-width:605px; min-width:325px;\"><p>\n<a target=\"_blank\" title=\"@acturennes\" href=\"https:\/\/www.tiktok.com\/@acturennes?refer=embed\" rel=\"noopener\">@acturennes<\/a> <\/p>\n<p>\u00c0 Rennes, plus de 700 pompiers de toute la France (et m\u00eame de Belgique) r\u00e9unis pour un d\u00e9fi unique : Retour en images<\/p>\n<p> <a target=\"_blank\" title=\"\u266c original sound - \ud835\udde6\ud835\ude01\ud835\uddee\ud835\uddff\ud835\udde3\ud835\uddf9\ud835\ude02\ud835\ude00\ud835\udddb\ud835\uddf6\ud835\uddfb\ud835\uddf1\ud835\uddf6\ud835\udde7\ud835\ude03 - \ud835\udde6\ud835\ude01\ud835\uddee\ud835\uddff\ud835\udde3\ud835\uddf9\ud835\ude02\ud835\ude00\ud835\udddb\ud835\uddf6\ud835\uddfb\ud835\uddf1\ud835\uddf6\ud835\udde7\ud835\ude03\" href=\"https:\/\/www.tiktok.com\/music\/original-sound-%F0%9D%97%A6%F0%9D%98%81%F0%9D%97%AE%F0%9D%97%BF%F0%9D%97%A3%F0%9D%97%B9%F0%9D%98%82%F0%9D%98%80%F0%9D%97%9B%F0%9D%97%B6%F0%9D%97%BB%F0%9D%97%B1%F0%9D%97%B6%F0%9D%97%A7%F0%9D%98%83-7378877838268697387?refer=embed\" rel=\"noopener\">\u266c original sound \u2013 \ud835\udde6\ud835\ude01\ud835\uddee\ud835\uddff\ud835\udde3\ud835\uddf9\ud835\ude02\ud835\ude00\ud835\udddb\ud835\uddf6\ud835\uddfb\ud835\uddf1\ud835\uddf6\ud835\udde7\ud835\ude03 \u2013 \ud835\udde6\ud835\ude01\ud835\uddee\ud835\uddff\ud835\udde3\ud835\uddf9\ud835\ude02\ud835\ude00\ud835\udddb\ud835\uddf6\ud835\uddfb\ud835\uddf1\ud835\uddf6\ud835\udde7\ud835\ude03<\/a> <\/p>\n<\/blockquote>\n<blockquote class=\"ac-article-quote wall-content\">\n<p>Venir participer \u00e0 ce d\u00e9fi, c&rsquo;est une fa\u00e7on de faire conna\u00eetre aussi nos \u00e9v\u00e9nements sportifs chez nous. On a d\u00e9j\u00e0 particip\u00e9 \u00e0 des courses au Canada, en Bi\u00e9lorussie, en Allemagne, aux Pays-Bas, en Pologne, au Portugal&#8230;. Ici, l&rsquo;organisation est top et disponible en amont. Il y a beaucoup de monde, c&rsquo;est une r\u00e9ussite.<\/p>\n<p>    <strong>Christophe Mahe<\/strong><br \/>\n        Pompier au centre de Rennes-Beauregard    <\/p><\/blockquote>\n<p class=\" wall-content\"><strong>\u00ab\u00a0On est comme une bande copains qui se retrouvent,<\/strong> il y a beaucoup d\u2019\u00e9changes, c\u2019est tr\u00e8s sympathique, \u00e7a permet de maintenir le contact, de parler de notre formation\u00a0\u00bb, observent-ils. Reste \u00e0 savoir si le<strong> record fix\u00e9 \u00e0 5 minutes et 58 secondes lors de la premi\u00e8re \u00e9dition<\/strong> sera battu\u2026<\/p>\n<p class=\" wall-content\">Suivez toute l\u2019actualit\u00e9 de vos villes et m\u00e9dias favoris en vous inscrivant \u00e0 <a href=\"https:\/\/moncompte.actu.fr\" title=\"D\u00e9couvez Mon Actu\" rel=\"nofollow noopener\" data-trk=\"{&quot;cta&quot;:{&quot;action&quot;:&quot;https:\\\/\\\/moncompte.actu.fr&quot;,&quot;category&quot;:&quot;mon compte&quot;,&quot;from&quot;:&quot;article footer&quot;,&quot;name&quot;:&quot;Mon actu&quot;,&quot;type&quot;:&quot;cta&quot;}}\" target=\"_blank\">Mon Actu<\/a>.<\/p>\n<p>                    <script async src=\"\/\/www.instagram.com\/embed.js\"><\/script><script async src=\"\/\/www.tiktok.com\/embed.js\"><\/script><\/p>\n","protected":false},"excerpt":{"rendered":"Par Brian Le Goff Publi\u00e9 le 16 mai 2025 \u00e0 17h10 Joie, bonne humeur, mais aussi sueur, d\u00e9passement&hellip;\n","protected":false},"author":2,"featured_media":105820,"comment_status":"","ping_status":"","sticky":false,"template":"","format":"standard","meta":{"footnotes":""},"categories":[2821],"tags":[1111,11,829,1777,674,118,1011,27,12,1311,584,25,3400],"class_list":{"0":"post-105819","1":"post","2":"type-post","3":"status-publish","4":"format-standard","5":"has-post-thumbnail","7":"category-rennes","8":"tag-actu","9":"tag-actualites","10":"tag-bretagne","11":"tag-eu","12":"tag-europe","13":"tag-faits-divers","14":"tag-fr","15":"tag-france","16":"tag-news","17":"tag-pompiers","18":"tag-rennes","19":"tag-republique-francaise","20":"tag-solidarite"},"share_on_mastodon":{"url":"https:\/\/pubeurope.com\/@fr\/114520593889014248","error":""},"_links":{"self":[{"href":"https:\/\/www.europesays.com\/fr\/wp-json\/wp\/v2\/posts\/105819","targetHints":{"allow":["GET"]}}],"collection":[{"href":"https:\/\/www.europesays.com\/fr\/wp-json\/wp\/v2\/posts"}],"about":[{"href":"https:\/\/www.europesays.com\/fr\/wp-json\/wp\/v2\/types\/post"}],"author":[{"embeddable":true,"href":"https:\/\/www.europesays.com\/fr\/wp-json\/wp\/v2\/users\/2"}],"replies":[{"embeddable":true,"href":"https:\/\/www.europesays.com\/fr\/wp-json\/wp\/v2\/comments?post=105819"}],"version-history":[{"count":0,"href":"https:\/\/www.europesays.com\/fr\/wp-json\/wp\/v2\/posts\/105819\/revisions"}],"wp:featuredmedia":[{"embeddable":true,"href":"https:\/\/www.europesays.com\/fr\/wp-json\/wp\/v2\/media\/105820"}],"wp:attachment":[{"href":"https:\/\/www.europesays.com\/fr\/wp-json\/wp\/v2\/media?parent=105819"}],"wp:term":[{"taxonomy":"category","embeddable":true,"href":"https:\/\/www.europesays.com\/fr\/wp-json\/wp\/v2\/categories?post=105819"},{"taxonomy":"post_tag","embeddable":true,"href":"https:\/\/www.europesays.com\/fr\/wp-json\/wp\/v2\/tags?post=105819"}],"curies":[{"name":"wp","href":"https:\/\/api.w.org\/{rel}","templated":true}]}}