{"id":105840,"date":"2025-05-17T01:43:45","date_gmt":"2025-05-17T01:43:45","guid":{"rendered":"https:\/\/www.europesays.com\/fr\/105840\/"},"modified":"2025-05-17T01:43:45","modified_gmt":"2025-05-17T01:43:45","slug":"un-incendie-sest-declenche-au-sommet-dun-centre-commercial","status":"publish","type":"post","link":"https:\/\/www.europesays.com\/fr\/105840\/","title":{"rendered":"un incendie s\u2019est d\u00e9clench\u00e9 au sommet d\u2019un centre commercial"},"content":{"rendered":"<p>Le feu a rapidement \u00e9t\u00e9 ma\u00eetris\u00e9 par les Services d\u00e9partementaux d\u2019incendie et de secours (SDIS) du d\u00e9partement, intervenus dans la matin\u00e9e.<\/p>\n<p class=\"fig-paragraph\">Ce jeudi 15 mai au matin, un incendie s\u2019est d\u00e9clar\u00e9 en haut d\u2019un immeuble du centre commercial\u00a0<a href=\"https:\/\/www.lefigaro.fr\/flash-actu\/2013\/12\/13\/97001-20131213FILWWW00531-lille-un-engin-explosif-aurait-ete-decouvert.php\" target=\"_blank\" data-fig-type=\"NewsFlash\" rel=\"noopener\" data-gtm-custom-categorie=\"navigation\" data-gtm-custom-action=\"crossclick\" data-gtm-custom-label=\"Contextuel\" data-gtm-event=\"customEventSPE\" data-fig-domain=\"LEFIGARO\">Euralille<\/a>, situ\u00e9 entre les deux gares de la ville du Nord, ont indiqu\u00e9 les Services D\u00e9partementaux d\u2019Incendie et de Secours (SDIS) et la pr\u00e9fecture du Nord. Le feu est parti du toit d\u2019une r\u00e9sidence appart\u2019h\u00f4tel, \u00abLes citadines\u00bb, situ\u00e9e au 83 avenue Willy Brandt \u00e0\u00a0<a href=\"http:\/\/www.lefigaro.fr\/musique\/notre-critique-de-faust-a-l-opera-de-lille-une-version-qui-dejoue-le-kitsch-20250506\" target=\"_blank\" data-fig-type=\"Article\" rel=\"noopener\" data-gtm-custom-categorie=\"navigation\" data-gtm-custom-action=\"crossclick\" data-gtm-custom-label=\"Contextuel\" data-gtm-event=\"customEventSPE\" data-fig-domain=\"LEFIGARO\">Lille<\/a>.<\/p>\n<p class=\"fig-paragraph\">D\u2019apr\u00e8s une publication de la pr\u00e9fecture de la r\u00e9gion Hauts-de-France et du Nord, les pompiers ont rapidement ma\u00eetris\u00e9 et \u00e9teint les flammes. La pr\u00e9fecture a pr\u00e9cis\u00e9 qu\u2019il s\u2019agissait d\u2019un \u00abfeu de d\u00e9tritus\u00bb qui a entra\u00een\u00e9 \u00abd\u2019importantes fum\u00e9es noires\u00bb.<\/p>\n<p class=\"fig-paragraph\">Le secteur a \u00e9t\u00e9 boucl\u00e9 et les Lillois invit\u00e9s \u00e0 \u00e9viter le quartier pour ne pas d\u00e9ranger l\u2019intervention des secours. L\u2019incendie n\u2019a entra\u00een\u00e9 \u00abaucune perturbation importante\u00bb sur le fonctionnement des transports, des commerces ou encore du trafic ferroviaire des deux gares situ\u00e9es \u00e0 proximit\u00e9, pr\u00e9cise la pr\u00e9fecture. D\u2019apr\u00e8s une source polici\u00e8re interrog\u00e9e par nos confr\u00e8res d<a href=\"https:\/\/x.com\/ici_nord\/status\/1922940235895148552\" target=\"_blank\" rel=\"nofollow noopener\" data-gtm-custom-categorie=\"navigation\" data-gtm-custom-action=\"crossclick\" data-gtm-custom-label=\"Contextuel\" data-gtm-event=\"customEventSPE\">\u2019Ici Nord<\/a>, il n\u2019y a \u00abpas (eu) de d\u00e9g\u00e2ts majeurs\u00bb.<\/p>\n","protected":false},"excerpt":{"rendered":"Le feu a rapidement \u00e9t\u00e9 ma\u00eetris\u00e9 par les Services d\u00e9partementaux d\u2019incendie et de secours (SDIS) du d\u00e9partement, intervenus&hellip;\n","protected":false},"author":2,"featured_media":105841,"comment_status":"","ping_status":"","sticky":false,"template":"","format":"standard","meta":{"footnotes":""},"categories":[2815],"tags":[328,1111,47,3132,259,11,33,1777,674,1011,27,811,1310,1110,1307,12,25,517,3131],"class_list":{"0":"post-105840","1":"post","2":"type-post","3":"status-publish","4":"format-standard","5":"has-post-thumbnail","7":"category-lille","8":"tag-a-la-une","9":"tag-actu","10":"tag-actualite","11":"tag-actualite-francaise","12":"tag-actualite-internationale","13":"tag-actualites","14":"tag-economie","15":"tag-eu","16":"tag-europe","17":"tag-fr","18":"tag-france","19":"tag-hauts-de-france","20":"tag-incendie","21":"tag-informations","22":"tag-lille","23":"tag-news","24":"tag-republique-francaise","25":"tag-sport","26":"tag-titres"},"share_on_mastodon":{"url":"https:\/\/pubeurope.com\/@fr\/114520641014086198","error":""},"_links":{"self":[{"href":"https:\/\/www.europesays.com\/fr\/wp-json\/wp\/v2\/posts\/105840","targetHints":{"allow":["GET"]}}],"collection":[{"href":"https:\/\/www.europesays.com\/fr\/wp-json\/wp\/v2\/posts"}],"about":[{"href":"https:\/\/www.europesays.com\/fr\/wp-json\/wp\/v2\/types\/post"}],"author":[{"embeddable":true,"href":"https:\/\/www.europesays.com\/fr\/wp-json\/wp\/v2\/users\/2"}],"replies":[{"embeddable":true,"href":"https:\/\/www.europesays.com\/fr\/wp-json\/wp\/v2\/comments?post=105840"}],"version-history":[{"count":0,"href":"https:\/\/www.europesays.com\/fr\/wp-json\/wp\/v2\/posts\/105840\/revisions"}],"wp:featuredmedia":[{"embeddable":true,"href":"https:\/\/www.europesays.com\/fr\/wp-json\/wp\/v2\/media\/105841"}],"wp:attachment":[{"href":"https:\/\/www.europesays.com\/fr\/wp-json\/wp\/v2\/media?parent=105840"}],"wp:term":[{"taxonomy":"category","embeddable":true,"href":"https:\/\/www.europesays.com\/fr\/wp-json\/wp\/v2\/categories?post=105840"},{"taxonomy":"post_tag","embeddable":true,"href":"https:\/\/www.europesays.com\/fr\/wp-json\/wp\/v2\/tags?post=105840"}],"curies":[{"name":"wp","href":"https:\/\/api.w.org\/{rel}","templated":true}]}}