{"id":105845,"date":"2025-05-17T01:46:11","date_gmt":"2025-05-17T01:46:11","guid":{"rendered":"https:\/\/www.europesays.com\/fr\/105845\/"},"modified":"2025-05-17T01:46:11","modified_gmt":"2025-05-17T01:46:11","slug":"lyon-4e-la-maison-des-meilleurs-ouvriers-de-france-veut-souvrir-davantage-sur-le-quartier","status":"publish","type":"post","link":"https:\/\/www.europesays.com\/fr\/105845\/","title":{"rendered":"Lyon 4e. La Maison des Meilleurs ouvriers de France veut s\u2019ouvrir davantage sur le quartier"},"content":{"rendered":"<p>Nicolas Salagnac, pr\u00e9sident de la d\u00e9l\u00e9gation MOF du Rh\u00f4ne, Fr\u00e9d\u00e9ric Gaudette, pr\u00e9sident d\u00e9l\u00e9gu\u00e9 des MOF de la r\u00e9gion et Camille Augey, adjointe au maire de Lyon en charge de l\u2019emploi et de l\u2019\u00e9conomie durable, se sont f\u00e9licit\u00e9s tour \u00e0 tour de la transformation de ce lieu d\u00e9di\u00e9 \u00e0 l\u2019artisanat d\u2019excellence et \u00e0 la transmission des savoir-faire d\u2019exception. Une v\u00e9ritable renaissance, qui autorisera \u00e0 l\u2019avenir, une plus grande ouverture sur le&#8230;<\/p>\n","protected":false},"excerpt":{"rendered":"Nicolas Salagnac, pr\u00e9sident de la d\u00e9l\u00e9gation MOF du Rh\u00f4ne, Fr\u00e9d\u00e9ric Gaudette, pr\u00e9sident d\u00e9l\u00e9gu\u00e9 des MOF de la r\u00e9gion&hellip;\n","protected":false},"author":2,"featured_media":105846,"comment_status":"","ping_status":"","sticky":false,"template":"","format":"standard","meta":{"footnotes":""},"categories":[1889],"tags":[1111,11,1477,2430,33,2757,1777,674,1011,27,2428,10928,10927,12,25],"class_list":{"0":"post-105845","1":"post","2":"type-post","3":"status-publish","4":"format-standard","5":"has-post-thumbnail","7":"category-lyon","8":"tag-actu","9":"tag-actualites","10":"tag-artisanat","11":"tag-auvergne-rhone-alpes","12":"tag-economie","13":"tag-edition-lyon-villeurbanne","14":"tag-eu","15":"tag-europe","16":"tag-fr","17":"tag-france","18":"tag-lyon","19":"tag-lyon-4e","20":"tag-lyon-4e-arrondissement","21":"tag-news","22":"tag-republique-francaise"},"share_on_mastodon":{"url":"https:\/\/pubeurope.com\/@fr\/114520652738209611","error":""},"_links":{"self":[{"href":"https:\/\/www.europesays.com\/fr\/wp-json\/wp\/v2\/posts\/105845","targetHints":{"allow":["GET"]}}],"collection":[{"href":"https:\/\/www.europesays.com\/fr\/wp-json\/wp\/v2\/posts"}],"about":[{"href":"https:\/\/www.europesays.com\/fr\/wp-json\/wp\/v2\/types\/post"}],"author":[{"embeddable":true,"href":"https:\/\/www.europesays.com\/fr\/wp-json\/wp\/v2\/users\/2"}],"replies":[{"embeddable":true,"href":"https:\/\/www.europesays.com\/fr\/wp-json\/wp\/v2\/comments?post=105845"}],"version-history":[{"count":0,"href":"https:\/\/www.europesays.com\/fr\/wp-json\/wp\/v2\/posts\/105845\/revisions"}],"wp:featuredmedia":[{"embeddable":true,"href":"https:\/\/www.europesays.com\/fr\/wp-json\/wp\/v2\/media\/105846"}],"wp:attachment":[{"href":"https:\/\/www.europesays.com\/fr\/wp-json\/wp\/v2\/media?parent=105845"}],"wp:term":[{"taxonomy":"category","embeddable":true,"href":"https:\/\/www.europesays.com\/fr\/wp-json\/wp\/v2\/categories?post=105845"},{"taxonomy":"post_tag","embeddable":true,"href":"https:\/\/www.europesays.com\/fr\/wp-json\/wp\/v2\/tags?post=105845"}],"curies":[{"name":"wp","href":"https:\/\/api.w.org\/{rel}","templated":true}]}}