{"id":105847,"date":"2025-05-17T01:47:10","date_gmt":"2025-05-17T01:47:10","guid":{"rendered":"https:\/\/www.europesays.com\/fr\/105847\/"},"modified":"2025-05-17T01:47:10","modified_gmt":"2025-05-17T01:47:10","slug":"vainqueur-du-psg-lyon-sacre-pour-la-18e-fois-3","status":"publish","type":"post","link":"https:\/\/www.europesays.com\/fr\/105847\/","title":{"rendered":"vainqueur du PSG, Lyon sacr\u00e9 pour la 18e fois"},"content":{"rendered":"<p>La premi\u00e8re p\u00e9riode a \u00e9t\u00e9 assez terne entre deux \u00e9quipes assur\u00e9es de disputer la Ligue des champions la saison prochaine mais craignant probablement de perdre cette finale et de terminer la saison actuelle sans troph\u00e9e. <\/p>\n<p>L&rsquo;Olympique lyonnais surtout, qui a conclu les 22 journ\u00e9es de championnat r\u00e9gulier en leader invaincu avec vingt victoires pour deux r\u00e9sultats nul avec avec dix points d&rsquo;avance sur le PSG, que les Rhodaniennes ont battu \u00e0 deux reprises (1-0, 2-0).<\/p>\n<p>Mais les Lyonnaises, \u00e9limin\u00e9es d\u00e8s les 16es de finale de la Coupe de France, par Reims aux tirs au but et en demi-finale de la Ligue des champions, \u00e9limin\u00e9 par Arsenal (1-2, 4-1) ont assur\u00e9 le minimum en remportant ce titre de championnes.<\/p>\n<p>&#8211; Dumornay lib\u00e8re Lyon &#8211;<\/p>\n<p>Les joueuses de Joe Montemurro, qui va quitter Lyon pour probablement rejoindre l&rsquo;\u00e9quipe d&rsquo;Australie, n&rsquo;avaient pas cach\u00e9 avant la finale qu&rsquo;elles regrettaient cette formule de play-offs,  injuste selon elles apr\u00e8s avoir domin\u00e9 largement la saison r\u00e9guli\u00e8re.<\/p>\n<p>L&rsquo;internationale ha\u00eftienne Melchie Dumornay (21 ans) a lib\u00e9r\u00e9 l&rsquo;OL d&rsquo;un poids dans le temps additionnel de la premi\u00e8re p\u00e9riode en ouvrant la marque d&rsquo;un tir du droit, \u00e0 la conclusion d&rsquo;une belle action collective d\u00e9velopp\u00e9e sur l&rsquo;aile gauche et une passe de l&rsquo;Am\u00e9ricaine, Lindsey Heaps (45+2).<\/p>\n<p>Auparavant, seule Kadidiatou Diani avait \u00e9t\u00e9 dangereuse pour la gardienne Mary Earps (5) puis juste avant la mi-temps quand elle a manqu\u00e9 de creuser l&rsquo;\u00e9cart sur un tir un peu trop crois\u00e9 (45+4).<\/p>\n<p>Diani a d&rsquo;ailleurs port\u00e9 le score \u00e0 2-0 au terme d&rsquo;une action individuelle conclue d&rsquo;un tir crois\u00e9 du droit d\u00e9tourn\u00e9 par Paulina Dudek (80e), un but r\u00e9compensant la large domination des Lyonnaises en seconde p\u00e9riode alors qu&rsquo;elles n&rsquo;avaient pas franchement le contr\u00f4le du jeu avant la pause.<\/p>\n<p>Dans le temps additionnel, la capitaine Wendie Renard a marqu\u00e9 d&rsquo;une panenka un penalty accord\u00e9 avec l&rsquo;aide de la VAR pour une faute de main d&rsquo;Oc\u00e9ane Hurtr\u00e9 (90+4).<\/p>\n<p>De son c\u00f4t\u00e9, le PSG, domin\u00e9 le 3 mai aux tirs au but en finale de la Coupe de France par le Paris FC, sans Marie-Antoinette Katoto, rempla\u00e7ante au coup d&rsquo;envoi, annonc\u00e9e \u00e0 l&rsquo;OL la saison prochaine et qui n&rsquo;est entr\u00e9e en jeu qu&rsquo;\u00e0 la 84e minute, s&rsquo;est montr\u00e9 inoffensif.<\/p>\n<p>&#8211; Der de Le Sommer \u00e0 l&rsquo;OL &#8211;<\/p>\n<p>Les Parisiennes, qui n&rsquo;ont donc plus battu Lyon lors dees onze derni\u00e8res confrontations, n&rsquo;ont m\u00eame pas su profiter des h\u00e9sitations et des approximations de la d\u00e9fense lyonnaise en premi\u00e8re p\u00e9riode.<\/p>\n<p>Le PSG, \u00e9limin\u00e9 d\u00e8s le tour pr\u00e9liminaire de la Ligue des champions, termine une saison morose marqu\u00e9e par des conflits.<\/p>\n<p>Arriv\u00e9 l&rsquo;\u00e9t\u00e9 dernier, l&rsquo;entra\u00eeneur Fabrice Abriel, critiqu\u00e9 pour son management, a notamment \u00e9t\u00e9 mis \u00e0 pied juste apr\u00e8s la finale de la Coupe de France, remplac\u00e9 en tant qu&rsquo;int\u00e9rimaire par le Br\u00e9silien Paulo Cesar, coach des U19 f\u00e9minines du club.<\/p>\n<p>Pour tenir un r\u00f4le en Ligue des champions, le PSG devra quand m\u00eame se renforcer alors qu&rsquo;\u00e0 l&rsquo;OL une vague de d\u00e9parts s&rsquo;annonce avec notamment celui d&rsquo;Eug\u00e9nie Le Sommer qui a jou\u00e9 son dernier match vendredi. <\/p>\n<p>D&rsquo;autres vont suivre avec l&rsquo;objectif de renouveler l&rsquo;effectif sous la direction d&rsquo;un nouvel entra\u00eeneur.<\/p>\n","protected":false},"excerpt":{"rendered":"La premi\u00e8re p\u00e9riode a \u00e9t\u00e9 assez terne entre deux \u00e9quipes assur\u00e9es de disputer la Ligue des champions la&hellip;\n","protected":false},"author":2,"featured_media":105726,"comment_status":"","ping_status":"","sticky":false,"template":"","format":"standard","meta":{"footnotes":""},"categories":[1889],"tags":[17,1111,11,2430,1777,674,4283,1011,27,329,3022,2428,12,3051,93,25,6938,21369],"class_list":{"0":"post-105847","1":"post","2":"type-post","3":"status-publish","4":"format-standard","5":"has-post-thumbnail","7":"category-lyon","8":"tag-17","9":"tag-actu","10":"tag-actualites","11":"tag-auvergne-rhone-alpes","12":"tag-eu","13":"tag-europe","14":"tag-feminine","15":"tag-fr","16":"tag-france","17":"tag-france-monde","18":"tag-ligue","19":"tag-lyon","20":"tag-news","21":"tag-premiere","22":"tag-psg","23":"tag-republique-francaise","24":"tag-sacre","25":"tag-vainqueur"},"share_on_mastodon":{"url":"https:\/\/pubeurope.com\/@fr\/114520656654926621","error":""},"_links":{"self":[{"href":"https:\/\/www.europesays.com\/fr\/wp-json\/wp\/v2\/posts\/105847","targetHints":{"allow":["GET"]}}],"collection":[{"href":"https:\/\/www.europesays.com\/fr\/wp-json\/wp\/v2\/posts"}],"about":[{"href":"https:\/\/www.europesays.com\/fr\/wp-json\/wp\/v2\/types\/post"}],"author":[{"embeddable":true,"href":"https:\/\/www.europesays.com\/fr\/wp-json\/wp\/v2\/users\/2"}],"replies":[{"embeddable":true,"href":"https:\/\/www.europesays.com\/fr\/wp-json\/wp\/v2\/comments?post=105847"}],"version-history":[{"count":0,"href":"https:\/\/www.europesays.com\/fr\/wp-json\/wp\/v2\/posts\/105847\/revisions"}],"wp:featuredmedia":[{"embeddable":true,"href":"https:\/\/www.europesays.com\/fr\/wp-json\/wp\/v2\/media\/105726"}],"wp:attachment":[{"href":"https:\/\/www.europesays.com\/fr\/wp-json\/wp\/v2\/media?parent=105847"}],"wp:term":[{"taxonomy":"category","embeddable":true,"href":"https:\/\/www.europesays.com\/fr\/wp-json\/wp\/v2\/categories?post=105847"},{"taxonomy":"post_tag","embeddable":true,"href":"https:\/\/www.europesays.com\/fr\/wp-json\/wp\/v2\/tags?post=105847"}],"curies":[{"name":"wp","href":"https:\/\/api.w.org\/{rel}","templated":true}]}}