{"id":1058513,"date":"2026-07-11T17:50:20","date_gmt":"2026-07-11T17:50:20","guid":{"rendered":"https:\/\/www.europesays.com\/fr\/1058513\/"},"modified":"2026-07-11T17:50:20","modified_gmt":"2026-07-11T17:50:20","slug":"turquie-plus-de-100-medecins-sanctionnees-pour-des-accouchements-par-cesarienne","status":"publish","type":"post","link":"https:\/\/www.europesays.com\/fr\/1058513\/","title":{"rendered":"Turquie\u00a0: Plus de 100 m\u00e9decins sanctionn\u00e9es pour des accouchements par c\u00e9sarienne"},"content":{"rendered":"<p>Les sanctions sont tomb\u00e9es. Le minist\u00e8re de la Sant\u00e9 turc a mis \u00e0 l\u2019amende, voire suspendu, plus de 100 gyn\u00e9cologues obst\u00e9triciens pratiquant des <a href=\"https:\/\/www.20minutes.fr\/societe\/4218348-20260417-cesarienne-participative-clinique-veut-humaniser-naissances-chirurgicales\" target=\"_blank\" class=\"c-link c-link--is-underlined\" rel=\"nofollow noopener\">c\u00e9sariennes<\/a>, rapporte ce samedi le journal BirGun. Le gouvernement turc a lanc\u00e9 l\u2019an dernier la campagne \u00ab\u00a0D\u00e9cennie de la famille\u00a0\u00bb pour contrer la baisse de la natalit\u00e9, ce qui s\u2019est traduit par une volont\u00e9 d\u2019exercer un contr\u00f4le accru sur les modalit\u00e9s d\u2019accouchement des femmes.<\/p>\n<p>La <a href=\"https:\/\/www.20minutes.fr\/monde\/etats-unis\/4233330-20260707-turquie-interdit-croisiere-lgbt-faire-escale-deux-ports\" target=\"_blank\" class=\"c-link c-link--is-underlined\" rel=\"nofollow noopener\">Turquie <\/a>affiche le taux de c\u00e9sariennes le plus \u00e9lev\u00e9 parmi les 38 pays de l\u2019OCDE, avec environ 615 interventions pour 1.000 naissances vivantes en\u00a02023. Le pr\u00e9sident <a href=\"https:\/\/www.20minutes.fr\/monde\/etats-unis\/4217010-20260407-guerre-moyen-orient-erdogan-tape-poing-table-contre-attitude-israel\" target=\"_blank\" class=\"c-link c-link--is-underlined\" rel=\"nofollow noopener\">Recep Tayyip Erdogan<\/a>, musulman pratiquant qui encourage les femmes \u00e0 opter pour l\u2019accouchement dit \u00ab\u00a0naturel\u00a0\u00bb, souhaite s\u2019attaquer au nombre record de c\u00e9sariennes de convenance dans son pays.<\/p>\n<p>Une formation et un examen pour un m\u00e9decin suspendu<\/p>\n<p>Son gouvernement a d\u2019ailleurs interdit, en avril\u00a02025, la pratique de ces interventions dans les \u00e9tablissements de sant\u00e9 priv\u00e9s en l\u2019absence de justification m\u00e9dicale. Selon BirGun, citant des chiffres fournis par des associations m\u00e9dicales \u00e0 travers le pays, plus de 100 m\u00e9decins ont \u00e9t\u00e9 sanctionn\u00e9s par des amendes pour avoir pratiqu\u00e9 des c\u00e9sariennes, une mesure qui a suscit\u00e9 une lev\u00e9e de boucliers chez les professionnels de sant\u00e9.<\/p>\n<p>Le site Internet de la Chambre des m\u00e9decins d\u2019Antalya a ainsi indiqu\u00e9 que des obst\u00e9triciens avaient \u00ab\u00a0re\u00e7u des avertissements, fait l\u2019objet d\u2019enqu\u00eates disciplinaires, \u00e9t\u00e9 temporairement suspendus de leur activit\u00e9 et contraints de suivre des formations pr\u00e9natales, en raison des taux \u00e9lev\u00e9s de c\u00e9sariennes constat\u00e9s dans le pays\u00a0\u00bb.<\/p>\n<p>Un obst\u00e9tricien travaillant dans un h\u00f4pital priv\u00e9 de Sakarya, pr\u00e8s d\u2019Istanbul, a aussi \u00e9t\u00e9 licenci\u00e9 \u00e0 la demande du minist\u00e8re de la Sant\u00e9 en raison d\u2019un taux \u00e9lev\u00e9 de c\u00e9sariennes, puis suspendu pour une dur\u00e9e de six mois, rapporte ainsi le site d\u2019information Diken. Durant cette p\u00e9riode, le m\u00e9decin doit suivre une formation dans un h\u00f4pital public et passer un examen, en indiquant qu\u2019il ne pourra reprendre l\u2019exercice de la m\u00e9decine qu\u2019en cas de r\u00e9ussite.<\/p>\n<p>Un ph\u00e9nom\u00e8ne \u00ab\u00a0de nature structurelle\u00a0\u00bb<\/p>\n<p>Pour Ayse Gultekingil, docteure et responsable au sein de l\u2019Association m\u00e9dicale turque, sanctionner les m\u00e9decins ne r\u00e9soudra pas le probl\u00e8me du taux \u00e9lev\u00e9 de c\u00e9sariennes en Turquie, qui est de nature \u00ab\u00a0structurelle\u00a0\u00bb. \u00ab\u00a0Le mode d\u2019accouchement refl\u00e8te divers probl\u00e8mes au sein du syst\u00e8me de sant\u00e9 turc\u00a0\u00bb, pointe-t-elle \u00e0 BirGun.<\/p>\n<p>Des professionnels de sant\u00e9 expliquent que les c\u00e9sariennes permettent un gain de temps \u2013 trente minutes contre douze heures pour un accouchement classique \u2013 et r\u00e9duisent le risque de poursuites judiciaires en cas de complications, garantissant ainsi la s\u00e9curit\u00e9 tant du m\u00e9decin que des femmes.<\/p>\n","protected":false},"excerpt":{"rendered":"Les sanctions sont tomb\u00e9es. Le minist\u00e8re de la Sant\u00e9 turc a mis \u00e0 l\u2019amende, voire suspendu, plus de&hellip;\n","protected":false},"author":2,"featured_media":1058514,"comment_status":"","ping_status":"","sticky":false,"template":"","format":"standard","meta":{"footnotes":"","_share_on_mastodon":"0"},"categories":[5],"tags":[22544,47,11,1011,27,14,6339,74,12,3497,10378,3496,28],"class_list":["post-1058513","post","type-post","status-publish","format-standard","has-post-thumbnail","category-international","tag-accouchement","tag-actualite","tag-actualites","tag-fr","tag-france","tag-international","tag-medecin","tag-monde","tag-news","tag-recep-tayyip-erdogan","tag-sanction","tag-turquie","tag-world"],"share_on_mastodon":{"url":"https:\/\/pubeurope.com\/@fr\/116902614037180083","error":""},"_links":{"self":[{"href":"https:\/\/www.europesays.com\/fr\/wp-json\/wp\/v2\/posts\/1058513","targetHints":{"allow":["GET"]}}],"collection":[{"href":"https:\/\/www.europesays.com\/fr\/wp-json\/wp\/v2\/posts"}],"about":[{"href":"https:\/\/www.europesays.com\/fr\/wp-json\/wp\/v2\/types\/post"}],"author":[{"embeddable":true,"href":"https:\/\/www.europesays.com\/fr\/wp-json\/wp\/v2\/users\/2"}],"replies":[{"embeddable":true,"href":"https:\/\/www.europesays.com\/fr\/wp-json\/wp\/v2\/comments?post=1058513"}],"version-history":[{"count":0,"href":"https:\/\/www.europesays.com\/fr\/wp-json\/wp\/v2\/posts\/1058513\/revisions"}],"wp:featuredmedia":[{"embeddable":true,"href":"https:\/\/www.europesays.com\/fr\/wp-json\/wp\/v2\/media\/1058514"}],"wp:attachment":[{"href":"https:\/\/www.europesays.com\/fr\/wp-json\/wp\/v2\/media?parent=1058513"}],"wp:term":[{"taxonomy":"category","embeddable":true,"href":"https:\/\/www.europesays.com\/fr\/wp-json\/wp\/v2\/categories?post=1058513"},{"taxonomy":"post_tag","embeddable":true,"href":"https:\/\/www.europesays.com\/fr\/wp-json\/wp\/v2\/tags?post=1058513"}],"curies":[{"name":"wp","href":"https:\/\/api.w.org\/{rel}","templated":true}]}}