{"id":105854,"date":"2025-05-17T01:53:11","date_gmt":"2025-05-17T01:53:11","guid":{"rendered":"https:\/\/www.europesays.com\/fr\/105854\/"},"modified":"2025-05-17T01:53:11","modified_gmt":"2025-05-17T01:53:11","slug":"stellantis-cours-action-stlap-cotation-bourse-euronext-paris","status":"publish","type":"post","link":"https:\/\/www.europesays.com\/fr\/105854\/","title":{"rendered":"STELLANTIS Cours Action STLAP, Cotation Bourse Euronext Paris"},"content":{"rendered":"<p>    <img data-src=\"https:\/\/www.europesays.com\/fr\/wp-content\/uploads\/2025\/05\/17.png\" width=\"48\" height=\"48\" alt=\"\" class=\"c-image lazyload  c-image--rounded\" loading=\"lazy\" onerror=\"this.classList.add('has-error')\"\/><\/p>\n<p class=\"c-message__text o-ellipsis-multiline-2 \" data-emoji-render=\"\">\n        https:\/\/www.largus.fr\/actualite-automobile\/essai-citroen-c3-aircross-hybride-202 5-notre-verdict-apres-3-000-km-30040389.html<\/p>\n<p>Pas si mal pour du low cost. On peu lister les points positifs:<\/p>\n<p>La p &#8230;\n    <\/p>\n<p>\n                        par<\/p>\n<p>    Kokusho972    \u00a0\u202217 mai\u00a0\u202202:19<\/p>\n<p>    <img data-src=\"https:\/\/www.europesays.com\/fr\/wp-content\/uploads\/2025\/05\/17.png\" width=\"48\" height=\"48\" alt=\"\" class=\"c-image lazyload  c-image--rounded\" loading=\"lazy\" onerror=\"this.classList.add('has-error')\"\/><\/p>\n<p class=\"c-message__text o-ellipsis-multiline-2 \" data-emoji-render=\"\">\n        Pas si mal pour un secteur en berne. Merci le d\u00e9but d&rsquo;assouplissement des droits de douane, notamment USA\/Chine.<br \/>&#13;<br \/>\nOn attend la suite avec impatience et notamment la nomination prochaine du nouveau CE &#8230;\n    <\/p>\n<p>\n                        par<\/p>\n<p>    Kokusho972    \u00a0\u202217 mai\u00a0\u202202:07<\/p>\n<p>    <img data-src=\"https:\/\/www.europesays.com\/fr\/wp-content\/uploads\/2025\/05\/mtGvAVDos-IDRrxxJLIou1MIGo34cpNfyVAWB65hUiR6ebgOYlCHtJCelcrMheQ5ZjRA-xruJnkha86iTAnkFfIBGln_4wCeHaAj.jpeg\" width=\"48\" height=\"48\" alt=\"\" class=\"c-image lazyload  c-image--rounded\" loading=\"lazy\" onerror=\"this.classList.add('has-error')\"\/><\/p>\n<p class=\"c-message__text o-ellipsis-multiline-2 \" data-emoji-render=\"\">\n        Bonjour, <br \/>&#13;<br \/>\nLe DG de Horse Powertrain, Matias Giannini, dans une r\u00e9cente d\u00e9claration affirme \u00e9tudier l&rsquo;id\u00e9e d&rsquo;utiliser des platefomres 100% con\u00e7ues pour les BEV (100% Electrique), afin d&rsquo;y greffer &#8230;\n    <\/p>\n<p>\n                        par<\/p>\n<p>    Gekko235    \u00a0\u202215 mai\u00a0\u202215:05<\/p>\n<p>    <img data-src=\"https:\/\/www.europesays.com\/fr\/wp-content\/uploads\/2025\/05\/1747446791_745_17.png\" width=\"48\" height=\"48\" alt=\"\" class=\"c-image lazyload  c-image--rounded\" loading=\"lazy\" onerror=\"this.classList.add('has-error')\"\/><\/p>\n<p class=\"c-message__text o-ellipsis-multiline-2 \" data-emoji-render=\"\">\n        Veut pas fermer gap 11,4\n    <\/p>\n<p>\n                        par<\/p>\n<p>    pick-nick    \u00a0\u202216 mai\u00a0\u202213:32<\/p>\n<p>    <img data-src=\"https:\/\/www.europesays.com\/fr\/wp-content\/uploads\/2025\/05\/1747446791_745_17.png\" width=\"48\" height=\"48\" alt=\"\" class=\"c-image lazyload  c-image--rounded\" loading=\"lazy\" onerror=\"this.classList.add('has-error')\"\/><\/p>\n<p class=\"c-message__text o-ellipsis-multiline-2 \" data-emoji-render=\"\">\n        Stellantis dynamise son offre \u00e9lectrique avec l\u2019introduction d\u2019une version Dual Motor pour les SUV Peugeot 3008 et 5008. Cette nouvelle d\u00e9clinaison \u00e0 transmission int\u00e9grale, dot\u00e9e de deux mot &#8230;\n    <\/p>\n<p>\n                        par<\/p>\n<p>    dermonde    \u00a0\u202216 mai\u00a0\u202220:32<\/p>\n<p>\n    Kokusho972    \u00a0\u202216 mai 2025<\/p>\n<p>    <img data-src=\"https:\/\/www.europesays.com\/fr\/wp-content\/uploads\/2025\/05\/ZMMQBkbgvAtySVhAM_PbQ9SQJYrXZNa54CPFI-kLk03nYhu13LRFLWxa_5n1oXCvtitU6pp2mR-Eab3w-ks7_525NIK3-cjEDvBi.jpeg\" width=\"48\" height=\"48\" alt=\"\" class=\"c-image lazyload  c-image--rounded\" loading=\"lazy\" onerror=\"this.classList.add('has-error')\"\/><\/p>\n<p class=\"c-message__text o-ellipsis-multiline-2 \" data-emoji-render=\"\">\n        Essai nouveau Peugeot 3008 \u00e9lectrique Dual Motor : que vaut le Peugeot 3008 le plus puissant jamais con\u00e7u <br \/>?<\/p>\n<p>https:\/\/www.automobile-magazine.fr\/tous-les-essais\/article\/48055-essai-nouv eau-peuge &#8230;\n    <\/p>\n<p>\n                        par<\/p>\n<p>    Ollyww    \u00a0\u202216 mai\u00a0\u202212:44<\/p>\n<p>\n    spleen2paris    \u00a0\u202216 mai 2025<\/p>\n<p>    <img data-src=\"https:\/\/www.europesays.com\/fr\/wp-content\/uploads\/2025\/05\/17.png\" width=\"48\" height=\"48\" alt=\"\" class=\"c-image lazyload  c-image--rounded\" loading=\"lazy\" onerror=\"this.classList.add('has-error')\"\/><\/p>\n<p class=\"c-message__text o-ellipsis-multiline-2 \" data-emoji-render=\"\">\n        Pour ceux qui ne tarissent pas d&rsquo;\u00e9loges sur la fiabilit\u00e9 du full hybrid made in <br \/>RNO:<\/p>\n<p>https:\/\/www.fiches-auto.fr\/articles-auto\/voiture-hybride\/s-2612-hybride- e-tech-renault-problemes-en-cascade &#8230;\n    <\/p>\n<p>\n                        par<\/p>\n<p>    Kokusho972    \u00a0\u202215 mai\u00a0\u202220:44<\/p>\n<p>\n    Kokusho972    \u00a0\u202216 mai 2025<\/p>\n<p>    <img data-src=\"https:\/\/www.europesays.com\/fr\/wp-content\/uploads\/2025\/05\/ZMMQBkbgvAtySVhAM_PbQ9SQJYrXZNa54CPFI-kLk03nYhu13LRFLWxa_5n1oXCvtitU6pp2mR-Eab3w-ks7_525NIK3-cjEDvBi.jpeg\" width=\"48\" height=\"48\" alt=\"\" class=\"c-image lazyload  c-image--rounded\" loading=\"lazy\" onerror=\"this.classList.add('has-error')\"\/><\/p>\n<p class=\"c-message__text o-ellipsis-multiline-2 \" data-emoji-render=\"\">\n        https:\/\/www.moteurnature.com\/33023-ds-numero4-et-si-elle-etait-la-meilleure\n    <\/p>\n<p>\n                        par<\/p>\n<p>    Ollyww    \u00a0\u202216 mai\u00a0\u202220:44<\/p>\n","protected":false},"excerpt":{"rendered":"https:\/\/www.largus.fr\/actualite-automobile\/essai-citroen-c3-aircross-hybride-202 5-notre-verdict-apres-3-000-km-30040389.html Pas si mal pour du low cost. On peu lister les points positifs: La p &#8230;&hellip;\n","protected":false},"author":2,"featured_media":105855,"comment_status":"","ping_status":"","sticky":false,"template":"","format":"standard","meta":{"footnotes":""},"categories":[1888],"tags":[400,11,398,408,405,1777,674,1011,27,403,402,399,404,12,626,25,401,406,407],"class_list":{"0":"post-105854","1":"post","2":"type-post","3":"status-publish","4":"format-standard","5":"has-post-thumbnail","7":"category-paris","8":"tag-action-cac-40","9":"tag-actualites","10":"tag-bourse-de-paris","11":"tag-boursorama","12":"tag-cotations","13":"tag-eu","14":"tag-europe","15":"tag-fr","16":"tag-france","17":"tag-indices-devises","18":"tag-investir","19":"tag-investissement","20":"tag-marche-boursier","21":"tag-news","22":"tag-paris","23":"tag-republique-francaise","24":"tag-sicav","25":"tag-trackers","26":"tag-warrants"},"share_on_mastodon":{"url":"https:\/\/pubeurope.com\/@fr\/114520680254447170","error":""},"_links":{"self":[{"href":"https:\/\/www.europesays.com\/fr\/wp-json\/wp\/v2\/posts\/105854","targetHints":{"allow":["GET"]}}],"collection":[{"href":"https:\/\/www.europesays.com\/fr\/wp-json\/wp\/v2\/posts"}],"about":[{"href":"https:\/\/www.europesays.com\/fr\/wp-json\/wp\/v2\/types\/post"}],"author":[{"embeddable":true,"href":"https:\/\/www.europesays.com\/fr\/wp-json\/wp\/v2\/users\/2"}],"replies":[{"embeddable":true,"href":"https:\/\/www.europesays.com\/fr\/wp-json\/wp\/v2\/comments?post=105854"}],"version-history":[{"count":0,"href":"https:\/\/www.europesays.com\/fr\/wp-json\/wp\/v2\/posts\/105854\/revisions"}],"wp:featuredmedia":[{"embeddable":true,"href":"https:\/\/www.europesays.com\/fr\/wp-json\/wp\/v2\/media\/105855"}],"wp:attachment":[{"href":"https:\/\/www.europesays.com\/fr\/wp-json\/wp\/v2\/media?parent=105854"}],"wp:term":[{"taxonomy":"category","embeddable":true,"href":"https:\/\/www.europesays.com\/fr\/wp-json\/wp\/v2\/categories?post=105854"},{"taxonomy":"post_tag","embeddable":true,"href":"https:\/\/www.europesays.com\/fr\/wp-json\/wp\/v2\/tags?post=105854"}],"curies":[{"name":"wp","href":"https:\/\/api.w.org\/{rel}","templated":true}]}}