{"id":105872,"date":"2025-05-17T02:02:10","date_gmt":"2025-05-17T02:02:10","guid":{"rendered":"https:\/\/www.europesays.com\/fr\/105872\/"},"modified":"2025-05-17T02:02:10","modified_gmt":"2025-05-17T02:02:10","slug":"lancien-rugbyman-international-maxime-mermoz-mis-en-examen-pour-escroqueries-en-bande-organisee","status":"publish","type":"post","link":"https:\/\/www.europesays.com\/fr\/105872\/","title":{"rendered":"L&rsquo;ancien rugbyman international Maxime Mermoz mis en examen pour \u00abescroqueries en bande organis\u00e9e\u00bb"},"content":{"rendered":"<p>Ce vendredi, le parquet de la Juridiction interr\u00e9gionale sp\u00e9cialis\u00e9e (Jirs) de Bordeaux a requis la mise en examen de l\u2019ancien joueur du XV de France Maxime Mermoz.<\/p>\n<p class=\"fig-paragraph\">Le parquet de la Juridiction interr\u00e9gionale sp\u00e9cialis\u00e9e (Jirs) de Bordeaux a requis vendredi la mise en examen de l&rsquo;ex-international de rugby Maxime Mermoz apr\u00e8s le d\u00e9mant\u00e8lement d&rsquo;un important r\u00e9seau d&rsquo;escroqueries dans la r\u00e9gion toulousaine impliquant une dizaine d&rsquo;autres personnes.<\/p>\n<p class=\"fig-paragraph\">L&rsquo;ex-rugbyman de 38 ans est suspect\u00e9 d&rsquo;appartenir \u00e0 un vaste r\u00e9seau ayant d\u00e9tourn\u00e9 7 millions d&rsquo;euros de cr\u00e9dits et r\u00e9ductions d&rsquo;imp\u00f4ts depuis 2017, a annonc\u00e9 vendredi le parquet de Bordeaux dans un communiqu\u00e9, confirmant une information de la D\u00e9p\u00eache du Midi. Ce r\u00e9seau s&rsquo;abritait derri\u00e8re des \u00abmontages structur\u00e9s et complexes d&rsquo;associations et de soci\u00e9t\u00e9s fictives\u00bb pour obtenir des fonds publics via les aides fiscales destin\u00e9es aux dons aux associations ou aux services \u00e0 domicile, a expliqu\u00e9 le parquet.<\/p>\n<p>Un r\u00f4le de \u00abrabatteur\u00bb<\/p>\n<p class=\"fig-paragraph\">Les fonds \u00e9taient ensuite blanchis dans des placements immobiliers ou r\u00e9investis dans les secteurs sportifs ou hippiques, selon le r\u00e9cit des enqu\u00eateurs de la section de recherche de Toulouse, apr\u00e8s un travail \u00abcoordonn\u00e9\u00bb avec Tracfin, la direction r\u00e9gionale des finances publiques, et l&rsquo;Urssaf. Au total, onze personnes ont \u00e9t\u00e9 interpell\u00e9es mercredi et plac\u00e9es en garde \u00e0 vue.<\/p>\n<p class=\"fig-paragraph\">Des mises en examen pour \u00abblanchiment d&rsquo;escroqueries en bande organis\u00e9e\u00bb et \u00abblanchiment de fraudes fiscales\u00bb ont \u00e9t\u00e9 requises par le parquet Jirs contre trois d&rsquo;entre elles &#8211; un ancien expert-comptable, radi\u00e9, de 44 ans, un agent immobilier de 55 ans, et Maxime Mermoz &#8211; avant leur pr\u00e9sentation devant un juge d&rsquo;instruction vendredi soir.<\/p>\n<p class=\"fig-paragraph\">L&rsquo;identit\u00e9 de l&rsquo;ancien joueur du XV de France a \u00e9t\u00e9 d\u00e9voil\u00e9e par la D\u00e9p\u00eache du Midi, avant d&rsquo;\u00eatre confirm\u00e9e \u00e0 l&rsquo;AFP par le parquet de Bordeaux. Selon une source proche du dossier, Mermoz n&rsquo;\u00e9tait \u00abpas \u00e0 l&rsquo;initiative ni l&rsquo;instigateur\u00bb de ce r\u00e9seau mais y disposait d&rsquo;un r\u00f4le secondaire de \u00abrabatteur\u00bb.<\/p>\n<p class=\"fig-paragraph\">Le parquet a requis un contr\u00f4le judiciaire \u00e0 son encontre, et demand\u00e9 le placement en d\u00e9tention provisoire pour la t\u00eate de r\u00e9seau. La convocation des huit autres suspects se tiendra \u00abult\u00e9rieurement\u00bb, a ajout\u00e9 le parquet. Durant sa carri\u00e8re, Maxime Mermoz a remport\u00e9 3 Coupes d&rsquo;Europe d&rsquo;affil\u00e9e avec Toulon (2013, 2014, 2015) et 4 championnats de France. Il faisait aussi partie du XV de France d\u00e9fait en finale de la Coupe du monde 2011 par la Nouvelle-Z\u00e9lande (8-7).<\/p>\n","protected":false},"excerpt":{"rendered":"Ce vendredi, le parquet de la Juridiction interr\u00e9gionale sp\u00e9cialis\u00e9e (Jirs) de Bordeaux a requis la mise en examen&hellip;\n","protected":false},"author":2,"featured_media":105873,"comment_status":"","ping_status":"","sticky":false,"template":"","format":"standard","meta":{"footnotes":""},"categories":[2],"tags":[2306,11,525,2309,1981,2313,1089,451,814,1011,27,955,22282,12,2308,2311,25,1980,479,2259,2307,478,2310,2312,513],"class_list":{"0":"post-105872","1":"post","2":"type-post","3":"status-publish","4":"format-standard","5":"has-post-thumbnail","7":"category-actualites","8":"tag-6-nations","9":"tag-actualites","10":"tag-calendrier","11":"tag-challenge-europeen","12":"tag-classement","13":"tag-clermont","14":"tag-coupe-deurope","15":"tag-coupe-du-monde","16":"tag-direct","17":"tag-fr","18":"tag-france","19":"tag-match","20":"tag-maxime-mermoz","21":"tag-news","22":"tag-pro-d2","23":"tag-racing","24":"tag-republique-francaise","25":"tag-resultats","26":"tag-rugby","27":"tag-score","28":"tag-six-nations","29":"tag-top-14","30":"tag-toulon","31":"tag-toulouse","32":"tag-xv-de-france"},"share_on_mastodon":{"url":"https:\/\/pubeurope.com\/@fr\/114520715659689855","error":""},"_links":{"self":[{"href":"https:\/\/www.europesays.com\/fr\/wp-json\/wp\/v2\/posts\/105872","targetHints":{"allow":["GET"]}}],"collection":[{"href":"https:\/\/www.europesays.com\/fr\/wp-json\/wp\/v2\/posts"}],"about":[{"href":"https:\/\/www.europesays.com\/fr\/wp-json\/wp\/v2\/types\/post"}],"author":[{"embeddable":true,"href":"https:\/\/www.europesays.com\/fr\/wp-json\/wp\/v2\/users\/2"}],"replies":[{"embeddable":true,"href":"https:\/\/www.europesays.com\/fr\/wp-json\/wp\/v2\/comments?post=105872"}],"version-history":[{"count":0,"href":"https:\/\/www.europesays.com\/fr\/wp-json\/wp\/v2\/posts\/105872\/revisions"}],"wp:featuredmedia":[{"embeddable":true,"href":"https:\/\/www.europesays.com\/fr\/wp-json\/wp\/v2\/media\/105873"}],"wp:attachment":[{"href":"https:\/\/www.europesays.com\/fr\/wp-json\/wp\/v2\/media?parent=105872"}],"wp:term":[{"taxonomy":"category","embeddable":true,"href":"https:\/\/www.europesays.com\/fr\/wp-json\/wp\/v2\/categories?post=105872"},{"taxonomy":"post_tag","embeddable":true,"href":"https:\/\/www.europesays.com\/fr\/wp-json\/wp\/v2\/tags?post=105872"}],"curies":[{"name":"wp","href":"https:\/\/api.w.org\/{rel}","templated":true}]}}