{"id":105874,"date":"2025-05-17T02:03:19","date_gmt":"2025-05-17T02:03:19","guid":{"rendered":"https:\/\/www.europesays.com\/fr\/105874\/"},"modified":"2025-05-17T02:03:19","modified_gmt":"2025-05-17T02:03:19","slug":"un-ancien-joueur-du-xv-de-france-mis-en-examen-pour-escroqueries-en-bande-organisee","status":"publish","type":"post","link":"https:\/\/www.europesays.com\/fr\/105874\/","title":{"rendered":"Un ancien joueur du XV de France mis en examen pour \u00ab\u00a0escroqueries en bande organis\u00e9e\u00a0\u00bb"},"content":{"rendered":"<p class=\"article-p mdl\">L&rsquo;ancien international fran\u00e7ais de rugby Maxime Mermoz a \u00e9t\u00e9 mis en examen pour \u00ab\u00a0escroqueries\u00a0\u00bb apr\u00e8s le d\u00e9mant\u00e8lement d&rsquo;<strong>un important r\u00e9seau d&rsquo;escroqueries dans la r\u00e9gion toulousaine<\/strong> impliquant une dizaine d&rsquo;autres personnes, a annonc\u00e9 vendredi 16 mai le parquet de la Juridiction interr\u00e9gionale sp\u00e9cialis\u00e9e (Jirs) de Bordeaux.<\/p>\n<p class=\"article-p mdl\">L&rsquo;ex-rugbyman de 38 ans est suspect\u00e9 d&rsquo;appartenir \u00e0 un vaste r\u00e9seau ayant <strong>d\u00e9tourn\u00e9 7 millions d&rsquo;euros de cr\u00e9dits et r\u00e9ductions d&rsquo;imp\u00f4ts depuis 2017<\/strong>, a ajout\u00e9 le parquet dans un communiqu\u00e9, confirmant une information de\u00a0<a class=\"link\" href=\"https:\/\/www.ladepeche.fr\/2025\/05\/16\/info-la-depeche-un-ancien-international-de-rugby-implique-dans-le-detournement-de-7-millions-de-credits-dimpots-12700896.php\" target=\"_blank\" rel=\"noopener\">La D\u00e9p\u00eache du Midi<\/a>.<\/p>\n<p class=\"article-p mdl\">Ce r\u00e9seau s&rsquo;abritait derri\u00e8re <strong>des \u00ab\u00a0montages structur\u00e9s et complexes d&rsquo;associations et de soci\u00e9t\u00e9s fictives\u00a0\u00bb<\/strong> pour obtenir des fonds publics via les aides fiscales destin\u00e9es aux dons aux associations ou aux services \u00e0 domicile, a expliqu\u00e9 le parquet.<\/p>\n<p class=\"article-p mdl\">Les fonds \u00e9taient ensuite <strong>blanchis dans des placements immobiliers ou r\u00e9investis dans les secteurs sportifs<\/strong> ou hippiques, selon le r\u00e9cit des enqu\u00eateurs de la section de recherche de Toulouse, apr\u00e8s un travail \u00ab\u00a0coordonn\u00e9\u00a0\u00bb avec Tracfin, la direction r\u00e9gionale des finances publiques, et l&rsquo;Urssaf.\u00a0\u00a0Au total, onze personnes ont \u00e9t\u00e9 interpell\u00e9es mercredi et plac\u00e9es en garde \u00e0 vue.\u00a0<\/p>\n<p>            Maxime Mermoz consid\u00e9r\u00e9 comme un \u00ab\u00a0rabatteur\u00a0\u00bb par les enqu\u00eateurs<\/p>\n<p class=\"article-p mdl\">Des mises en examen pour <strong>\u00ab\u00a0blanchiment d&rsquo;escroqueries en bande organis\u00e9e\u00a0\u00bb et \u00ab\u00a0blanchiment de fraudes fiscales\u00a0\u00bb<\/strong>, suivi d&rsquo;un contr\u00f4le judiciaire,\u00a0ont \u00e9t\u00e9 prononc\u00e9es contre trois d&rsquo;entre elles &#8211; un ancien expert comptable, radi\u00e9, de 44 ans, un agent immobilier de 55 ans, et Maxime Mermoz<\/p>\n<p class=\"article-p mdl\">L&rsquo;identit\u00e9 de l&rsquo;ancien joueur du\u00a0<a class=\"link\" href=\"https:\/\/www.rtl.fr\/sport\/autres-sports\/les-infos-de-6h-tournoi-des-six-nations-2025-apres-son-sacre-le-xv-de-france-pense-deja-a-l-avenir-7900483614\" title=\"Les infos de 6h - Tournoi des Six Nations 2025 : apr\u00e8s son sacre, le XV de France pense d\u00e9j\u00e0 \u00e0 l&#039;avenir\" target=\"_blank\" rel=\"noopener\">XV de France<\/a>\u00a0a \u00e9t\u00e9 d\u00e9voil\u00e9e par La D\u00e9p\u00eache du Midi, avant d&rsquo;\u00eatre confirm\u00e9e \u00e0 l&rsquo;Agence France Presse par le parquet de Bordeaux.\u00a0Selon une source proche du dossier, Maxime Mermoz n&rsquo;\u00e9tait \u00ab\u00a0pas \u00e0 l&rsquo;initiative ni l&rsquo;instigateur\u00a0\u00bb de ce r\u00e9seau mais y disposait d&rsquo;<strong>un r\u00f4le secondaire de \u00ab\u00a0rabatteur\u00a0\u00bb<\/strong>.<\/p>\n<p class=\"article-p mdl\">La convocation des huit autres suspects se tiendra \u00ab\u00a0ult\u00e9rieurement\u00a0\u00bb, a ajout\u00e9 le parquet.\u00a0Durant sa carri\u00e8re, Maxime Mermoz a remport\u00e9 <strong>3 coupes d&rsquo;Europe d&rsquo;affil\u00e9e avec Toulon (2013, 2014, 2015)<\/strong> et 4 championnats de France. Il faisait aussi partie du XV de France d\u00e9fait en finale de la Coupe du monde 2011 par la Nouvelle-Z\u00e9lande (8-7).<\/p>\n<p>    La r\u00e9daction vous recommande<\/p>\n<p class=\"s-newsletter__title\">\n                L\u2019actualit\u00e9 par la r\u00e9daction de RTL dans votre bo\u00eete mail.\n            <\/p>\n<p class=\"s-newsletter__subtitle\">\n                Gr\u00e2ce \u00e0 votre compte RTL abonnez-vous \u00e0 la newsletter RTL info pour suivre toute l&rsquo;actualit\u00e9 au quotidien\n            <\/p>\n<p>\n                                    Lire la suite\n                                <\/p>\n","protected":false},"excerpt":{"rendered":"L&rsquo;ancien international fran\u00e7ais de rugby Maxime Mermoz a \u00e9t\u00e9 mis en examen pour \u00ab\u00a0escroqueries\u00a0\u00bb apr\u00e8s le d\u00e9mant\u00e8lement d&rsquo;un&hellip;\n","protected":false},"author":2,"featured_media":105875,"comment_status":"","ping_status":"","sticky":false,"template":"","format":"standard","meta":{"footnotes":""},"categories":[4],"tags":[11,3513,107,1011,27,5117,12,25,513],"class_list":{"0":"post-105874","1":"post","2":"type-post","3":"status-publish","4":"format-standard","5":"has-post-thumbnail","7":"category-france","8":"tag-actualites","9":"tag-escroquerie","10":"tag-fil-info","11":"tag-fr","12":"tag-france","13":"tag-mise-en-examen","14":"tag-news","15":"tag-republique-francaise","16":"tag-xv-de-france"},"share_on_mastodon":{"url":"https:\/\/pubeurope.com\/@fr\/114520719556160762","error":""},"_links":{"self":[{"href":"https:\/\/www.europesays.com\/fr\/wp-json\/wp\/v2\/posts\/105874","targetHints":{"allow":["GET"]}}],"collection":[{"href":"https:\/\/www.europesays.com\/fr\/wp-json\/wp\/v2\/posts"}],"about":[{"href":"https:\/\/www.europesays.com\/fr\/wp-json\/wp\/v2\/types\/post"}],"author":[{"embeddable":true,"href":"https:\/\/www.europesays.com\/fr\/wp-json\/wp\/v2\/users\/2"}],"replies":[{"embeddable":true,"href":"https:\/\/www.europesays.com\/fr\/wp-json\/wp\/v2\/comments?post=105874"}],"version-history":[{"count":0,"href":"https:\/\/www.europesays.com\/fr\/wp-json\/wp\/v2\/posts\/105874\/revisions"}],"wp:featuredmedia":[{"embeddable":true,"href":"https:\/\/www.europesays.com\/fr\/wp-json\/wp\/v2\/media\/105875"}],"wp:attachment":[{"href":"https:\/\/www.europesays.com\/fr\/wp-json\/wp\/v2\/media?parent=105874"}],"wp:term":[{"taxonomy":"category","embeddable":true,"href":"https:\/\/www.europesays.com\/fr\/wp-json\/wp\/v2\/categories?post=105874"},{"taxonomy":"post_tag","embeddable":true,"href":"https:\/\/www.europesays.com\/fr\/wp-json\/wp\/v2\/tags?post=105874"}],"curies":[{"name":"wp","href":"https:\/\/api.w.org\/{rel}","templated":true}]}}