{"id":105884,"date":"2025-05-17T02:11:11","date_gmt":"2025-05-17T02:11:11","guid":{"rendered":"https:\/\/www.europesays.com\/fr\/105884\/"},"modified":"2025-05-17T02:11:11","modified_gmt":"2025-05-17T02:11:11","slug":"on-devrait-partir-en-2026-vincent-lavenu-ancien-manager-de-decathlon-ag2r-la-mondiale-au-coeur-du-projet-dune-equipe-feminine-professionnelle","status":"publish","type":"post","link":"https:\/\/www.europesays.com\/fr\/105884\/","title":{"rendered":"\u00ab\u00a0On devrait partir en 2026\u2026\u00a0\u00bb Vincent Lavenu, ancien manager de Decathlon-AG2R La Mondiale, au c\u0153ur du projet d\u2019une \u00e9quipe f\u00e9minine professionnelle"},"content":{"rendered":"<p>Vous avez rejoint le projet \u00ab Ma Petite Entreprise \u00bb l\u2019an dernier. O\u00f9 en \u00eates-vous ?<\/p>\n<p>Personnellement, je ne suis pas \u00e0 la base de ce projet. Ce sont deux chefs d\u2018entreprise du bassin chamb\u00e9rien, Emeric Ducruet et Micha\u00ebl Amand, qui en sont \u00e0 l\u2019origine et je les accompagne depuis quelques mois. Ils ont imagin\u00e9 un nouveau concept d\u2019\u00e9quipes, bas\u00e9e, non pas sur le parrainage d\u2019un, deux ou trois sponsors, mais un support de centaines d\u2019entreprises. C\u2019est un projet qui permet \u00e0 des entrepreneurs de faire partie de l\u2019aventure d\u2019une \u00e9quipe professionnelle. Il y a une grande similitude entre l\u2019entrepreneuriat et le m\u00e9tier de coureur cycliste. On travaille beaucoup, on avance bien. On devrait lancer une \u00e9quipe f\u00e9minine professionnelle de 12 coureuses en 2026. Plut\u00f4t avec des profils jeunes avec deux ou trois filles d\u2019exp\u00e9rience. Il y a une tr\u00e8s belle g\u00e9n\u00e9ration de filles de 2005, 2006, 2007. Notre budget souhait\u00e9 est de 1,5 million d\u2019euros.<\/p>\n<p>L\u2019id\u00e9e de d\u00e9part \u00e9tait de cr\u00e9er deux \u00e9quipes en m\u00eame temps, non ?<\/p>\n<p>Oui. Mais on s\u2018est rendu compte, par rapport \u00e0 la trajectoire budg\u00e9taire, que c\u2019\u00e9tait compliqu\u00e9 de lancer deux \u00e9quipes en m\u00eame temps. On est donc parti sur l\u2019\u00e9quipe f\u00e9minine, dans un premier temps. C\u2019est \u00e9galement plus simple de d\u00e9marrer avec une \u00e9quipe f\u00e9minine. On va donc partir sur une \u00e9quipe femmes, une \u00e9quipe ProTeam, de deuxi\u00e8me division. On est tr\u00e8s bien avanc\u00e9, on a une marque de v\u00e9lo int\u00e9ress\u00e9e, on a une marque de v\u00eatements\u2026 On travaille sur le staff, sur le calendrier etc. On a d\u00e9j\u00e0 r\u00e9fl\u00e9chi \u00e0 des noms mais on ne met pas non plus la charrue avant les b\u0153ufs.<\/p>\n<p>Quels sont les avantages de votre concept ?<\/p>\n<p>Beaucoup d\u2019entrepreneurs aiment le cyclisme mais ils ne peuvent pas sponsoriser une \u00e9quipe de fa\u00e7on classique. En revanche, ils ont les moyens de mettre un ticket de 1 500 euros, de 5 000 euros. M\u00eame une TPE ou un auto-entrepreneur peut nous rejoindre. Notre premier palier est de 750 euros, ensuite, c\u2019est 1 500, 5 000, 15 000 puis deux paliers premiums. Si des entrepreneurs bretons veulent nous rejoindre\u2026<\/p>\n<p><a href=\"https:\/\/www.letelegramme.fr\/sports\/cyclisme\/je-suis-contente-de-faire-plaisir-a-mon-pere-confie-nina-lavenu-3e-a-plouay-6647922.php\" target=\"_blank\" rel=\"nofollow noopener\">Nina<\/a>, votre fille, fera partie de l\u2019aventure ?<\/p>\n<p>Non, elle a deux ans de contrat avec l\u2018\u00e9quipe AG Insurance-Soudal NXTG. Elle va rester l\u00e0-bas.<\/p>\n<blockquote><p>Pour l\u2019\u00e9quipe hommes, l\u2019id\u00e9e, c\u2019est de partir en 2027 ou 2028.<\/p><\/blockquote>\n<p>\u00c0 quand l\u2019annonce l\u2019officielle du lancement de l\u2019\u00e9quipe ?<\/p>\n<p>Tout d\u00e9pendra de l\u2019avanc\u00e9e de nos finances. On avance bien, justement. On a beaucoup de rencontres importantes \u00e0 venir. Pour l\u2019instant, on re\u00e7oit un accueil assez extraordinaire. Si on est pr\u00eat au moment des championnats de France (fin juin aux Herbiers), pourquoi pas.<\/p>\n<p>Comment s\u2018appellera l\u2019\u00e9quipe ?<\/p>\n<p>\u00ab Ma Petite Entreprise &#8211; \u00e9quipe cycliste \u00bb. Le but est de mettre en avant l\u2018entrepreneuriat, ses valeurs. Les valeurs du travail, de l\u2019engagement, de la prise de risques. Quand les gens font du v\u00e9lo, ils ont tous le m\u00eame niveau social : en bas d\u2019un col, un ouvrier ou un PDG, c\u2019est pareil. Ils ont mal aux pattes et ils boivent ensuite un coup ensemble.<\/p>\n<p>L\u2019\u00e9quipe hommes, du coup, est report\u00e9e ?<\/p>\n<p>Oui. Le plus dur, c\u2019est de mettre le pied \u00e0 l\u2019\u00e9trier. Quand votre \u00e9quipe part, elle existe et tout le monde le sait et tout le monde peut venir la rejoindre. Pour l\u2019\u00e9quipe hommes, l\u2019id\u00e9e, c\u2019est de partir en 2027 ou 2028.<\/p>\n<p>Quel sera votre r\u00f4le au sein de l\u2019\u00e9quipe ?<\/p>\n<p>Pour l\u2019instant, j\u2019accompagne l\u2019aventure de mani\u00e8re b\u00e9n\u00e9vole. Apr\u00e8s l\u2019\u00e9v\u00e9nement qui m\u2019a touch\u00e9 l\u2019an dernier (son licenciement de l\u2019\u00e9quipe Decathlon-AG2R La Mondiale) \u00e7a me donne beaucoup de sens. J\u2019aime profond\u00e9ment le v\u00e9lo. On verra quelle sera ma place au sein de ce projet.<\/p>\n","protected":false},"excerpt":{"rendered":"Vous avez rejoint le projet \u00ab Ma Petite Entreprise \u00bb l\u2019an dernier. O\u00f9 en \u00eates-vous ? Personnellement, je&hellip;\n","protected":false},"author":2,"featured_media":105885,"comment_status":"","ping_status":"","sticky":false,"template":"","format":"standard","meta":{"footnotes":""},"categories":[1411],"tags":[1154,207,11097,1011,27,2427,60],"class_list":{"0":"post-105884","1":"post","2":"type-post","3":"status-publish","4":"format-standard","5":"has-post-thumbnail","7":"category-cyclisme","8":"tag-cycling","9":"tag-cyclisme","10":"tag-cyclisme-feminin","11":"tag-fr","12":"tag-france","13":"tag-professionnels","14":"tag-sports"},"share_on_mastodon":{"url":"https:\/\/pubeurope.com\/@fr\/114520751071642595","error":""},"_links":{"self":[{"href":"https:\/\/www.europesays.com\/fr\/wp-json\/wp\/v2\/posts\/105884","targetHints":{"allow":["GET"]}}],"collection":[{"href":"https:\/\/www.europesays.com\/fr\/wp-json\/wp\/v2\/posts"}],"about":[{"href":"https:\/\/www.europesays.com\/fr\/wp-json\/wp\/v2\/types\/post"}],"author":[{"embeddable":true,"href":"https:\/\/www.europesays.com\/fr\/wp-json\/wp\/v2\/users\/2"}],"replies":[{"embeddable":true,"href":"https:\/\/www.europesays.com\/fr\/wp-json\/wp\/v2\/comments?post=105884"}],"version-history":[{"count":0,"href":"https:\/\/www.europesays.com\/fr\/wp-json\/wp\/v2\/posts\/105884\/revisions"}],"wp:featuredmedia":[{"embeddable":true,"href":"https:\/\/www.europesays.com\/fr\/wp-json\/wp\/v2\/media\/105885"}],"wp:attachment":[{"href":"https:\/\/www.europesays.com\/fr\/wp-json\/wp\/v2\/media?parent=105884"}],"wp:term":[{"taxonomy":"category","embeddable":true,"href":"https:\/\/www.europesays.com\/fr\/wp-json\/wp\/v2\/categories?post=105884"},{"taxonomy":"post_tag","embeddable":true,"href":"https:\/\/www.europesays.com\/fr\/wp-json\/wp\/v2\/tags?post=105884"}],"curies":[{"name":"wp","href":"https:\/\/api.w.org\/{rel}","templated":true}]}}