{"id":105890,"date":"2025-05-17T02:14:17","date_gmt":"2025-05-17T02:14:17","guid":{"rendered":"https:\/\/www.europesays.com\/fr\/105890\/"},"modified":"2025-05-17T02:14:17","modified_gmt":"2025-05-17T02:14:17","slug":"sous-les-pins-centenaires-de-rome-de-droles-de-cabanes-sinstallent-pour-lete","status":"publish","type":"post","link":"https:\/\/www.europesays.com\/fr\/105890\/","title":{"rendered":"Sous les pins centenaires de Rome, de dr\u00f4les de cabanes s&rsquo;installent pour l&rsquo;\u00e9t\u00e9"},"content":{"rendered":"<p>Sur les hauteurs du mont Pincio, la Villa M\u00e9dicis domine la cit\u00e9 romaine. Joyau de la Renaissance italienne, ce palais du XVIe\u00a0si\u00e8cle accueille l\u2019Acad\u00e9mie de France \u00e0 Rome depuis 1\u00a0803. L&rsquo;institution a \u00e9t\u00e9 fond\u00e9e par Louis XIV en 1\u00a0666 pour faire rayonner les arts et les lettres fran\u00e7ais \u00e0 travers le prisme italien. Temple de la cr\u00e9ation, la Villa M\u00e9dicis offre chaque ann\u00e9e \u00e0 des artistes, architectes, cin\u00e9astes, musiciens ou chercheurs un lieu de r\u00e9sidence propice \u00e0 l\u2019exp\u00e9rimentation, \u00e0 l\u2019abri de l\u2019agitation urbaine.<\/p>\n<p>Depuis quelques \u00e9t\u00e9s, le lieu accueille <a href=\"https:\/\/www.villamedici.it\/programme\/festival-des-cabanes-2025\/\" target=\"_blank\" rel=\"noopener\">le Festival des Cabanes<\/a> qui transforme les jardins historiques de la villa en terrain d&rsquo;exp\u00e9rimentation architecturale. Le programme de sa quatri\u00e8me \u00e9dition, qui se tiendra du 5\u00a0juin au 29\u00a0septembre 2025, vient d&rsquo;\u00eatre d\u00e9voil\u00e9.<\/p>\n<p>\t\t\t\tUne cabane dans les pins\u00a0: repenser l\u2019architecture l\u00e9g\u00e8re<\/p>\n<p>N\u00e9 en 2022, le festival invite \u00e0 explorer une forme d\u2019habitat \u00e9l\u00e9mentaire, la cabane, pour en faire un vecteur de r\u00e9flexion sur la mani\u00e8re dont nous construisons et habitons notre monde.<\/p>\n<p>Install\u00e9es dans les quadrati \u2014 ces rectangles d\u2019herbe bord\u00e9s de haies et plant\u00e9s de pins majestueux dont certains ont presque deux si\u00e8cles \u2014, les cabanes forment pour le visiteur un parcours immersif entre art, nature et architecture.<\/p>\n<p>\u00c0 l\u2019heure o\u00f9 l\u2019urgence \u00e9cologique questionne les mod\u00e8les traditionnels de construction, ces micro-architectures, souvent \u00e9ph\u00e9m\u00e8res, interrogent la notion d\u2019impact. Bois, acier, cannes de roseaux, mat\u00e9riaux de r\u00e9emploi\u00a0: chaque cabane est un manifeste \u00e0 ciel ouvert.<\/p>\n<p>Cinq visions, cinq cabanes<\/p>\n<p>Cette ann\u00e9e, cinq \u00e9quipes internationales ont \u00e9t\u00e9 s\u00e9lectionn\u00e9es pour \u00e9riger leurs cabanes dans les jardins de la Villa M\u00e9dicis. PAN-ORAMA, imagin\u00e9e par Associates Architecture (Brescia), s\u2019enroulera autour d\u2019un jeu de perspectives sur Rome, en \u00e9cho \u00e0 l\u2019\u0153uvre panoramique de Louis Le Masson. Belv\u00e9d\u00e8re habit\u00e9, elle multipliera les regards sur la ville et ses pins centenaires.<\/p>\n<p>Avec ARUNDO, l\u2019Atelier MARE (Marseille) ressuscitera l\u2019usage ancien de la canne de Provence, longtemps utilis\u00e9e sur les rives m\u00e9diterran\u00e9ennes. Une architecture artisanale, \u00e0 la fois vernaculaire et novatrice, qui fait dialoguer pass\u00e9 et futur.<\/p>\n<p>CHIOSTRO \u2013 WHO LIVES HERE ?, con\u00e7ue par le collectif Campo &amp; Diploma 20 Architectural Association avec l\u2019artiste sud-africain Roger Ballen, brouillera les fronti\u00e8res entre r\u00e9alit\u00e9 et fiction. Cette cabane, \u00e0 mi-chemin entre clo\u00eetre et th\u00e9\u00e2tre mental, \u00e9voque des paysages int\u00e9rieurs d\u00e9routants, entre r\u00eave et cauchemar.<\/p>\n<p>La Fondation Huttopia, en collaboration avec trois jeunes architectes lyonnais, proposera quant \u00e0 elle LACOQUE, une cabane modulaire qui revisite les maisons pr\u00e9fabriqu\u00e9es des ann\u00e9es 1950 \u00e0 la lumi\u00e8re des enjeux contemporains du tourisme durable et de l\u2019habitat r\u00e9versible.<\/p>\n<p>Enfin, MBL architectes (Saint-Ouen-sur-Seine), en lien avec la Librairie 7L, signeront un pavillon de lecture au toit de briques suspendu. Leur intervention se prolonge dans la librairie de la Villa, r\u00e9invent\u00e9e pour l\u2019occasion.<\/p>\n<p>Panorama retrouv\u00e9<\/p>\n<p>Dans le cadre du festival, et en partenariat avec la Fondation Louis Le Masson, la Villa M\u00e9dicis exposera une \u0153uvre exceptionnelle\u00a0: le Panorama de Rome vu depuis San Pietro in Montorio, peint en 1\u00a0779. Ce tableau monumental (plus de 4 m\u00e8tres), peint en 1\u00a0779 par l\u2019architecte et ing\u00e9nieur Louis Le Masson (1743-1829) depuis la colline du Janicule, est consid\u00e9r\u00e9 comme le tout premier panorama de l\u2019histoire de l\u2019art. Il revient pour la premi\u00e8re fois \u00e0 Rome, o\u00f9 il fut cr\u00e9\u00e9, offrant un vertigineux face-\u00e0-face avec les vues qu\u2019ouvrent les cabanes du festival.<\/p>\n","protected":false},"excerpt":{"rendered":"Sur les hauteurs du mont Pincio, la Villa M\u00e9dicis domine la cit\u00e9 romaine. Joyau de la Renaissance italienne,&hellip;\n","protected":false},"author":2,"featured_media":105891,"comment_status":"","ping_status":"","sticky":false,"template":"","format":"standard","meta":{"footnotes":""},"categories":[1358],"tags":[1350,1348,1384,1385,251,1386,58,59,849,1011,27,3354,602],"class_list":{"0":"post-105890","1":"post","2":"type-post","3":"status-publish","4":"format-standard","5":"has-post-thumbnail","7":"category-arts-et-design","8":"tag-architecture","9":"tag-arts","10":"tag-arts-and-design","11":"tag-arts-et-design","12":"tag-culture","13":"tag-design","14":"tag-divertissement","15":"tag-entertainment","16":"tag-festival","17":"tag-fr","18":"tag-france","19":"tag-jardin","20":"tag-tourisme"},"share_on_mastodon":{"url":"https:\/\/pubeurope.com\/@fr\/114520762858612129","error":""},"_links":{"self":[{"href":"https:\/\/www.europesays.com\/fr\/wp-json\/wp\/v2\/posts\/105890","targetHints":{"allow":["GET"]}}],"collection":[{"href":"https:\/\/www.europesays.com\/fr\/wp-json\/wp\/v2\/posts"}],"about":[{"href":"https:\/\/www.europesays.com\/fr\/wp-json\/wp\/v2\/types\/post"}],"author":[{"embeddable":true,"href":"https:\/\/www.europesays.com\/fr\/wp-json\/wp\/v2\/users\/2"}],"replies":[{"embeddable":true,"href":"https:\/\/www.europesays.com\/fr\/wp-json\/wp\/v2\/comments?post=105890"}],"version-history":[{"count":0,"href":"https:\/\/www.europesays.com\/fr\/wp-json\/wp\/v2\/posts\/105890\/revisions"}],"wp:featuredmedia":[{"embeddable":true,"href":"https:\/\/www.europesays.com\/fr\/wp-json\/wp\/v2\/media\/105891"}],"wp:attachment":[{"href":"https:\/\/www.europesays.com\/fr\/wp-json\/wp\/v2\/media?parent=105890"}],"wp:term":[{"taxonomy":"category","embeddable":true,"href":"https:\/\/www.europesays.com\/fr\/wp-json\/wp\/v2\/categories?post=105890"},{"taxonomy":"post_tag","embeddable":true,"href":"https:\/\/www.europesays.com\/fr\/wp-json\/wp\/v2\/tags?post=105890"}],"curies":[{"name":"wp","href":"https:\/\/api.w.org\/{rel}","templated":true}]}}