{"id":1058903,"date":"2026-07-11T22:19:32","date_gmt":"2026-07-11T22:19:32","guid":{"rendered":"https:\/\/www.europesays.com\/fr\/1058903\/"},"modified":"2026-07-11T22:19:32","modified_gmt":"2026-07-11T22:19:32","slug":"dix-toilettes-installees-aux-portes-des-calanques-de-marseille-tout-lete","status":"publish","type":"post","link":"https:\/\/www.europesays.com\/fr\/1058903\/","title":{"rendered":"Dix toilettes install\u00e9es aux portes des calanques de Marseille tout l&rsquo;\u00e9t\u00e9"},"content":{"rendered":"<p>De bonnes chaussures de rando, une casquette, des lunettes de soleil, un \u00e9cran total, une gourde XXL et un petit encas gliss\u00e9 \u00e0 c\u00f4t\u00e9 du maillot dans le sac \u00e0 dos\u00a0: tout est fin pr\u00eat pour partir \u00e0 la conqu\u00eate du <a href=\"https:\/\/www.laprovence.com\/article\/sortie-loisirs\/66685687293711\/les-sangliers-au-pied-des-immeubles-ils-n-ont-jamais-ete-aussi-presents-dans-nos-vies-et-si-proches-de-l-homme\" target=\"_blank\" rel=\"nofollow noopener\">massif des calanques<\/a> et de ses criques paradisiaques. Tout ou presque. Il est un d\u00e9tail qui compte &#8211; du moins pour ceux qui ont le souci du respect de leur environnement et de leurs cong\u00e9n\u00e8res -, comment va-t-on g\u00e9rer l\u2019in\u00e9vitable\u2026 pause pipi\u00a0?<\/p>\n<p>Compte tenu de la fr\u00e9quentation de plus en plus importante du site, de l\u2019ordre de 3\u00a0millions de personnes, le <a href=\"https:\/\/www.laprovence.com\/article\/region\/71210668304710\/en-provence-toutes-les-destinations-ne-se-visitent-pas-de-la-meme-facon\" target=\"_blank\" rel=\"nofollow noopener\">Parc national des calanques<\/a> a exp\u00e9riment\u00e9 il y a cinq ans la pose de<a href=\"https:\/\/laprovence.com\/article\/societe\/7336506120039614\/a-marseille-10-toilettes-seches-installees-dans-les-calanques-pour-lete\" target=\"_blank\" rel=\"nofollow noopener\"> toilettes s\u00e8ches sur diff\u00e9rents points<\/a> strat\u00e9giques de son territoire. \u00ab\u00a0Le bilan fut tr\u00e8s positif en termes de fr\u00e9quentation et de satisfaction des usagers\u00a0\u00bb, indique la Ville de Marseille, qui a aussit\u00f4t convenu de passer une convention avec le Parc pour reproduire et d\u00e9ployer l\u2019exp\u00e9rimentation de deux ans \u00e0 plus grande \u00e9chelle.<\/p>\n<p>Depuis\u00a02024, le dispositif installe ainsi, durant la saison estivale, des cabines de toilettes s\u00e8ches aux entr\u00e9es du Parc national pour accueillir les visiteurs dans les meilleures conditions et limiter l.es nuisances pour les riverains, la faune et la flore. Dix toilettes s\u00e8ches sont accessibles gratuitement au public depuis le 15\u00a0juin et jusqu\u2019au 15\u00a0septembre.<\/p>\n<p>Pour l\u2019ann\u00e9e\u00a02026, le montant de la contribution financi\u00e8re de la Ville s\u2019\u00e9l\u00e8ve \u00e0 90\u00a0000\u00a0\u20ac, approuv\u00e9 par le conseil municipal le 26\u00a0juin dernier pour six cabines (deux \u00e0 Port-Pin, une aux Baumettes, \u00e0 Callelongue, au Mont-Rose, et au fond de la calanque de Sormiou o\u00f9 un urinoir a \u00e9galement \u00e9t\u00e9 install\u00e9). Le reste du financement est assur\u00e9 par l\u2019\u00c9tat pour le Parc national, via le fond Vert, l\u2019Agence de l\u2019eau et le Minist\u00e8re de la transition \u00e9cologique pour am\u00e9nager des cabines \u00e0 Sugiton (r\u00e9serv\u00e9e aux agents du filtrage), au fond de la calanque de Morgiou, sur le parking Kedge et sur deux emplacements au niveau de la barri\u00e8re foresti\u00e8re de Luminy. L\u2019installation, l\u2019entretien et la d\u00e9pose de ces toilettes sont enti\u00e8rement assur\u00e9s par le Parc national des calanques.<\/p>\n<p>Les toilettes de la Cayolle d\u00e9plac\u00e9es \u00e0 Port-Pin<\/p>\n<p>\u00ab\u00a0La localisation de ces \u00e9quipements est identique depuis trois ans, souligne la Ville. Le seul ajustement est la suppression de la cabine de <a href=\"https:\/\/www.laprovence.com\/article\/societe\/4020714150466914\/un-lieu-ephemere-pour-se-rencontrer-a-la-cayolle-un-bus-nomade-pour-recreer-du-lien-et-lutter-contre-le-narcotrafic\" target=\"_blank\" rel=\"nofollow noopener\">la Cayolle<\/a> qui n\u2019avait enregistr\u00e9 que 340 passages en\u00a02025 et \u00e9t\u00e9 r\u00e9guli\u00e8rement vandalis\u00e9e, qui a \u00e9t\u00e9 d\u00e9plac\u00e9e \u00e0 Port-Pin, o\u00f9 une hausse de 12\u00a0000 passages a \u00e9t\u00e9 relev\u00e9e en\u00a02025, portant \u00e0 deux le nombre de cabines dans cette calanque.<\/p>\n<p>Pour r\u00e9pondre aux Goudois qui d\u00e9plorent l\u2019absence de toilettes dans leur village o\u00f9 d\u00e9barquent des centaines de personnes chaque jour via la navette maritime, la Ville indique que \u00ab\u00a0le principe est d\u2019installer des \u00e9quipements aux \u00ab\u00a0portes d\u2019entr\u00e9e\u00a0\u00bb du Parc national des calanques\u00a0\u00bb, rappelant que \u00ab\u00a0le port des Goudes est sous gestion de la M\u00e9tropole\u00a0\u00bb et que \u00ab\u00a0des toilettes chimiques existaient sur cet avant-port, au niveau du d\u00e9barcad\u00e8re.\u00a0\u00bb Selon nos informations, celles-ci ont \u00e9t\u00e9 enlev\u00e9es en raison des difficult\u00e9s d\u2019acc\u00e8s pour y intervenir.<\/p>\n","protected":false},"excerpt":{"rendered":"De bonnes chaussures de rando, une casquette, des lunettes de soleil, un \u00e9cran total, une gourde XXL et&hellip;\n","protected":false},"author":2,"featured_media":1058904,"comment_status":"","ping_status":"","sticky":false,"template":"","format":"standard","meta":{"footnotes":"","_share_on_mastodon":"0"},"categories":[2814],"tags":[5734,1111,11,1007,1182,154,7365,436,1777,674,1011,27,2365,884,12,3761,882,25,13917],"class_list":["post-1058903","post","type-post","status-publish","format-standard","has-post-thumbnail","category-marseille","tag-5734","tag-actu","tag-actualites","tag-aux","tag-calanques","tag-des","tag-dix","tag-environnement","tag-eu","tag-europe","tag-fr","tag-france","tag-installees","tag-marseille","tag-news","tag-portes","tag-provence-alpes-cote-dazur","tag-republique-francaise","tag-toilettes"],"share_on_mastodon":{"url":"https:\/\/pubeurope.com\/@fr\/116903671634423705","error":""},"_links":{"self":[{"href":"https:\/\/www.europesays.com\/fr\/wp-json\/wp\/v2\/posts\/1058903","targetHints":{"allow":["GET"]}}],"collection":[{"href":"https:\/\/www.europesays.com\/fr\/wp-json\/wp\/v2\/posts"}],"about":[{"href":"https:\/\/www.europesays.com\/fr\/wp-json\/wp\/v2\/types\/post"}],"author":[{"embeddable":true,"href":"https:\/\/www.europesays.com\/fr\/wp-json\/wp\/v2\/users\/2"}],"replies":[{"embeddable":true,"href":"https:\/\/www.europesays.com\/fr\/wp-json\/wp\/v2\/comments?post=1058903"}],"version-history":[{"count":0,"href":"https:\/\/www.europesays.com\/fr\/wp-json\/wp\/v2\/posts\/1058903\/revisions"}],"wp:featuredmedia":[{"embeddable":true,"href":"https:\/\/www.europesays.com\/fr\/wp-json\/wp\/v2\/media\/1058904"}],"wp:attachment":[{"href":"https:\/\/www.europesays.com\/fr\/wp-json\/wp\/v2\/media?parent=1058903"}],"wp:term":[{"taxonomy":"category","embeddable":true,"href":"https:\/\/www.europesays.com\/fr\/wp-json\/wp\/v2\/categories?post=1058903"},{"taxonomy":"post_tag","embeddable":true,"href":"https:\/\/www.europesays.com\/fr\/wp-json\/wp\/v2\/tags?post=1058903"}],"curies":[{"name":"wp","href":"https:\/\/api.w.org\/{rel}","templated":true}]}}