{"id":1058907,"date":"2026-07-11T22:21:20","date_gmt":"2026-07-11T22:21:20","guid":{"rendered":"https:\/\/www.europesays.com\/fr\/1058907\/"},"modified":"2026-07-11T22:21:20","modified_gmt":"2026-07-11T22:21:20","slug":"lyon-7e-naissance-bienvenue-a-anouk","status":"publish","type":"post","link":"https:\/\/www.europesays.com\/fr\/1058907\/","title":{"rendered":"Lyon 7e | Naissance. Bienvenue \u00e0 Anouk"},"content":{"rendered":"<p>Ce lundi 6\u00a0juillet \u00e0 3\u00a0h\u00a041 une magnifique petite fille est arriv\u00e9e \u00e0 la maternit\u00e9 de l\u2019h\u00f4pital Lyon Sud.<\/p>\n<p>Elle a \u00e9t\u00e9 accueillie par ses parents avec un poids de 3,535\u00a0kg.<\/p>\n<p>Sa m\u00e8re Rosalie et son p\u00e8re Olivier sont tr\u00e8s heureux de rencontrer leur tout premier b\u00e9b\u00e9 au sein de leur famille. Ils pourront f\u00eater cet heureux \u00e9v\u00e9nement \u00e0 Lyon 7e , le nouveau foyer d\u2019Anouk.<\/p>\n","protected":false},"excerpt":{"rendered":"Ce lundi 6\u00a0juillet \u00e0 3\u00a0h\u00a041 une magnifique petite fille est arriv\u00e9e \u00e0 la maternit\u00e9 de l\u2019h\u00f4pital Lyon Sud.&hellip;\n","protected":false},"author":2,"featured_media":1058908,"comment_status":"","ping_status":"","sticky":false,"template":"","format":"standard","meta":{"footnotes":"","_share_on_mastodon":"0"},"categories":[1889],"tags":[1111,11,2430,9223,3154,1777,674,1011,27,2428,198,12,15665,15666,25,104],"class_list":["post-1058907","post","type-post","status-publish","format-standard","has-post-thumbnail","category-lyon","tag-actu","tag-actualites","tag-auvergne-rhone-alpes","tag-carnet-du-jour","tag-edition-sud-lyonnais","tag-eu","tag-europe","tag-fr","tag-france","tag-lyon","tag-naissance","tag-news","tag-oullins-pierre-benite","tag-oullins-ville","tag-republique-francaise","tag-societe"],"share_on_mastodon":{"url":"https:\/\/pubeurope.com\/@fr\/116903679395894509","error":""},"_links":{"self":[{"href":"https:\/\/www.europesays.com\/fr\/wp-json\/wp\/v2\/posts\/1058907","targetHints":{"allow":["GET"]}}],"collection":[{"href":"https:\/\/www.europesays.com\/fr\/wp-json\/wp\/v2\/posts"}],"about":[{"href":"https:\/\/www.europesays.com\/fr\/wp-json\/wp\/v2\/types\/post"}],"author":[{"embeddable":true,"href":"https:\/\/www.europesays.com\/fr\/wp-json\/wp\/v2\/users\/2"}],"replies":[{"embeddable":true,"href":"https:\/\/www.europesays.com\/fr\/wp-json\/wp\/v2\/comments?post=1058907"}],"version-history":[{"count":0,"href":"https:\/\/www.europesays.com\/fr\/wp-json\/wp\/v2\/posts\/1058907\/revisions"}],"wp:featuredmedia":[{"embeddable":true,"href":"https:\/\/www.europesays.com\/fr\/wp-json\/wp\/v2\/media\/1058908"}],"wp:attachment":[{"href":"https:\/\/www.europesays.com\/fr\/wp-json\/wp\/v2\/media?parent=1058907"}],"wp:term":[{"taxonomy":"category","embeddable":true,"href":"https:\/\/www.europesays.com\/fr\/wp-json\/wp\/v2\/categories?post=1058907"},{"taxonomy":"post_tag","embeddable":true,"href":"https:\/\/www.europesays.com\/fr\/wp-json\/wp\/v2\/tags?post=1058907"}],"curies":[{"name":"wp","href":"https:\/\/api.w.org\/{rel}","templated":true}]}}