{"id":105908,"date":"2025-05-17T02:23:09","date_gmt":"2025-05-17T02:23:09","guid":{"rendered":"https:\/\/www.europesays.com\/fr\/105908\/"},"modified":"2025-05-17T02:23:09","modified_gmt":"2025-05-17T02:23:09","slug":"lagence-de-notation-moodys-abaisse-la-note-de-la-dette-americaine-de-aaa-a-aa1","status":"publish","type":"post","link":"https:\/\/www.europesays.com\/fr\/105908\/","title":{"rendered":"L\u2019agence de notation Moody\u2019s abaisse la note de la dette am\u00e9ricaine de Aaa \u00e0 Aa1"},"content":{"rendered":"<p>\u00abLes gouvernements et \u00e9lus successifs n\u2019ont pas su s\u2019entendre pour prendre les mesures permettant d\u2019inverser la tendance conduisant \u00e0 un d\u00e9ficit annuel important\u00bb, a justifi\u00e9 l\u2019agence de notation.<\/p>\n<p class=\"fig-paragraph\">L\u2019agence de notation\u00a0<a href=\"http:\/\/www.lefigaro.fr\/societes\/les-taux-des-prets-aux-menages-et-aux-entreprises-risquent-d-etre-superieurs-les-banques-francaises-face-a-leur-degradation-par-moody-s-20241218\" target=\"_blank\" data-fig-type=\"Article\" rel=\"noopener\" data-gtm-custom-categorie=\"navigation\" data-gtm-custom-action=\"crossclick\" data-gtm-custom-label=\"Contextuel\" data-gtm-event=\"customEventSPE\" data-fig-domain=\"LEFIGARO\">Moody\u2019s<\/a>\u00a0a abaiss\u00e9 vendredi la note de la dette am\u00e9ricaine, la faisant passer de Aaa \u00e0 Aa1, en y ajoutant une perspective stable, justifiant sa d\u00e9cision par la hausse de l\u2019<a href=\"http:\/\/www.lefigaro.fr\/politique\/faillites-chomage-endettement-record-a-bout-de-souffle-la-nouvelle-caledonie-risque-le-black-out-economique-20250221\" target=\"_blank\" data-fig-type=\"Article\" rel=\"noopener\" data-gtm-custom-categorie=\"navigation\" data-gtm-custom-action=\"crossclick\" data-gtm-custom-label=\"Contextuel\" data-gtm-event=\"customEventSPE\" data-fig-domain=\"LEFIGARO\">endettement<\/a>\u00a0des \u00c9tats-Unis et de son co\u00fbt pour le budget f\u00e9d\u00e9ral.<\/p>\n<p class=\"fig-paragraph\">\u00abLes gouvernements et \u00e9lus successifs n\u2019ont pas su s\u2019entendre pour prendre les mesures permettant d\u2019inverser la tendance conduisant \u00e0 un d\u00e9ficit annuel important. Nous ne pensons pas que des r\u00e9ductions des d\u00e9penses et du d\u00e9ficit puissent \u00eatre r\u00e9alis\u00e9es avec la proposition de loi budg\u00e9taire actuellement en discussion\u00bb, a justifi\u00e9 l\u2019agence dans un communiqu\u00e9, en r\u00e9f\u00e9rence notamment aux baisses des imp\u00f4ts souhait\u00e9es par\u00a0<a href=\"http:\/\/www.lefigaro.fr\/international\/les-bonnes-affaires-de-donald-trump-au-moyen-orient-20250515\" target=\"_blank\" data-fig-type=\"Article\" rel=\"noopener\" data-gtm-custom-categorie=\"navigation\" data-gtm-custom-action=\"crossclick\" data-gtm-custom-label=\"Contextuel\" data-gtm-event=\"customEventSPE\" data-fig-domain=\"LEFIGARO\">Donald Trump<\/a>\u00a0et discut\u00e9es au Congr\u00e8s.<\/p>\n<p class=\"fig-paragraph\">Plusieurs \u00e9lus r\u00e9publicains ont fait capoter vendredi au Congr\u00e8s un vote cl\u00e9 sur l\u2019avancement d\u2019un m\u00e9gaprojet de loi, vu comme la pi\u00e8ce ma\u00eetresse du programme du pr\u00e9sident Donald Trump. Celui-ci doit notamment concr\u00e9tiser la prolongation des cr\u00e9dits d\u2019imp\u00f4t accord\u00e9s durant son premier mandat avant leur expiration, en fin d\u2019ann\u00e9e.<\/p>\n<p>Coupes budg\u00e9taires<\/p>\n<p class=\"fig-paragraph\">Le projet de loi pr\u00e9voit \u00e9galement 880 milliards de dollars de coupes budg\u00e9taires sur une dizaine d\u2019ann\u00e9es, concernant principalement les programmes d\u2019assurance sant\u00e9 de 70 millions d\u2019<a href=\"http:\/\/www.lefigaro.fr\/societes\/le-regain-d-echanges-a-la-veille-de-la-guerre-commerciale-sino-americaine-a-profite-a-cma-cgm-20250516\" data-fig-type=\"Article\" data-gtm-custom-categorie=\"navigation\" data-gtm-custom-action=\"crossclick\" data-gtm-custom-label=\"Contextuel\" data-gtm-event=\"customEventSPE\" data-fig-domain=\"LEFIGARO\" target=\"_blank\" rel=\"noopener\">Am\u00e9ricains<\/a>\u00a0aux revenus modestes. Moody\u2019s s\u2019attend, au cours de la prochaine d\u00e9cennie, \u00e0 \u00abdes d\u00e9ficits encore plus importants, avec une hausse des d\u00e9penses alors que les revenus resteront stables. Cela renforcera le poids de la dette sur les finances publiques\u00bb.<\/p>\n<p class=\"fig-paragraph\">N\u00e9anmoins, l\u2019\u00e9conomie am\u00e9ricaine reste \u00abunique\u00bb du fait de \u00absa profondeur, les revenus \u00e9lev\u00e9s qu\u2019elle g\u00e9n\u00e8re, la forte croissance potentielle et sa capacit\u00e9 \u00e0 innover et renforcer sa productivit\u00e9\u00bb, ce qui incite l\u2019agence \u00e0 maintenir ses perspectives stables dans l\u2019imm\u00e9diat. Elle appelle n\u00e9anmoins le gouvernement \u00e0 \u00abmettre en place les r\u00e9formes fiscales permettant de ralentir significativement et m\u00eame inverser la d\u00e9t\u00e9rioration de la dette et des d\u00e9ficits publics, soit en augmentant les revenus soit en r\u00e9duisant les d\u00e9penses\u00bb.<\/p>\n<p class=\"fig-paragraph\">L\u2019agence alerte sur le fait qu\u2019\u00abune d\u00e9t\u00e9rioration plus rapide et importante des \u00e9quilibres budg\u00e9taires\u00bb ou qu\u2019un abandon par les investisseurs mondiaux du dollar comme monnaie de r\u00e9serve pourraient peser tr\u00e8s n\u00e9gativement et provoquer \u00abune hausse des taux d\u2019int\u00e9r\u00eat, ce qui rench\u00e9rirait le co\u00fbt de la dette\u00bb. Moody\u2019s reconna\u00eet n\u00e9anmoins ce deuxi\u00e8me sc\u00e9nario \u00abpeu probable dans la mesure o\u00f9 aucune alternative cr\u00e9dible au dollar en tant que monnaie de r\u00e9serve n\u2019a \u00e9merg\u00e9\u00bb.<\/p>\n","protected":false},"excerpt":{"rendered":"\u00abLes gouvernements et \u00e9lus successifs n\u2019ont pas su s\u2019entendre pour prendre les mesures permettant d\u2019inverser la tendance conduisant&hellip;\n","protected":false},"author":2,"featured_media":105909,"comment_status":"","ping_status":"","sticky":false,"template":"","format":"standard","meta":{"footnotes":""},"categories":[6],"tags":[339,340,35,343,345,350,130,344,352,349,33,34,341,313,1011,27,346,342,353,351,14485,347,348,354],"class_list":{"0":"post-105908","1":"post","2":"type-post","3":"status-publish","4":"format-standard","5":"has-post-thumbnail","7":"category-economie","8":"tag-actualite-economique","9":"tag-bourse","10":"tag-business","11":"tag-cac-40","12":"tag-chef-dentreprise","13":"tag-concurrence","14":"tag-consommation","15":"tag-creation-dentreprise","16":"tag-crise","17":"tag-delocalisations","18":"tag-economie","19":"tag-economy","20":"tag-emploi","21":"tag-entreprises","22":"tag-fr","23":"tag-france","24":"tag-grands-patrons","25":"tag-impots","26":"tag-licenciements","27":"tag-monopole","28":"tag-moodys","29":"tag-multinationales","30":"tag-privatisation","31":"tag-unio"},"share_on_mastodon":{"url":"https:\/\/pubeurope.com\/@fr\/114520798599992211","error":""},"_links":{"self":[{"href":"https:\/\/www.europesays.com\/fr\/wp-json\/wp\/v2\/posts\/105908","targetHints":{"allow":["GET"]}}],"collection":[{"href":"https:\/\/www.europesays.com\/fr\/wp-json\/wp\/v2\/posts"}],"about":[{"href":"https:\/\/www.europesays.com\/fr\/wp-json\/wp\/v2\/types\/post"}],"author":[{"embeddable":true,"href":"https:\/\/www.europesays.com\/fr\/wp-json\/wp\/v2\/users\/2"}],"replies":[{"embeddable":true,"href":"https:\/\/www.europesays.com\/fr\/wp-json\/wp\/v2\/comments?post=105908"}],"version-history":[{"count":0,"href":"https:\/\/www.europesays.com\/fr\/wp-json\/wp\/v2\/posts\/105908\/revisions"}],"wp:featuredmedia":[{"embeddable":true,"href":"https:\/\/www.europesays.com\/fr\/wp-json\/wp\/v2\/media\/105909"}],"wp:attachment":[{"href":"https:\/\/www.europesays.com\/fr\/wp-json\/wp\/v2\/media?parent=105908"}],"wp:term":[{"taxonomy":"category","embeddable":true,"href":"https:\/\/www.europesays.com\/fr\/wp-json\/wp\/v2\/categories?post=105908"},{"taxonomy":"post_tag","embeddable":true,"href":"https:\/\/www.europesays.com\/fr\/wp-json\/wp\/v2\/tags?post=105908"}],"curies":[{"name":"wp","href":"https:\/\/api.w.org\/{rel}","templated":true}]}}