{"id":105910,"date":"2025-05-17T02:24:09","date_gmt":"2025-05-17T02:24:09","guid":{"rendered":"https:\/\/www.europesays.com\/fr\/105910\/"},"modified":"2025-05-17T02:24:09","modified_gmt":"2025-05-17T02:24:09","slug":"trump-est-furieux-contre-la-cour-supreme-qui-lui-interdit-dexpulser-des-immigres","status":"publish","type":"post","link":"https:\/\/www.europesays.com\/fr\/105910\/","title":{"rendered":"Trump est furieux contre la Cour supr\u00eame qui lui interdit d\u2019expulser des immigr\u00e9s"},"content":{"rendered":"<p> \u00abLa <a href=\"https:\/\/www.20minutes.fr\/monde\/cour_supreme\/\" target=\"_blank\" class=\"color-ultramarine c-link\" rel=\"nofollow noopener\">Cour supr\u00eame<\/a> ne veut pas nous laisser chasser les criminels de notre pays.\u00a0\u00bb Avec cette d\u00e9claration rageuse publi\u00e9e en lettres capitales sur son r\u00e9seau Truth Social, <a href=\"https:\/\/www.20minutes.fr\/dossier\/donald_trump\" target=\"_blank\" class=\"color-ultramarine c-link\" rel=\"nofollow noopener\">Donald Trump<\/a> a vivement r\u00e9agi vendredi \u00e0 un nouveau revers judiciaire. La Cour supr\u00eame, pourtant \u00e0 majorit\u00e9 conservatrice, a d\u00e9cid\u00e9 de prolonger le gel de son programme d\u2019expulsions d\u2019immigr\u00e9s v\u00e9n\u00e9zu\u00e9liens, en s\u2019opposant \u00e0 l\u2019utilisation d\u2019une loi d\u2019exception vieille de plus de deux si\u00e8cles.<\/p>\n<p>Au c\u0153ur de la discorde, la loi de\u00a01798 sur les \u00ab\u00a0ennemis \u00e9trangers\u00a0\u00bb, historiquement r\u00e9serv\u00e9e aux temps de guerre. Donald Trump l\u2019a invoqu\u00e9e en mars pour justifier l\u2019<a href=\"https:\/\/www.20minutes.fr\/dossier\/expulsion\" target=\"_blank\" class=\"color-ultramarine c-link\" rel=\"nofollow noopener\">expulsion<\/a> de centaines de <a href=\"https:\/\/www.20minutes.fr\/monde\/venezuela\/\" target=\"_blank\" class=\"color-ultramarine c-link\" rel=\"nofollow noopener\">V\u00e9n\u00e9zu\u00e9liens<\/a>, notamment en ciblant le gang Tren de Aragua, qualifi\u00e9 d\u2019organisation terroriste par <a href=\"https:\/\/www.20minutes.fr\/dossier\/washington\" target=\"_blank\" class=\"color-ultramarine c-link\" rel=\"nofollow noopener\">Washington<\/a>. Le jour m\u00eame, 250 personnes (en majorit\u00e9 des V\u00e9n\u00e9zu\u00e9liens accus\u00e9s d\u2019appartenir \u00e0 ce gang) avaient \u00e9t\u00e9 renvoy\u00e9es vers le <a href=\"https:\/\/www.20minutes.fr\/dossier\/salvador\" target=\"_blank\" class=\"color-ultramarine c-link\" rel=\"nofollow noopener\">Salvador<\/a>, o\u00f9 plus de la moiti\u00e9 d\u2019entre elles ont \u00e9t\u00e9 incarc\u00e9r\u00e9es dans une prison de haute s\u00e9curit\u00e9 r\u00e9put\u00e9e pour ses conditions extr\u00eames.<\/p>\n<p>Premi\u00e8re suspension de la Cour supr\u00eame en avril<\/p>\n<p>Mais cette strat\u00e9gie d\u2019expulsions \u00e9clair a suscit\u00e9 une s\u00e9rie d\u2019obstacles juridiques. Apr\u00e8s plusieurs d\u00e9cisions de tribunaux f\u00e9d\u00e9raux, la Cour supr\u00eame avait d\u00e9j\u00e0 suspendu le 19\u00a0avril l\u2019application de cette mesure. Dans une nouvelle d\u00e9cision rendue vendredi, sept des neuf juges, dont le pr\u00e9sident conservateur John Roberts et les trois magistrats progressistes, ont confirm\u00e9 cette suspension, estimant que les proc\u00e9dures violeraient les droits fondamentaux des personnes vis\u00e9es.<\/p>\n<\/p>\n<p>Les juges ont notamment point\u00e9 le caract\u00e8re trop exp\u00e9ditif du processus\u00a0: \u00ab\u00a0un pr\u00e9avis d\u2019\u00e0 peine 24 heures avant l\u2019expulsion, sans fournir d\u2019information sur les droits de la contester\u00a0\u00bb, d\u00e9noncent-ils. Une pr\u00e9c\u00e9dente d\u00e9cision unanime du 7\u00a0avril allait d\u00e9j\u00e0 dans ce sens, affirmant que les individus concern\u00e9s devaient avoir le droit de faire appel et \u00eatre inform\u00e9s dans un \u00ab\u00a0d\u00e9lai raisonnable\u00a0\u00bb.<\/p>\n<p>Renvoi de l\u2019affaire devant une cour f\u00e9d\u00e9rale<\/p>\n<p>La Cour supr\u00eame a renvoy\u00e9 l\u2019affaire devant une cour d\u2019appel f\u00e9d\u00e9rale, lui demandant d\u2019\u00e9valuer la l\u00e9galit\u00e9 de l\u2019usage de cette loi et de clarifier les garanties judiciaires offertes aux <a href=\"https:\/\/www.20minutes.fr\/monde\/immigres\/\" target=\"_blank\" class=\"color-ultramarine c-link\" rel=\"nofollow noopener\">immigr\u00e9s<\/a>. Elle souligne toutefois les enjeux s\u00e9curitaires li\u00e9s \u00e0 l\u2019immigration et exhorte les juridictions \u00e0 statuer \u00ab\u00a0rapidement\u00a0\u00bb.<\/p>\n<p><a href=\"https:\/\/www.20minutes.fr\/dossier\/immigration\" target=\"_blank\" class=\"c-link c-btn c-btn--primary\" rel=\"nofollow noopener\">Notre dossier sur l&rsquo;immigration<\/a><\/p>\n<p>D\u00e9j\u00e0 tr\u00e8s remont\u00e9e, l\u2019administration Trump avait menac\u00e9 le 9\u00a0mai de \u00ab\u00a0suspendre\u00a0\u00bb les droits de recours des immigr\u00e9s concern\u00e9s si la justice continuait \u00e0 entraver ses projets. Le camp r\u00e9publicain accuse r\u00e9guli\u00e8rement les magistrats de \u00ab\u00a0saper les pr\u00e9rogatives du pouvoir ex\u00e9cutif\u00a0\u00bb, au moment o\u00f9 Donald Trump fait de la lutte contre l\u2019immigration clandestine un pilier central de sa campagne, d\u00e9non\u00e7ant une pr\u00e9tendue \u00ab\u00a0invasion criminelle\u00a0\u00bb des Etats-Unis.<\/p>\n","protected":false},"excerpt":{"rendered":"\u00abLa Cour supr\u00eame ne veut pas nous laisser chasser les criminels de notre pays.\u00a0\u00bb Avec cette d\u00e9claration rageuse&hellip;\n","protected":false},"author":2,"featured_media":105911,"comment_status":"","ping_status":"","sticky":false,"template":"","format":"standard","meta":{"footnotes":""},"categories":[5],"tags":[47,11,10658,75,73,5219,1011,27,6734,14,74,12,28],"class_list":{"0":"post-105910","1":"post","2":"type-post","3":"status-publish","4":"format-standard","5":"has-post-thumbnail","7":"category-international","8":"tag-actualite","9":"tag-actualites","10":"tag-cour-supreme","11":"tag-donald-trump","12":"tag-etats-unis","13":"tag-expulsion","14":"tag-fr","15":"tag-france","16":"tag-immigration-clandestine","17":"tag-international","18":"tag-monde","19":"tag-news","20":"tag-world"},"share_on_mastodon":{"url":"https:\/\/pubeurope.com\/@fr\/114520802161038203","error":""},"_links":{"self":[{"href":"https:\/\/www.europesays.com\/fr\/wp-json\/wp\/v2\/posts\/105910","targetHints":{"allow":["GET"]}}],"collection":[{"href":"https:\/\/www.europesays.com\/fr\/wp-json\/wp\/v2\/posts"}],"about":[{"href":"https:\/\/www.europesays.com\/fr\/wp-json\/wp\/v2\/types\/post"}],"author":[{"embeddable":true,"href":"https:\/\/www.europesays.com\/fr\/wp-json\/wp\/v2\/users\/2"}],"replies":[{"embeddable":true,"href":"https:\/\/www.europesays.com\/fr\/wp-json\/wp\/v2\/comments?post=105910"}],"version-history":[{"count":0,"href":"https:\/\/www.europesays.com\/fr\/wp-json\/wp\/v2\/posts\/105910\/revisions"}],"wp:featuredmedia":[{"embeddable":true,"href":"https:\/\/www.europesays.com\/fr\/wp-json\/wp\/v2\/media\/105911"}],"wp:attachment":[{"href":"https:\/\/www.europesays.com\/fr\/wp-json\/wp\/v2\/media?parent=105910"}],"wp:term":[{"taxonomy":"category","embeddable":true,"href":"https:\/\/www.europesays.com\/fr\/wp-json\/wp\/v2\/categories?post=105910"},{"taxonomy":"post_tag","embeddable":true,"href":"https:\/\/www.europesays.com\/fr\/wp-json\/wp\/v2\/tags?post=105910"}],"curies":[{"name":"wp","href":"https:\/\/api.w.org\/{rel}","templated":true}]}}