{"id":105912,"date":"2025-05-17T02:25:10","date_gmt":"2025-05-17T02:25:10","guid":{"rendered":"https:\/\/www.europesays.com\/fr\/105912\/"},"modified":"2025-05-17T02:25:10","modified_gmt":"2025-05-17T02:25:10","slug":"au-proces-le-scouarnec-limmense-douleur-des-proches-dune-victime-disparue","status":"publish","type":"post","link":"https:\/\/www.europesays.com\/fr\/105912\/","title":{"rendered":"au proc\u00e8s Le Scouarnec, l\u2019immense douleur des proches d\u2019une victime disparue"},"content":{"rendered":"<p><strong>COMPTE RENDU D\u2019AUDIENCE &#8211;<\/strong> Devant la cour criminelle d\u00e9partementale du Morbihan, la famille de Mathis, qui s\u2019est suicid\u00e9 en avril 2021, a durement attaqu\u00e9 l\u2019accus\u00e9 mais aussi les \u00abinstitutions\u00bb.<\/p>\n<p class=\"fig-paragraph\">\u00ab\u00a0Vous l\u2019avez tu\u00e9\u00a0! Mathis est parti le 14\u00a0avril 2021. Pour lui, le tunnel \u00e9tait trop long, il ne voyait plus la lumi\u00e8re. Par votre faute.\u00a0\u00bb Au dernier jour\u00a0<a href=\"http:\/\/www.lefigaro.fr\/actualite-france\/proces-le-scouarnec-a-jonzac-cet-autre-medecin-condamne-pour-des-agressions-sexuelles-sur-des-mineures-20250515\" data-fig-type=\"NewsFlash\" data-gtm-custom-categorie=\"navigation\" data-gtm-custom-action=\"crossclick\" data-gtm-custom-label=\"Contextuel\" data-gtm-event=\"customEventSPE\" data-fig-domain=\"LEFIGARO\" target=\"_blank\" rel=\"noopener\">des auditions des victimes potentielles de Jo\u00ebl Le\u00a0Scouarnec<\/a>, les grands-parents et le p\u00e8re de Mathis expriment enfin toute leur souffrance et toute leur col\u00e8re. Sur la photo projet\u00e9e devant la cour criminelle d\u00e9partementale du Morbihan, qui juge depuis fin f\u00e9vrier<a href=\"http:\/\/www.lefigaro.fr\/actualite-france\/proces-le-scouarnec-a-la-barre-le-sentiment-d-echec-du-medecin-qui-a-tente-de-donner-l-alerte-20250513\" data-fig-type=\"NewsFlash\" data-gtm-custom-categorie=\"navigation\" data-gtm-custom-action=\"crossclick\" data-gtm-custom-label=\"Contextuel\" data-gtm-event=\"customEventSPE\" data-fig-domain=\"LEFIGARO\" target=\"_blank\" rel=\"noopener\">\u00a0l\u2019ancien chirurgien pour agressions sexuelles et viols sur 299\u00a0patients essentiellement mineurs<\/a>, Mathis sourit \u00e0 l\u2019objectif, une main pos\u00e9e sur la joue. Il a 10\u00a0ans, nous sommes en 2007. L\u2019ann\u00e9e o\u00f9 il a \u00e9t\u00e9 hospitalis\u00e9 \u00e0 Quimperl\u00e9 (Finist\u00e8re) et op\u00e9r\u00e9 par Jo\u00ebl Le\u00a0Scouarnec.<\/p>\n<p class=\"fig-paragraph\">Quelques ann\u00e9es plus tard commence la \u00ab\u00a0descente aux enfers\u00a0\u00bb de celui qui \u00e9tait auparavant \u00ab\u00a0un petit gar\u00e7on adorable\u00a0\u00bb. Drogues douces, agressivit\u00e9, tentative de suicide, drogues dures\u2026 La situation s\u2019aggrave lorsque Mathis apprend qu\u2019il figure dans les carnets de Jo\u00ebl Le\u00a0Scouarnec\u2026<\/p>\n<p class=\"fig-premium-paywall__infos\">\n        Cet article est r\u00e9serv\u00e9 aux abonn\u00e9s.        Il vous reste 77% \u00e0 d\u00e9couvrir.\n    <\/p>\n<p>                <img  data- alt=\"Le Figaro\" class=\"fig-img--complete fig-img\"\/><\/p>\n<p class=\"fig-premium-paywall__title\">Vente Flash<\/p>\n<p class=\"fig-premium-paywall__subtitle\">4,99\u20ac par mois pendant 12 mois. Sans engagement.<\/p>\n<p class=\"fig-premium-paywall__connect\">\n                D\u00e9j\u00e0 abonn\u00e9\u00a0?                <a class=\"fig-premium-paywall__connect-link\" href=\"https:\/\/connect.lefigaro.fr\/login?client=horizon_web&amp;type=main&amp;redirect_uri=https%3A%2F%2Fwww.lefigaro.fr%2Factualite-france%2Fvous-l-avez-tue-au-proces-le-scouarnec-l-immense-douleur-des-proches-d-une-victime-disparue-20250516\" data-js-gtm=\"{&quot;customCategorie&quot;: &quot;conversion&quot;, &quot;customAction&quot;: &quot;before_Landing_Connexion_paywall_auto&quot;, &quot;customLabel&quot;: &quot;bGVmaWdhcm8uZnJfXzFmMDMyNDczLWM2M2QtNjUzOC1hODRjLTExNzlhZGNmYmMyOV9fQXJ0aWNsZQ==_\u00abVous l\u2019avez tu\u00e9\u00a0!\u00bb\u00a0: au proc\u00e8s Le Scouarnec, l\u2019immense douleur des proches d\u2019une victime disparue_293&quot;, &quot;customIDSPE&quot;: &quot;bGVmaWdhcm8uZnJfXzFmMDMyNDczLWM2M2QtNjUzOC1hODRjLTExNzlhZGNmYmMyOV9fQXJ0aWNsZQ==&quot;, &quot;event&quot;: &quot;customEventSPE&quot;}\" target=\"_blank\" rel=\"noopener\"><br \/>\n                    Connectez-vous<br \/>\n                <\/a>\n            <\/p>\n","protected":false},"excerpt":{"rendered":"COMPTE RENDU D\u2019AUDIENCE &#8211; Devant la cour criminelle d\u00e9partementale du Morbihan, la famille de Mathis, qui s\u2019est suicid\u00e9&hellip;\n","protected":false},"author":2,"featured_media":105913,"comment_status":"","ping_status":"","sticky":false,"template":"","format":"standard","meta":{"footnotes":""},"categories":[4],"tags":[47,1058,1054,1059,1060,1055,11,1057,118,1011,27,1061,21607,303,12,1974,1062,2694,25,656,104,1056,809],"class_list":{"0":"post-105912","1":"post","2":"type-post","3":"status-publish","4":"format-standard","5":"has-post-thumbnail","7":"category-france","8":"tag-actualite","9":"tag-actualite-education","10":"tag-actualite-france","11":"tag-actualite-justice","12":"tag-actualite-securite","13":"tag-actualite-societe","14":"tag-actualites","15":"tag-education","16":"tag-faits-divers","17":"tag-fr","18":"tag-france","19":"tag-immigration","20":"tag-joel-le-scouarnec","21":"tag-justice","22":"tag-news","23":"tag-pedocriminalite","24":"tag-polemique","25":"tag-proces","26":"tag-republique-francaise","27":"tag-securite","28":"tag-societe","29":"tag-societe-francaise","30":"tag-violence"},"share_on_mastodon":{"url":"https:\/\/pubeurope.com\/@fr\/114520806104634330","error":""},"_links":{"self":[{"href":"https:\/\/www.europesays.com\/fr\/wp-json\/wp\/v2\/posts\/105912","targetHints":{"allow":["GET"]}}],"collection":[{"href":"https:\/\/www.europesays.com\/fr\/wp-json\/wp\/v2\/posts"}],"about":[{"href":"https:\/\/www.europesays.com\/fr\/wp-json\/wp\/v2\/types\/post"}],"author":[{"embeddable":true,"href":"https:\/\/www.europesays.com\/fr\/wp-json\/wp\/v2\/users\/2"}],"replies":[{"embeddable":true,"href":"https:\/\/www.europesays.com\/fr\/wp-json\/wp\/v2\/comments?post=105912"}],"version-history":[{"count":0,"href":"https:\/\/www.europesays.com\/fr\/wp-json\/wp\/v2\/posts\/105912\/revisions"}],"wp:featuredmedia":[{"embeddable":true,"href":"https:\/\/www.europesays.com\/fr\/wp-json\/wp\/v2\/media\/105913"}],"wp:attachment":[{"href":"https:\/\/www.europesays.com\/fr\/wp-json\/wp\/v2\/media?parent=105912"}],"wp:term":[{"taxonomy":"category","embeddable":true,"href":"https:\/\/www.europesays.com\/fr\/wp-json\/wp\/v2\/categories?post=105912"},{"taxonomy":"post_tag","embeddable":true,"href":"https:\/\/www.europesays.com\/fr\/wp-json\/wp\/v2\/tags?post=105912"}],"curies":[{"name":"wp","href":"https:\/\/api.w.org\/{rel}","templated":true}]}}