{"id":105914,"date":"2025-05-17T02:26:10","date_gmt":"2025-05-17T02:26:10","guid":{"rendered":"https:\/\/www.europesays.com\/fr\/105914\/"},"modified":"2025-05-17T02:26:10","modified_gmt":"2025-05-17T02:26:10","slug":"la-statue-de-bernard-tapie-inauguree-devant-le-velodrome-france-olympique-de-marseille","status":"publish","type":"post","link":"https:\/\/www.europesays.com\/fr\/105914\/","title":{"rendered":"La statue de Bernard Tapie inaugur\u00e9e devant le V\u00e9lodrome &#8211; France &#8211; Olympique de Marseille"},"content":{"rendered":"<p>Il \u00e9tait temps.<\/p>\n<p>Bernard Tapie <strong>a d\u00e9sormais sa statue devant le V\u00e9lodrome<\/strong>. Inaugur\u00e9e officiellement ce vendredi 16 mai, <strong>l\u2019\u0153uvre rend hommage \u00e0 l\u2019homme d\u2019affaires pour son travail en tant que pr\u00e9sident, entre 1986 et 1994. <\/strong>La c\u00e9r\u00e9monie s\u2019est d\u00e9roul\u00e9e en pr\u00e9sence du maire Beno\u00eet Payan et d\u2019une partie de la famille du Boss, dont son \u00e9pouse Dominique et leur fils Laurent.<\/p>\n<p>\u00ab\u202f\u00c0 jamais les premiers\u202f\u00bb sur le parvis Bernard Tapie<\/p>\n<p>Chaque \u0153uvre a un nom. Et pour celle-l\u00e0, personne n\u2019est all\u00e9 chercher bien loin. \u00ab\u202f<strong>\u00c0 jamais les premiers\u00a0\u00bb<\/strong>. Rapide, efficace et m\u00e9morable, ces quelques mots rappellent ce que Bernard Tapie laissera \u00e0 l\u2019OM :<strong> une Ligue des champions et des \u00e9motions. <\/strong><\/p>\n<p>En plus de la statue, la municipalit\u00e9 marseillaise a pris la d\u00e9cision de changer le nom du parvis, le nommant <strong>\u00ab\u202fParvis Bernard Tapie\u00a0\u00bb<\/strong>. D\u00e9c\u00e9d\u00e9 en 2021, il ne pourra pas voir cela de ses yeux, <strong>mais sa m\u00e9moire restera \u00e0 jamais devant le stade V\u00e9lodrome.<\/strong><\/p>\n<p>Netflix pourrait ajouter quelques \u00e9pisodes \u00e0 sa s\u00e9rie.<\/p>\n","protected":false},"excerpt":{"rendered":"Il \u00e9tait temps. Bernard Tapie a d\u00e9sormais sa statue devant le V\u00e9lodrome. Inaugur\u00e9e officiellement ce vendredi 16 mai,&hellip;\n","protected":false},"author":2,"featured_media":105915,"comment_status":"","ping_status":"","sticky":false,"template":"","format":"standard","meta":{"footnotes":""},"categories":[2],"tags":[47,11,61,69,65,64,63,1011,27,68,66,12,62,70,67],"class_list":{"0":"post-105914","1":"post","2":"type-post","3":"status-publish","4":"format-standard","5":"has-post-thumbnail","7":"category-actualites","8":"tag-actualite","9":"tag-actualites","10":"tag-actus-football","11":"tag-bundesliga","12":"tag-championnats-europeens","13":"tag-equipe-de-france","14":"tag-football","15":"tag-fr","16":"tag-france","17":"tag-ligua","18":"tag-ligue-1","19":"tag-news","20":"tag-news-foot","21":"tag-premier-league","22":"tag-serie-a"},"share_on_mastodon":{"url":"https:\/\/pubeurope.com\/@fr\/114520809994665351","error":""},"_links":{"self":[{"href":"https:\/\/www.europesays.com\/fr\/wp-json\/wp\/v2\/posts\/105914","targetHints":{"allow":["GET"]}}],"collection":[{"href":"https:\/\/www.europesays.com\/fr\/wp-json\/wp\/v2\/posts"}],"about":[{"href":"https:\/\/www.europesays.com\/fr\/wp-json\/wp\/v2\/types\/post"}],"author":[{"embeddable":true,"href":"https:\/\/www.europesays.com\/fr\/wp-json\/wp\/v2\/users\/2"}],"replies":[{"embeddable":true,"href":"https:\/\/www.europesays.com\/fr\/wp-json\/wp\/v2\/comments?post=105914"}],"version-history":[{"count":0,"href":"https:\/\/www.europesays.com\/fr\/wp-json\/wp\/v2\/posts\/105914\/revisions"}],"wp:featuredmedia":[{"embeddable":true,"href":"https:\/\/www.europesays.com\/fr\/wp-json\/wp\/v2\/media\/105915"}],"wp:attachment":[{"href":"https:\/\/www.europesays.com\/fr\/wp-json\/wp\/v2\/media?parent=105914"}],"wp:term":[{"taxonomy":"category","embeddable":true,"href":"https:\/\/www.europesays.com\/fr\/wp-json\/wp\/v2\/categories?post=105914"},{"taxonomy":"post_tag","embeddable":true,"href":"https:\/\/www.europesays.com\/fr\/wp-json\/wp\/v2\/tags?post=105914"}],"curies":[{"name":"wp","href":"https:\/\/api.w.org\/{rel}","templated":true}]}}